{"id":1184,"date":"2026-04-15T08:54:56","date_gmt":"2026-04-15T06:54:56","guid":{"rendered":"https:\/\/uniwersytetotwarty.us.edu.pl\/usmlodziezy\/?p=1184"},"modified":"2026-04-15T12:32:13","modified_gmt":"2026-04-15T10:32:13","slug":"wyklady-otwarte-14-04-2026-r","status":"publish","type":"post","link":"https:\/\/uniwersytetotwarty.us.edu.pl\/usmlodziezy\/wyklady-otwarte-14-04-2026-r\/","title":{"rendered":"Wyk\u0142ady otwarte 14.04.2026 r."},"content":{"rendered":"\t\t<div data-elementor-type=\"wp-post\" data-elementor-id=\"1184\" class=\"elementor elementor-1184\" data-elementor-post-type=\"post\">\n\t\t\t\t\t\t<section class=\"elementor-section elementor-top-section elementor-element elementor-element-19d8902 elementor-section-boxed elementor-section-height-default elementor-section-height-default\" data-id=\"19d8902\" data-element_type=\"section\" data-e-type=\"section\">\n\t\t\t\t\t\t<div class=\"elementor-container elementor-column-gap-default\">\n\t\t\t\t\t<div class=\"elementor-column elementor-col-100 elementor-top-column elementor-element elementor-element-0b36311\" data-id=\"0b36311\" data-element_type=\"column\" data-e-type=\"column\">\n\t\t\t<div class=\"elementor-widget-wrap elementor-element-populated\">\n\t\t\t\t\t\t<div class=\"elementor-element elementor-element-48988c8 elementor-widget elementor-widget-text-editor\" data-id=\"48988c8\" data-element_type=\"widget\" data-e-type=\"widget\" data-widget_type=\"text-editor.default\">\n\t\t\t\t<div class=\"elementor-widget-container\">\n\t\t\t\t\t\t\t\t\t<p>W dniu<b> 14.04.2026 r.<\/b> w ramach <b>Uniwersytetu \u015al\u0105skiego M\u0142odzie\u017cy<\/b> odby\u0142y si\u0119 dwa emocjonuj\u0105ce wyk\u0142ady dla 7- i 8-klasist\u00f3w.<\/p><p>Pierwszy wyk\u0142ad pt. <em><strong>\u201eCzy ChatGPT ma dusz\u0119?&#8221;<\/strong><\/em> przeprowadzi\u0142a <strong>dr Monika Karwacka.<\/strong><\/p><p>Drugi wyk\u0142ad pt. <em><strong>\u201eDbaj o zdrowie rozumiej\u0105c fizyk\u0119&#8221;<\/strong><\/em> przeprowadzi\u0142<strong> prof. dr hab. Armand Cholewka<\/strong>.<\/p><p>Zach\u0119camy do zapoznania si\u0119 z kr\u00f3tk\u0105 fotorelacj\u0105 z wydarzenia.<\/p>\t\t\t\t\t\t\t\t<\/div>\n\t\t\t\t<\/div>\n\t\t\t\t<div class=\"elementor-element elementor-element-e6046a6 elementor-widget elementor-widget-gallery\" data-id=\"e6046a6\" data-element_type=\"widget\" data-e-type=\"widget\" data-settings=\"{&quot;columns&quot;:&quot;5&quot;,&quot;lazyload&quot;:&quot;yes&quot;,&quot;gallery_layout&quot;:&quot;grid&quot;,&quot;columns_tablet&quot;:2,&quot;columns_mobile&quot;:1,&quot;gap&quot;:{&quot;unit&quot;:&quot;px&quot;,&quot;size&quot;:10,&quot;sizes&quot;:[]},&quot;gap_tablet&quot;:{&quot;unit&quot;:&quot;px&quot;,&quot;size&quot;:10,&quot;sizes&quot;:[]},&quot;gap_mobile&quot;:{&quot;unit&quot;:&quot;px&quot;,&quot;size&quot;:10,&quot;sizes&quot;:[]},&quot;link_to&quot;:&quot;file&quot;,&quot;aspect_ratio&quot;:&quot;3:2&quot;,&quot;overlay_background&quot;:&quot;yes&quot;,&quot;content_hover_animation&quot;:&quot;fade-in&quot;}\" data-widget_type=\"gallery.default\">\n\t\t\t\t<div class=\"elementor-widget-container\">\n\t\t\t\t\t\t\t<div class=\"elementor-gallery__container\">\n\t\t\t\t\t\t\t<a class=\"e-gallery-item elementor-gallery-item elementor-animated-content\" href=\"https:\/\/uniwersytetotwarty.us.edu.pl\/usmlodziezy\/wp-content\/uploads\/sites\/5\/2026\/04\/2026-04-14-Wyklady-otwarte-dla-7-i-8-klasistow-c-Basia-Jendrzejczyk-piszeskladampstrykam.pl-9.jpg\" data-elementor-open-lightbox=\"yes\" data-elementor-lightbox-slideshow=\"e6046a6\" data-elementor-lightbox-title=\"2026 04 14 Wyk\u0142ady otwarte dla 7 i 8-klasist\u00f3w (c) Basia Jendrzejczyk - piszeskladampstrykam.pl-9\" data-e-action-hash=\"#elementor-action%3Aaction%3Dlightbox%26settings%3DeyJpZCI6MTIzNiwidXJsIjoiaHR0cHM6XC9cL3VuaXdlcnN5dGV0b3R3YXJ0eS51cy5lZHUucGxcL3VzbWxvZHppZXp5XC93cC1jb250ZW50XC91cGxvYWRzXC9zaXRlc1wvNVwvMjAyNlwvMDRcLzIwMjYtMDQtMTQtV3lrbGFkeS1vdHdhcnRlLWRsYS03LWktOC1rbGFzaXN0b3ctYy1CYXNpYS1KZW5kcnplamN6eWstcGlzemVza2xhZGFtcHN0cnlrYW0ucGwtOS5qcGciLCJzbGlkZXNob3ciOiJlNjA0NmE2In0%3D\">\n\t\t\t\t\t<div class=\"e-gallery-image elementor-gallery-item__image\" data-thumbnail=\"https:\/\/uniwersytetotwarty.us.edu.pl\/usmlodziezy\/wp-content\/uploads\/sites\/5\/2026\/04\/2026-04-14-Wyklady-otwarte-dla-7-i-8-klasistow-c-Basia-Jendrzejczyk-piszeskladampstrykam.pl-9-300x200.jpg\" data-width=\"300\" data-height=\"200\" aria-label=\"\" role=\"img\" ><\/div>\n\t\t\t\t\t\t\t\t\t\t\t<div class=\"elementor-gallery-item__overlay\"><\/div>\n\t\t\t\t\t\t\t\t\t\t\t\t\t\t<\/a>\n\t\t\t\t\t\t\t<a class=\"e-gallery-item elementor-gallery-item elementor-animated-content\" href=\"https:\/\/uniwersytetotwarty.us.edu.pl\/usmlodziezy\/wp-content\/uploads\/sites\/5\/2026\/04\/2026-04-14-Wyklady-otwarte-dla-7-i-8-klasistow-c-Basia-Jendrzejczyk-piszeskladampstrykam.pl-13.jpg\" data-elementor-open-lightbox=\"yes\" data-elementor-lightbox-slideshow=\"e6046a6\" data-elementor-lightbox-title=\"2026 04 14 Wyk\u0142ady otwarte dla 7 i 8-klasist\u00f3w (c) Basia Jendrzejczyk - piszeskladampstrykam.pl-13\" data-e-action-hash=\"#elementor-action%3Aaction%3Dlightbox%26settings%3DeyJpZCI6MTIzNywidXJsIjoiaHR0cHM6XC9cL3VuaXdlcnN5dGV0b3R3YXJ0eS51cy5lZHUucGxcL3VzbWxvZHppZXp5XC93cC1jb250ZW50XC91cGxvYWRzXC9zaXRlc1wvNVwvMjAyNlwvMDRcLzIwMjYtMDQtMTQtV3lrbGFkeS1vdHdhcnRlLWRsYS03LWktOC1rbGFzaXN0b3ctYy1CYXNpYS1KZW5kcnplamN6eWstcGlzemVza2xhZGFtcHN0cnlrYW0ucGwtMTMuanBnIiwic2xpZGVzaG93IjoiZTYwNDZhNiJ9\">\n\t\t\t\t\t<div class=\"e-gallery-image elementor-gallery-item__image\" data-thumbnail=\"https:\/\/uniwersytetotwarty.us.edu.pl\/usmlodziezy\/wp-content\/uploads\/sites\/5\/2026\/04\/2026-04-14-Wyklady-otwarte-dla-7-i-8-klasistow-c-Basia-Jendrzejczyk-piszeskladampstrykam.pl-13-300x200.jpg\" data-width=\"300\" data-height=\"200\" aria-label=\"\" role=\"img\" ><\/div>\n\t\t\t\t\t\t\t\t\t\t\t<div class=\"elementor-gallery-item__overlay\"><\/div>\n\t\t\t\t\t\t\t\t\t\t\t\t\t\t<\/a>\n\t\t\t\t\t\t\t<a class=\"e-gallery-item elementor-gallery-item elementor-animated-content\" href=\"https:\/\/uniwersytetotwarty.us.edu.pl\/usmlodziezy\/wp-content\/uploads\/sites\/5\/2026\/04\/2026-04-14-Wyklady-otwarte-dla-7-i-8-klasistow-c-Basia-Jendrzejczyk-piszeskladampstrykam.pl-15.jpg\" data-elementor-open-lightbox=\"yes\" data-elementor-lightbox-slideshow=\"e6046a6\" data-elementor-lightbox-title=\"2026 04 14 Wyk\u0142ady otwarte dla 7 i 8-klasist\u00f3w (c) Basia Jendrzejczyk - piszeskladampstrykam.pl-15\" data-e-action-hash=\"#elementor-action%3Aaction%3Dlightbox%26settings%3DeyJpZCI6MTIzOCwidXJsIjoiaHR0cHM6XC9cL3VuaXdlcnN5dGV0b3R3YXJ0eS51cy5lZHUucGxcL3VzbWxvZHppZXp5XC93cC1jb250ZW50XC91cGxvYWRzXC9zaXRlc1wvNVwvMjAyNlwvMDRcLzIwMjYtMDQtMTQtV3lrbGFkeS1vdHdhcnRlLWRsYS03LWktOC1rbGFzaXN0b3ctYy1CYXNpYS1KZW5kcnplamN6eWstcGlzemVza2xhZGFtcHN0cnlrYW0ucGwtMTUuanBnIiwic2xpZGVzaG93IjoiZTYwNDZhNiJ9\">\n\t\t\t\t\t<div class=\"e-gallery-image elementor-gallery-item__image\" data-thumbnail=\"https:\/\/uniwersytetotwarty.us.edu.pl\/usmlodziezy\/wp-content\/uploads\/sites\/5\/2026\/04\/2026-04-14-Wyklady-otwarte-dla-7-i-8-klasistow-c-Basia-Jendrzejczyk-piszeskladampstrykam.pl-15-300x200.jpg\" data-width=\"300\" data-height=\"200\" aria-label=\"\" role=\"img\" ><\/div>\n\t\t\t\t\t\t\t\t\t\t\t<div class=\"elementor-gallery-item__overlay\"><\/div>\n\t\t\t\t\t\t\t\t\t\t\t\t\t\t<\/a>\n\t\t\t\t\t\t\t<a class=\"e-gallery-item elementor-gallery-item elementor-animated-content\" href=\"https:\/\/uniwersytetotwarty.us.edu.pl\/usmlodziezy\/wp-content\/uploads\/sites\/5\/2026\/04\/2026-04-14-Wyklady-otwarte-dla-7-i-8-klasistow-c-Basia-Jendrzejczyk-piszeskladampstrykam.pl-17.jpg\" data-elementor-open-lightbox=\"yes\" data-elementor-lightbox-slideshow=\"e6046a6\" data-elementor-lightbox-title=\"2026 04 14 Wyk\u0142ady otwarte dla 7 i 8-klasist\u00f3w (c) Basia Jendrzejczyk - piszeskladampstrykam.pl-17\" data-e-action-hash=\"#elementor-action%3Aaction%3Dlightbox%26settings%3DeyJpZCI6MTIzOSwidXJsIjoiaHR0cHM6XC9cL3VuaXdlcnN5dGV0b3R3YXJ0eS51cy5lZHUucGxcL3VzbWxvZHppZXp5XC93cC1jb250ZW50XC91cGxvYWRzXC9zaXRlc1wvNVwvMjAyNlwvMDRcLzIwMjYtMDQtMTQtV3lrbGFkeS1vdHdhcnRlLWRsYS03LWktOC1rbGFzaXN0b3ctYy1CYXNpYS1KZW5kcnplamN6eWstcGlzemVza2xhZGFtcHN0cnlrYW0ucGwtMTcuanBnIiwic2xpZGVzaG93IjoiZTYwNDZhNiJ9\">\n\t\t\t\t\t<div class=\"e-gallery-image elementor-gallery-item__image\" data-thumbnail=\"https:\/\/uniwersytetotwarty.us.edu.pl\/usmlodziezy\/wp-content\/uploads\/sites\/5\/2026\/04\/2026-04-14-Wyklady-otwarte-dla-7-i-8-klasistow-c-Basia-Jendrzejczyk-piszeskladampstrykam.pl-17-300x200.jpg\" data-width=\"300\" data-height=\"200\" aria-label=\"\" role=\"img\" ><\/div>\n\t\t\t\t\t\t\t\t\t\t\t<div class=\"elementor-gallery-item__overlay\"><\/div>\n\t\t\t\t\t\t\t\t\t\t\t\t\t\t<\/a>\n\t\t\t\t\t\t\t<a class=\"e-gallery-item elementor-gallery-item elementor-animated-content\" href=\"https:\/\/uniwersytetotwarty.us.edu.pl\/usmlodziezy\/wp-content\/uploads\/sites\/5\/2026\/04\/2026-04-14-Wyklady-otwarte-dla-7-i-8-klasistow-c-Basia-Jendrzejczyk-piszeskladampstrykam.pl-18.jpg\" data-elementor-open-lightbox=\"yes\" data-elementor-lightbox-slideshow=\"e6046a6\" data-elementor-lightbox-title=\"2026 04 14 Wyk\u0142ady otwarte dla 7 i 8-klasist\u00f3w (c) Basia Jendrzejczyk - piszeskladampstrykam.pl-18\" data-e-action-hash=\"#elementor-action%3Aaction%3Dlightbox%26settings%3DeyJpZCI6MTI0MCwidXJsIjoiaHR0cHM6XC9cL3VuaXdlcnN5dGV0b3R3YXJ0eS51cy5lZHUucGxcL3VzbWxvZHppZXp5XC93cC1jb250ZW50XC91cGxvYWRzXC9zaXRlc1wvNVwvMjAyNlwvMDRcLzIwMjYtMDQtMTQtV3lrbGFkeS1vdHdhcnRlLWRsYS03LWktOC1rbGFzaXN0b3ctYy1CYXNpYS1KZW5kcnplamN6eWstcGlzemVza2xhZGFtcHN0cnlrYW0ucGwtMTguanBnIiwic2xpZGVzaG93IjoiZTYwNDZhNiJ9\">\n\t\t\t\t\t<div class=\"e-gallery-image elementor-gallery-item__image\" data-thumbnail=\"https:\/\/uniwersytetotwarty.us.edu.pl\/usmlodziezy\/wp-content\/uploads\/sites\/5\/2026\/04\/2026-04-14-Wyklady-otwarte-dla-7-i-8-klasistow-c-Basia-Jendrzejczyk-piszeskladampstrykam.pl-18-300x200.jpg\" data-width=\"300\" data-height=\"200\" aria-label=\"\" role=\"img\" ><\/div>\n\t\t\t\t\t\t\t\t\t\t\t<div class=\"elementor-gallery-item__overlay\"><\/div>\n\t\t\t\t\t\t\t\t\t\t\t\t\t\t<\/a>\n\t\t\t\t\t\t\t<a class=\"e-gallery-item elementor-gallery-item elementor-animated-content\" href=\"https:\/\/uniwersytetotwarty.us.edu.pl\/usmlodziezy\/wp-content\/uploads\/sites\/5\/2026\/04\/2026-04-14-Wyklady-otwarte-dla-7-i-8-klasistow-c-Basia-Jendrzejczyk-piszeskladampstrykam.pl-19.jpg\" data-elementor-open-lightbox=\"yes\" data-elementor-lightbox-slideshow=\"e6046a6\" data-elementor-lightbox-title=\"2026 04 14 Wyk\u0142ady otwarte dla 7 i 8-klasist\u00f3w (c) Basia Jendrzejczyk - piszeskladampstrykam.pl-19\" data-e-action-hash=\"#elementor-action%3Aaction%3Dlightbox%26settings%3DeyJpZCI6MTI0MSwidXJsIjoiaHR0cHM6XC9cL3VuaXdlcnN5dGV0b3R3YXJ0eS51cy5lZHUucGxcL3VzbWxvZHppZXp5XC93cC1jb250ZW50XC91cGxvYWRzXC9zaXRlc1wvNVwvMjAyNlwvMDRcLzIwMjYtMDQtMTQtV3lrbGFkeS1vdHdhcnRlLWRsYS03LWktOC1rbGFzaXN0b3ctYy1CYXNpYS1KZW5kcnplamN6eWstcGlzemVza2xhZGFtcHN0cnlrYW0ucGwtMTkuanBnIiwic2xpZGVzaG93IjoiZTYwNDZhNiJ9\">\n\t\t\t\t\t<div class=\"e-gallery-image elementor-gallery-item__image\" data-thumbnail=\"https:\/\/uniwersytetotwarty.us.edu.pl\/usmlodziezy\/wp-content\/uploads\/sites\/5\/2026\/04\/2026-04-14-Wyklady-otwarte-dla-7-i-8-klasistow-c-Basia-Jendrzejczyk-piszeskladampstrykam.pl-19-300x200.jpg\" data-width=\"300\" data-height=\"200\" aria-label=\"\" role=\"img\" ><\/div>\n\t\t\t\t\t\t\t\t\t\t\t<div class=\"elementor-gallery-item__overlay\"><\/div>\n\t\t\t\t\t\t\t\t\t\t\t\t\t\t<\/a>\n\t\t\t\t\t\t\t<a class=\"e-gallery-item elementor-gallery-item elementor-animated-content\" href=\"https:\/\/uniwersytetotwarty.us.edu.pl\/usmlodziezy\/wp-content\/uploads\/sites\/5\/2026\/04\/2026-04-14-Wyklady-otwarte-dla-7-i-8-klasistow-c-Basia-Jendrzejczyk-piszeskladampstrykam.pl-23.jpg\" data-elementor-open-lightbox=\"yes\" data-elementor-lightbox-slideshow=\"e6046a6\" data-elementor-lightbox-title=\"2026 04 14 Wyk\u0142ady otwarte dla 7 i 8-klasist\u00f3w (c) Basia Jendrzejczyk - piszeskladampstrykam.pl-23\" data-e-action-hash=\"#elementor-action%3Aaction%3Dlightbox%26settings%3DeyJpZCI6MTI0MiwidXJsIjoiaHR0cHM6XC9cL3VuaXdlcnN5dGV0b3R3YXJ0eS51cy5lZHUucGxcL3VzbWxvZHppZXp5XC93cC1jb250ZW50XC91cGxvYWRzXC9zaXRlc1wvNVwvMjAyNlwvMDRcLzIwMjYtMDQtMTQtV3lrbGFkeS1vdHdhcnRlLWRsYS03LWktOC1rbGFzaXN0b3ctYy1CYXNpYS1KZW5kcnplamN6eWstcGlzemVza2xhZGFtcHN0cnlrYW0ucGwtMjMuanBnIiwic2xpZGVzaG93IjoiZTYwNDZhNiJ9\">\n\t\t\t\t\t<div class=\"e-gallery-image elementor-gallery-item__image\" data-thumbnail=\"https:\/\/uniwersytetotwarty.us.edu.pl\/usmlodziezy\/wp-content\/uploads\/sites\/5\/2026\/04\/2026-04-14-Wyklady-otwarte-dla-7-i-8-klasistow-c-Basia-Jendrzejczyk-piszeskladampstrykam.pl-23-300x200.jpg\" data-width=\"300\" data-height=\"200\" aria-label=\"\" role=\"img\" ><\/div>\n\t\t\t\t\t\t\t\t\t\t\t<div class=\"elementor-gallery-item__overlay\"><\/div>\n\t\t\t\t\t\t\t\t\t\t\t\t\t\t<\/a>\n\t\t\t\t\t\t\t<a class=\"e-gallery-item elementor-gallery-item elementor-animated-content\" href=\"https:\/\/uniwersytetotwarty.us.edu.pl\/usmlodziezy\/wp-content\/uploads\/sites\/5\/2026\/04\/2026-04-14-Wyklady-otwarte-dla-7-i-8-klasistow-c-Basia-Jendrzejczyk-piszeskladampstrykam.pl-31.jpg\" data-elementor-open-lightbox=\"yes\" data-elementor-lightbox-slideshow=\"e6046a6\" data-elementor-lightbox-title=\"2026 04 14 Wyk\u0142ady otwarte dla 7 i 8-klasist\u00f3w (c) Basia Jendrzejczyk - piszeskladampstrykam.pl-31\" data-e-action-hash=\"#elementor-action%3Aaction%3Dlightbox%26settings%3DeyJpZCI6MTI0MywidXJsIjoiaHR0cHM6XC9cL3VuaXdlcnN5dGV0b3R3YXJ0eS51cy5lZHUucGxcL3VzbWxvZHppZXp5XC93cC1jb250ZW50XC91cGxvYWRzXC9zaXRlc1wvNVwvMjAyNlwvMDRcLzIwMjYtMDQtMTQtV3lrbGFkeS1vdHdhcnRlLWRsYS03LWktOC1rbGFzaXN0b3ctYy1CYXNpYS1KZW5kcnplamN6eWstcGlzemVza2xhZGFtcHN0cnlrYW0ucGwtMzEuanBnIiwic2xpZGVzaG93IjoiZTYwNDZhNiJ9\">\n\t\t\t\t\t<div class=\"e-gallery-image elementor-gallery-item__image\" data-thumbnail=\"https:\/\/uniwersytetotwarty.us.edu.pl\/usmlodziezy\/wp-content\/uploads\/sites\/5\/2026\/04\/2026-04-14-Wyklady-otwarte-dla-7-i-8-klasistow-c-Basia-Jendrzejczyk-piszeskladampstrykam.pl-31-300x200.jpg\" data-width=\"300\" data-height=\"200\" aria-label=\"\" role=\"img\" ><\/div>\n\t\t\t\t\t\t\t\t\t\t\t<div class=\"elementor-gallery-item__overlay\"><\/div>\n\t\t\t\t\t\t\t\t\t\t\t\t\t\t<\/a>\n\t\t\t\t\t\t\t<a class=\"e-gallery-item elementor-gallery-item elementor-animated-content\" href=\"https:\/\/uniwersytetotwarty.us.edu.pl\/usmlodziezy\/wp-content\/uploads\/sites\/5\/2026\/04\/2026-04-14-Wyklady-otwarte-dla-7-i-8-klasistow-c-Basia-Jendrzejczyk-piszeskladampstrykam.pl-32.jpg\" data-elementor-open-lightbox=\"yes\" data-elementor-lightbox-slideshow=\"e6046a6\" data-elementor-lightbox-title=\"2026 04 14 Wyk\u0142ady otwarte dla 7 i 8-klasist\u00f3w (c) Basia Jendrzejczyk - piszeskladampstrykam.pl-32\" data-e-action-hash=\"#elementor-action%3Aaction%3Dlightbox%26settings%3DeyJpZCI6MTI0NCwidXJsIjoiaHR0cHM6XC9cL3VuaXdlcnN5dGV0b3R3YXJ0eS51cy5lZHUucGxcL3VzbWxvZHppZXp5XC93cC1jb250ZW50XC91cGxvYWRzXC9zaXRlc1wvNVwvMjAyNlwvMDRcLzIwMjYtMDQtMTQtV3lrbGFkeS1vdHdhcnRlLWRsYS03LWktOC1rbGFzaXN0b3ctYy1CYXNpYS1KZW5kcnplamN6eWstcGlzemVza2xhZGFtcHN0cnlrYW0ucGwtMzIuanBnIiwic2xpZGVzaG93IjoiZTYwNDZhNiJ9\">\n\t\t\t\t\t<div class=\"e-gallery-image elementor-gallery-item__image\" data-thumbnail=\"https:\/\/uniwersytetotwarty.us.edu.pl\/usmlodziezy\/wp-content\/uploads\/sites\/5\/2026\/04\/2026-04-14-Wyklady-otwarte-dla-7-i-8-klasistow-c-Basia-Jendrzejczyk-piszeskladampstrykam.pl-32-300x200.jpg\" data-width=\"300\" data-height=\"200\" aria-label=\"\" role=\"img\" ><\/div>\n\t\t\t\t\t\t\t\t\t\t\t<div class=\"elementor-gallery-item__overlay\"><\/div>\n\t\t\t\t\t\t\t\t\t\t\t\t\t\t<\/a>\n\t\t\t\t\t\t\t<a class=\"e-gallery-item elementor-gallery-item elementor-animated-content\" href=\"https:\/\/uniwersytetotwarty.us.edu.pl\/usmlodziezy\/wp-content\/uploads\/sites\/5\/2026\/04\/2026-04-14-Wyklady-otwarte-dla-7-i-8-klasistow-c-Basia-Jendrzejczyk-piszeskladampstrykam.pl-35.jpg\" data-elementor-open-lightbox=\"yes\" data-elementor-lightbox-slideshow=\"e6046a6\" data-elementor-lightbox-title=\"2026 04 14 Wyk\u0142ady otwarte dla 7 i 8-klasist\u00f3w (c) Basia Jendrzejczyk - piszeskladampstrykam.pl-35\" data-e-action-hash=\"#elementor-action%3Aaction%3Dlightbox%26settings%3DeyJpZCI6MTI0NSwidXJsIjoiaHR0cHM6XC9cL3VuaXdlcnN5dGV0b3R3YXJ0eS51cy5lZHUucGxcL3VzbWxvZHppZXp5XC93cC1jb250ZW50XC91cGxvYWRzXC9zaXRlc1wvNVwvMjAyNlwvMDRcLzIwMjYtMDQtMTQtV3lrbGFkeS1vdHdhcnRlLWRsYS03LWktOC1rbGFzaXN0b3ctYy1CYXNpYS1KZW5kcnplamN6eWstcGlzemVza2xhZGFtcHN0cnlrYW0ucGwtMzUuanBnIiwic2xpZGVzaG93IjoiZTYwNDZhNiJ9\">\n\t\t\t\t\t<div class=\"e-gallery-image elementor-gallery-item__image\" data-thumbnail=\"https:\/\/uniwersytetotwarty.us.edu.pl\/usmlodziezy\/wp-content\/uploads\/sites\/5\/2026\/04\/2026-04-14-Wyklady-otwarte-dla-7-i-8-klasistow-c-Basia-Jendrzejczyk-piszeskladampstrykam.pl-35-300x200.jpg\" data-width=\"300\" data-height=\"200\" aria-label=\"\" role=\"img\" ><\/div>\n\t\t\t\t\t\t\t\t\t\t\t<div class=\"elementor-gallery-item__overlay\"><\/div>\n\t\t\t\t\t\t\t\t\t\t\t\t\t\t<\/a>\n\t\t\t\t\t\t\t<a class=\"e-gallery-item elementor-gallery-item elementor-animated-content\" href=\"https:\/\/uniwersytetotwarty.us.edu.pl\/usmlodziezy\/wp-content\/uploads\/sites\/5\/2026\/04\/2026-04-14-Wyklady-otwarte-dla-7-i-8-klasistow-c-Basia-Jendrzejczyk-piszeskladampstrykam.pl-36.jpg\" data-elementor-open-lightbox=\"yes\" data-elementor-lightbox-slideshow=\"e6046a6\" data-elementor-lightbox-title=\"2026 04 14 Wyk\u0142ady otwarte dla 7 i 8-klasist\u00f3w (c) Basia Jendrzejczyk - piszeskladampstrykam.pl-36\" data-e-action-hash=\"#elementor-action%3Aaction%3Dlightbox%26settings%3DeyJpZCI6MTI0NiwidXJsIjoiaHR0cHM6XC9cL3VuaXdlcnN5dGV0b3R3YXJ0eS51cy5lZHUucGxcL3VzbWxvZHppZXp5XC93cC1jb250ZW50XC91cGxvYWRzXC9zaXRlc1wvNVwvMjAyNlwvMDRcLzIwMjYtMDQtMTQtV3lrbGFkeS1vdHdhcnRlLWRsYS03LWktOC1rbGFzaXN0b3ctYy1CYXNpYS1KZW5kcnplamN6eWstcGlzemVza2xhZGFtcHN0cnlrYW0ucGwtMzYuanBnIiwic2xpZGVzaG93IjoiZTYwNDZhNiJ9\">\n\t\t\t\t\t<div class=\"e-gallery-image elementor-gallery-item__image\" data-thumbnail=\"https:\/\/uniwersytetotwarty.us.edu.pl\/usmlodziezy\/wp-content\/uploads\/sites\/5\/2026\/04\/2026-04-14-Wyklady-otwarte-dla-7-i-8-klasistow-c-Basia-Jendrzejczyk-piszeskladampstrykam.pl-36-300x200.jpg\" data-width=\"300\" data-height=\"200\" aria-label=\"\" role=\"img\" ><\/div>\n\t\t\t\t\t\t\t\t\t\t\t<div class=\"elementor-gallery-item__overlay\"><\/div>\n\t\t\t\t\t\t\t\t\t\t\t\t\t\t<\/a>\n\t\t\t\t\t\t\t<a class=\"e-gallery-item elementor-gallery-item elementor-animated-content\" href=\"https:\/\/uniwersytetotwarty.us.edu.pl\/usmlodziezy\/wp-content\/uploads\/sites\/5\/2026\/04\/2026-04-14-Wyklady-otwarte-dla-7-i-8-klasistow-c-Basia-Jendrzejczyk-piszeskladampstrykam.pl-37.jpg\" data-elementor-open-lightbox=\"yes\" data-elementor-lightbox-slideshow=\"e6046a6\" data-elementor-lightbox-title=\"2026 04 14 Wyk\u0142ady otwarte dla 7 i 8-klasist\u00f3w (c) Basia Jendrzejczyk - piszeskladampstrykam.pl-37\" data-e-action-hash=\"#elementor-action%3Aaction%3Dlightbox%26settings%3DeyJpZCI6MTI0NywidXJsIjoiaHR0cHM6XC9cL3VuaXdlcnN5dGV0b3R3YXJ0eS51cy5lZHUucGxcL3VzbWxvZHppZXp5XC93cC1jb250ZW50XC91cGxvYWRzXC9zaXRlc1wvNVwvMjAyNlwvMDRcLzIwMjYtMDQtMTQtV3lrbGFkeS1vdHdhcnRlLWRsYS03LWktOC1rbGFzaXN0b3ctYy1CYXNpYS1KZW5kcnplamN6eWstcGlzemVza2xhZGFtcHN0cnlrYW0ucGwtMzcuanBnIiwic2xpZGVzaG93IjoiZTYwNDZhNiJ9\">\n\t\t\t\t\t<div class=\"e-gallery-image elementor-gallery-item__image\" data-thumbnail=\"https:\/\/uniwersytetotwarty.us.edu.pl\/usmlodziezy\/wp-content\/uploads\/sites\/5\/2026\/04\/2026-04-14-Wyklady-otwarte-dla-7-i-8-klasistow-c-Basia-Jendrzejczyk-piszeskladampstrykam.pl-37-300x200.jpg\" data-width=\"300\" data-height=\"200\" aria-label=\"\" role=\"img\" ><\/div>\n\t\t\t\t\t\t\t\t\t\t\t<div class=\"elementor-gallery-item__overlay\"><\/div>\n\t\t\t\t\t\t\t\t\t\t\t\t\t\t<\/a>\n\t\t\t\t\t\t\t<a class=\"e-gallery-item elementor-gallery-item elementor-animated-content\" href=\"https:\/\/uniwersytetotwarty.us.edu.pl\/usmlodziezy\/wp-content\/uploads\/sites\/5\/2026\/04\/2026-04-14-Wyklady-otwarte-dla-7-i-8-klasistow-c-Basia-Jendrzejczyk-piszeskladampstrykam.pl-39.jpg\" data-elementor-open-lightbox=\"yes\" data-elementor-lightbox-slideshow=\"e6046a6\" data-elementor-lightbox-title=\"2026 04 14 Wyk\u0142ady otwarte dla 7 i 8-klasist\u00f3w (c) Basia Jendrzejczyk - piszeskladampstrykam.pl-39\" data-e-action-hash=\"#elementor-action%3Aaction%3Dlightbox%26settings%3DeyJpZCI6MTI0OCwidXJsIjoiaHR0cHM6XC9cL3VuaXdlcnN5dGV0b3R3YXJ0eS51cy5lZHUucGxcL3VzbWxvZHppZXp5XC93cC1jb250ZW50XC91cGxvYWRzXC9zaXRlc1wvNVwvMjAyNlwvMDRcLzIwMjYtMDQtMTQtV3lrbGFkeS1vdHdhcnRlLWRsYS03LWktOC1rbGFzaXN0b3ctYy1CYXNpYS1KZW5kcnplamN6eWstcGlzemVza2xhZGFtcHN0cnlrYW0ucGwtMzkuanBnIiwic2xpZGVzaG93IjoiZTYwNDZhNiJ9\">\n\t\t\t\t\t<div class=\"e-gallery-image elementor-gallery-item__image\" data-thumbnail=\"https:\/\/uniwersytetotwarty.us.edu.pl\/usmlodziezy\/wp-content\/uploads\/sites\/5\/2026\/04\/2026-04-14-Wyklady-otwarte-dla-7-i-8-klasistow-c-Basia-Jendrzejczyk-piszeskladampstrykam.pl-39-300x200.jpg\" data-width=\"300\" data-height=\"200\" aria-label=\"\" role=\"img\" ><\/div>\n\t\t\t\t\t\t\t\t\t\t\t<div class=\"elementor-gallery-item__overlay\"><\/div>\n\t\t\t\t\t\t\t\t\t\t\t\t\t\t<\/a>\n\t\t\t\t\t\t\t<a class=\"e-gallery-item elementor-gallery-item elementor-animated-content\" href=\"https:\/\/uniwersytetotwarty.us.edu.pl\/usmlodziezy\/wp-content\/uploads\/sites\/5\/2026\/04\/2026-04-14-Wyklady-otwarte-dla-7-i-8-klasistow-c-Basia-Jendrzejczyk-piszeskladampstrykam.pl-42.jpg\" data-elementor-open-lightbox=\"yes\" data-elementor-lightbox-slideshow=\"e6046a6\" data-elementor-lightbox-title=\"2026 04 14 Wyk\u0142ady otwarte dla 7 i 8-klasist\u00f3w (c) Basia Jendrzejczyk - piszeskladampstrykam.pl-42\" data-e-action-hash=\"#elementor-action%3Aaction%3Dlightbox%26settings%3DeyJpZCI6MTI0OSwidXJsIjoiaHR0cHM6XC9cL3VuaXdlcnN5dGV0b3R3YXJ0eS51cy5lZHUucGxcL3VzbWxvZHppZXp5XC93cC1jb250ZW50XC91cGxvYWRzXC9zaXRlc1wvNVwvMjAyNlwvMDRcLzIwMjYtMDQtMTQtV3lrbGFkeS1vdHdhcnRlLWRsYS03LWktOC1rbGFzaXN0b3ctYy1CYXNpYS1KZW5kcnplamN6eWstcGlzemVza2xhZGFtcHN0cnlrYW0ucGwtNDIuanBnIiwic2xpZGVzaG93IjoiZTYwNDZhNiJ9\">\n\t\t\t\t\t<div class=\"e-gallery-image elementor-gallery-item__image\" data-thumbnail=\"https:\/\/uniwersytetotwarty.us.edu.pl\/usmlodziezy\/wp-content\/uploads\/sites\/5\/2026\/04\/2026-04-14-Wyklady-otwarte-dla-7-i-8-klasistow-c-Basia-Jendrzejczyk-piszeskladampstrykam.pl-42-300x200.jpg\" data-width=\"300\" data-height=\"200\" aria-label=\"\" role=\"img\" ><\/div>\n\t\t\t\t\t\t\t\t\t\t\t<div class=\"elementor-gallery-item__overlay\"><\/div>\n\t\t\t\t\t\t\t\t\t\t\t\t\t\t<\/a>\n\t\t\t\t\t\t\t<a class=\"e-gallery-item elementor-gallery-item elementor-animated-content\" href=\"https:\/\/uniwersytetotwarty.us.edu.pl\/usmlodziezy\/wp-content\/uploads\/sites\/5\/2026\/04\/2026-04-14-Wyklady-otwarte-dla-7-i-8-klasistow-c-Basia-Jendrzejczyk-piszeskladampstrykam.pl-43.jpg\" data-elementor-open-lightbox=\"yes\" data-elementor-lightbox-slideshow=\"e6046a6\" data-elementor-lightbox-title=\"2026 04 14 Wyk\u0142ady otwarte dla 7 i 8-klasist\u00f3w (c) Basia Jendrzejczyk - piszeskladampstrykam.pl-43\" data-e-action-hash=\"#elementor-action%3Aaction%3Dlightbox%26settings%3DeyJpZCI6MTI1MCwidXJsIjoiaHR0cHM6XC9cL3VuaXdlcnN5dGV0b3R3YXJ0eS51cy5lZHUucGxcL3VzbWxvZHppZXp5XC93cC1jb250ZW50XC91cGxvYWRzXC9zaXRlc1wvNVwvMjAyNlwvMDRcLzIwMjYtMDQtMTQtV3lrbGFkeS1vdHdhcnRlLWRsYS03LWktOC1rbGFzaXN0b3ctYy1CYXNpYS1KZW5kcnplamN6eWstcGlzemVza2xhZGFtcHN0cnlrYW0ucGwtNDMuanBnIiwic2xpZGVzaG93IjoiZTYwNDZhNiJ9\">\n\t\t\t\t\t<div class=\"e-gallery-image elementor-gallery-item__image\" data-thumbnail=\"https:\/\/uniwersytetotwarty.us.edu.pl\/usmlodziezy\/wp-content\/uploads\/sites\/5\/2026\/04\/2026-04-14-Wyklady-otwarte-dla-7-i-8-klasistow-c-Basia-Jendrzejczyk-piszeskladampstrykam.pl-43-300x200.jpg\" data-width=\"300\" data-height=\"200\" aria-label=\"\" role=\"img\" ><\/div>\n\t\t\t\t\t\t\t\t\t\t\t<div class=\"elementor-gallery-item__overlay\"><\/div>\n\t\t\t\t\t\t\t\t\t\t\t\t\t\t<\/a>\n\t\t\t\t\t\t\t<a class=\"e-gallery-item elementor-gallery-item elementor-animated-content\" href=\"https:\/\/uniwersytetotwarty.us.edu.pl\/usmlodziezy\/wp-content\/uploads\/sites\/5\/2026\/04\/2026-04-14-Wyklady-otwarte-dla-7-i-8-klasistow-c-Basia-Jendrzejczyk-piszeskladampstrykam.pl-44.jpg\" data-elementor-open-lightbox=\"yes\" data-elementor-lightbox-slideshow=\"e6046a6\" data-elementor-lightbox-title=\"2026 04 14 Wyk\u0142ady otwarte dla 7 i 8-klasist\u00f3w (c) Basia Jendrzejczyk - piszeskladampstrykam.pl-44\" data-e-action-hash=\"#elementor-action%3Aaction%3Dlightbox%26settings%3DeyJpZCI6MTI1MSwidXJsIjoiaHR0cHM6XC9cL3VuaXdlcnN5dGV0b3R3YXJ0eS51cy5lZHUucGxcL3VzbWxvZHppZXp5XC93cC1jb250ZW50XC91cGxvYWRzXC9zaXRlc1wvNVwvMjAyNlwvMDRcLzIwMjYtMDQtMTQtV3lrbGFkeS1vdHdhcnRlLWRsYS03LWktOC1rbGFzaXN0b3ctYy1CYXNpYS1KZW5kcnplamN6eWstcGlzemVza2xhZGFtcHN0cnlrYW0ucGwtNDQuanBnIiwic2xpZGVzaG93IjoiZTYwNDZhNiJ9\">\n\t\t\t\t\t<div class=\"e-gallery-image elementor-gallery-item__image\" data-thumbnail=\"https:\/\/uniwersytetotwarty.us.edu.pl\/usmlodziezy\/wp-content\/uploads\/sites\/5\/2026\/04\/2026-04-14-Wyklady-otwarte-dla-7-i-8-klasistow-c-Basia-Jendrzejczyk-piszeskladampstrykam.pl-44-300x200.jpg\" data-width=\"300\" data-height=\"200\" aria-label=\"\" role=\"img\" ><\/div>\n\t\t\t\t\t\t\t\t\t\t\t<div class=\"elementor-gallery-item__overlay\"><\/div>\n\t\t\t\t\t\t\t\t\t\t\t\t\t\t<\/a>\n\t\t\t\t\t\t\t<a class=\"e-gallery-item elementor-gallery-item elementor-animated-content\" href=\"https:\/\/uniwersytetotwarty.us.edu.pl\/usmlodziezy\/wp-content\/uploads\/sites\/5\/2026\/04\/2026-04-14-Wyklady-otwarte-dla-7-i-8-klasistow-c-Basia-Jendrzejczyk-piszeskladampstrykam.pl-46.jpg\" data-elementor-open-lightbox=\"yes\" data-elementor-lightbox-slideshow=\"e6046a6\" data-elementor-lightbox-title=\"2026 04 14 Wyk\u0142ady otwarte dla 7 i 8-klasist\u00f3w (c) Basia Jendrzejczyk - piszeskladampstrykam.pl-46\" data-e-action-hash=\"#elementor-action%3Aaction%3Dlightbox%26settings%3DeyJpZCI6MTI1MiwidXJsIjoiaHR0cHM6XC9cL3VuaXdlcnN5dGV0b3R3YXJ0eS51cy5lZHUucGxcL3VzbWxvZHppZXp5XC93cC1jb250ZW50XC91cGxvYWRzXC9zaXRlc1wvNVwvMjAyNlwvMDRcLzIwMjYtMDQtMTQtV3lrbGFkeS1vdHdhcnRlLWRsYS03LWktOC1rbGFzaXN0b3ctYy1CYXNpYS1KZW5kcnplamN6eWstcGlzemVza2xhZGFtcHN0cnlrYW0ucGwtNDYuanBnIiwic2xpZGVzaG93IjoiZTYwNDZhNiJ9\">\n\t\t\t\t\t<div class=\"e-gallery-image elementor-gallery-item__image\" data-thumbnail=\"https:\/\/uniwersytetotwarty.us.edu.pl\/usmlodziezy\/wp-content\/uploads\/sites\/5\/2026\/04\/2026-04-14-Wyklady-otwarte-dla-7-i-8-klasistow-c-Basia-Jendrzejczyk-piszeskladampstrykam.pl-46-300x200.jpg\" data-width=\"300\" data-height=\"200\" aria-label=\"\" role=\"img\" ><\/div>\n\t\t\t\t\t\t\t\t\t\t\t<div class=\"elementor-gallery-item__overlay\"><\/div>\n\t\t\t\t\t\t\t\t\t\t\t\t\t\t<\/a>\n\t\t\t\t\t\t\t<a class=\"e-gallery-item elementor-gallery-item elementor-animated-content\" href=\"https:\/\/uniwersytetotwarty.us.edu.pl\/usmlodziezy\/wp-content\/uploads\/sites\/5\/2026\/04\/2026-04-14-Wyklady-otwarte-dla-7-i-8-klasistow-c-Basia-Jendrzejczyk-piszeskladampstrykam.pl-47.jpg\" data-elementor-open-lightbox=\"yes\" data-elementor-lightbox-slideshow=\"e6046a6\" data-elementor-lightbox-title=\"2026 04 14 Wyk\u0142ady otwarte dla 7 i 8-klasist\u00f3w (c) Basia Jendrzejczyk - piszeskladampstrykam.pl-47\" data-e-action-hash=\"#elementor-action%3Aaction%3Dlightbox%26settings%3DeyJpZCI6MTI1MywidXJsIjoiaHR0cHM6XC9cL3VuaXdlcnN5dGV0b3R3YXJ0eS51cy5lZHUucGxcL3VzbWxvZHppZXp5XC93cC1jb250ZW50XC91cGxvYWRzXC9zaXRlc1wvNVwvMjAyNlwvMDRcLzIwMjYtMDQtMTQtV3lrbGFkeS1vdHdhcnRlLWRsYS03LWktOC1rbGFzaXN0b3ctYy1CYXNpYS1KZW5kcnplamN6eWstcGlzemVza2xhZGFtcHN0cnlrYW0ucGwtNDcuanBnIiwic2xpZGVzaG93IjoiZTYwNDZhNiJ9\">\n\t\t\t\t\t<div class=\"e-gallery-image elementor-gallery-item__image\" data-thumbnail=\"https:\/\/uniwersytetotwarty.us.edu.pl\/usmlodziezy\/wp-content\/uploads\/sites\/5\/2026\/04\/2026-04-14-Wyklady-otwarte-dla-7-i-8-klasistow-c-Basia-Jendrzejczyk-piszeskladampstrykam.pl-47-300x200.jpg\" data-width=\"300\" data-height=\"200\" aria-label=\"\" role=\"img\" ><\/div>\n\t\t\t\t\t\t\t\t\t\t\t<div class=\"elementor-gallery-item__overlay\"><\/div>\n\t\t\t\t\t\t\t\t\t\t\t\t\t\t<\/a>\n\t\t\t\t\t\t\t<a class=\"e-gallery-item elementor-gallery-item elementor-animated-content\" href=\"https:\/\/uniwersytetotwarty.us.edu.pl\/usmlodziezy\/wp-content\/uploads\/sites\/5\/2026\/04\/2026-04-14-Wyklady-otwarte-dla-7-i-8-klasistow-c-Basia-Jendrzejczyk-piszeskladampstrykam.pl-1.jpg\" data-elementor-open-lightbox=\"yes\" data-elementor-lightbox-slideshow=\"e6046a6\" data-elementor-lightbox-title=\"2026 04 14 Wyk\u0142ady otwarte dla 7 i 8-klasist\u00f3w (c) Basia Jendrzejczyk - piszeskladampstrykam.pl-1\" data-e-action-hash=\"#elementor-action%3Aaction%3Dlightbox%26settings%3DeyJpZCI6MTI1NCwidXJsIjoiaHR0cHM6XC9cL3VuaXdlcnN5dGV0b3R3YXJ0eS51cy5lZHUucGxcL3VzbWxvZHppZXp5XC93cC1jb250ZW50XC91cGxvYWRzXC9zaXRlc1wvNVwvMjAyNlwvMDRcLzIwMjYtMDQtMTQtV3lrbGFkeS1vdHdhcnRlLWRsYS03LWktOC1rbGFzaXN0b3ctYy1CYXNpYS1KZW5kcnplamN6eWstcGlzemVza2xhZGFtcHN0cnlrYW0ucGwtMS5qcGciLCJzbGlkZXNob3ciOiJlNjA0NmE2In0%3D\">\n\t\t\t\t\t<div class=\"e-gallery-image elementor-gallery-item__image\" data-thumbnail=\"https:\/\/uniwersytetotwarty.us.edu.pl\/usmlodziezy\/wp-content\/uploads\/sites\/5\/2026\/04\/2026-04-14-Wyklady-otwarte-dla-7-i-8-klasistow-c-Basia-Jendrzejczyk-piszeskladampstrykam.pl-1-300x200.jpg\" data-width=\"300\" data-height=\"200\" aria-label=\"\" role=\"img\" ><\/div>\n\t\t\t\t\t\t\t\t\t\t\t<div class=\"elementor-gallery-item__overlay\"><\/div>\n\t\t\t\t\t\t\t\t\t\t\t\t\t\t<\/a>\n\t\t\t\t\t\t\t<a class=\"e-gallery-item elementor-gallery-item elementor-animated-content\" href=\"https:\/\/uniwersytetotwarty.us.edu.pl\/usmlodziezy\/wp-content\/uploads\/sites\/5\/2026\/04\/2026-04-14-Wyklady-otwarte-dla-7-i-8-klasistow-c-Basia-Jendrzejczyk-piszeskladampstrykam.pl-2.jpg\" data-elementor-open-lightbox=\"yes\" data-elementor-lightbox-slideshow=\"e6046a6\" data-elementor-lightbox-title=\"2026 04 14 Wyk\u0142ady otwarte dla 7 i 8-klasist\u00f3w (c) Basia Jendrzejczyk - piszeskladampstrykam.pl-2\" data-e-action-hash=\"#elementor-action%3Aaction%3Dlightbox%26settings%3DeyJpZCI6MTI1NSwidXJsIjoiaHR0cHM6XC9cL3VuaXdlcnN5dGV0b3R3YXJ0eS51cy5lZHUucGxcL3VzbWxvZHppZXp5XC93cC1jb250ZW50XC91cGxvYWRzXC9zaXRlc1wvNVwvMjAyNlwvMDRcLzIwMjYtMDQtMTQtV3lrbGFkeS1vdHdhcnRlLWRsYS03LWktOC1rbGFzaXN0b3ctYy1CYXNpYS1KZW5kcnplamN6eWstcGlzemVza2xhZGFtcHN0cnlrYW0ucGwtMi5qcGciLCJzbGlkZXNob3ciOiJlNjA0NmE2In0%3D\">\n\t\t\t\t\t<div class=\"e-gallery-image elementor-gallery-item__image\" data-thumbnail=\"https:\/\/uniwersytetotwarty.us.edu.pl\/usmlodziezy\/wp-content\/uploads\/sites\/5\/2026\/04\/2026-04-14-Wyklady-otwarte-dla-7-i-8-klasistow-c-Basia-Jendrzejczyk-piszeskladampstrykam.pl-2-300x200.jpg\" data-width=\"300\" data-height=\"200\" aria-label=\"\" role=\"img\" ><\/div>\n\t\t\t\t\t\t\t\t\t\t\t<div class=\"elementor-gallery-item__overlay\"><\/div>\n\t\t\t\t\t\t\t\t\t\t\t\t\t\t<\/a>\n\t\t\t\t\t\t\t<a class=\"e-gallery-item elementor-gallery-item elementor-animated-content\" href=\"https:\/\/uniwersytetotwarty.us.edu.pl\/usmlodziezy\/wp-content\/uploads\/sites\/5\/2026\/04\/2026-04-14-Wyklady-otwarte-dla-7-i-8-klasistow-c-Basia-Jendrzejczyk-piszeskladampstrykam.pl-3.jpg\" data-elementor-open-lightbox=\"yes\" data-elementor-lightbox-slideshow=\"e6046a6\" data-elementor-lightbox-title=\"2026 04 14 Wyk\u0142ady otwarte dla 7 i 8-klasist\u00f3w (c) Basia Jendrzejczyk - piszeskladampstrykam.pl-3\" data-e-action-hash=\"#elementor-action%3Aaction%3Dlightbox%26settings%3DeyJpZCI6MTI1NiwidXJsIjoiaHR0cHM6XC9cL3VuaXdlcnN5dGV0b3R3YXJ0eS51cy5lZHUucGxcL3VzbWxvZHppZXp5XC93cC1jb250ZW50XC91cGxvYWRzXC9zaXRlc1wvNVwvMjAyNlwvMDRcLzIwMjYtMDQtMTQtV3lrbGFkeS1vdHdhcnRlLWRsYS03LWktOC1rbGFzaXN0b3ctYy1CYXNpYS1KZW5kcnplamN6eWstcGlzemVza2xhZGFtcHN0cnlrYW0ucGwtMy5qcGciLCJzbGlkZXNob3ciOiJlNjA0NmE2In0%3D\">\n\t\t\t\t\t<div class=\"e-gallery-image elementor-gallery-item__image\" data-thumbnail=\"https:\/\/uniwersytetotwarty.us.edu.pl\/usmlodziezy\/wp-content\/uploads\/sites\/5\/2026\/04\/2026-04-14-Wyklady-otwarte-dla-7-i-8-klasistow-c-Basia-Jendrzejczyk-piszeskladampstrykam.pl-3-300x200.jpg\" data-width=\"300\" data-height=\"200\" aria-label=\"\" role=\"img\" ><\/div>\n\t\t\t\t\t\t\t\t\t\t\t<div class=\"elementor-gallery-item__overlay\"><\/div>\n\t\t\t\t\t\t\t\t\t\t\t\t\t\t<\/a>\n\t\t\t\t\t\t\t<a class=\"e-gallery-item elementor-gallery-item elementor-animated-content\" href=\"https:\/\/uniwersytetotwarty.us.edu.pl\/usmlodziezy\/wp-content\/uploads\/sites\/5\/2026\/04\/2026-04-14-Wyklady-otwarte-dla-7-i-8-klasistow-c-Basia-Jendrzejczyk-piszeskladampstrykam.pl-4.jpg\" data-elementor-open-lightbox=\"yes\" data-elementor-lightbox-slideshow=\"e6046a6\" data-elementor-lightbox-title=\"2026 04 14 Wyk\u0142ady otwarte dla 7 i 8-klasist\u00f3w (c) Basia Jendrzejczyk - piszeskladampstrykam.pl-4\" data-e-action-hash=\"#elementor-action%3Aaction%3Dlightbox%26settings%3DeyJpZCI6MTI1NywidXJsIjoiaHR0cHM6XC9cL3VuaXdlcnN5dGV0b3R3YXJ0eS51cy5lZHUucGxcL3VzbWxvZHppZXp5XC93cC1jb250ZW50XC91cGxvYWRzXC9zaXRlc1wvNVwvMjAyNlwvMDRcLzIwMjYtMDQtMTQtV3lrbGFkeS1vdHdhcnRlLWRsYS03LWktOC1rbGFzaXN0b3ctYy1CYXNpYS1KZW5kcnplamN6eWstcGlzemVza2xhZGFtcHN0cnlrYW0ucGwtNC5qcGciLCJzbGlkZXNob3ciOiJlNjA0NmE2In0%3D\">\n\t\t\t\t\t<div class=\"e-gallery-image elementor-gallery-item__image\" data-thumbnail=\"https:\/\/uniwersytetotwarty.us.edu.pl\/usmlodziezy\/wp-content\/uploads\/sites\/5\/2026\/04\/2026-04-14-Wyklady-otwarte-dla-7-i-8-klasistow-c-Basia-Jendrzejczyk-piszeskladampstrykam.pl-4-300x200.jpg\" data-width=\"300\" data-height=\"200\" aria-label=\"\" role=\"img\" ><\/div>\n\t\t\t\t\t\t\t\t\t\t\t<div class=\"elementor-gallery-item__overlay\"><\/div>\n\t\t\t\t\t\t\t\t\t\t\t\t\t\t<\/a>\n\t\t\t\t\t\t\t<a class=\"e-gallery-item elementor-gallery-item elementor-animated-content\" href=\"https:\/\/uniwersytetotwarty.us.edu.pl\/usmlodziezy\/wp-content\/uploads\/sites\/5\/2026\/04\/2026-04-14-Wyklady-otwarte-dla-7-i-8-klasistow-c-Basia-Jendrzejczyk-piszeskladampstrykam.pl-6.jpg\" data-elementor-open-lightbox=\"yes\" data-elementor-lightbox-slideshow=\"e6046a6\" data-elementor-lightbox-title=\"2026 04 14 Wyk\u0142ady otwarte dla 7 i 8-klasist\u00f3w (c) Basia Jendrzejczyk - piszeskladampstrykam.pl-6\" data-e-action-hash=\"#elementor-action%3Aaction%3Dlightbox%26settings%3DeyJpZCI6MTI1OCwidXJsIjoiaHR0cHM6XC9cL3VuaXdlcnN5dGV0b3R3YXJ0eS51cy5lZHUucGxcL3VzbWxvZHppZXp5XC93cC1jb250ZW50XC91cGxvYWRzXC9zaXRlc1wvNVwvMjAyNlwvMDRcLzIwMjYtMDQtMTQtV3lrbGFkeS1vdHdhcnRlLWRsYS03LWktOC1rbGFzaXN0b3ctYy1CYXNpYS1KZW5kcnplamN6eWstcGlzemVza2xhZGFtcHN0cnlrYW0ucGwtNi5qcGciLCJzbGlkZXNob3ciOiJlNjA0NmE2In0%3D\">\n\t\t\t\t\t<div class=\"e-gallery-image elementor-gallery-item__image\" data-thumbnail=\"https:\/\/uniwersytetotwarty.us.edu.pl\/usmlodziezy\/wp-content\/uploads\/sites\/5\/2026\/04\/2026-04-14-Wyklady-otwarte-dla-7-i-8-klasistow-c-Basia-Jendrzejczyk-piszeskladampstrykam.pl-6-300x200.jpg\" data-width=\"300\" data-height=\"200\" aria-label=\"\" role=\"img\" ><\/div>\n\t\t\t\t\t\t\t\t\t\t\t<div class=\"elementor-gallery-item__overlay\"><\/div>\n\t\t\t\t\t\t\t\t\t\t\t\t\t\t<\/a>\n\t\t\t\t\t<\/div>\n\t\t\t\t\t<\/div>\n\t\t\t\t<\/div>\n\t\t\t\t\t<\/div>\n\t\t<\/div>\n\t\t\t\t\t<\/div>\n\t\t<\/section>\n\t\t\t\t<\/div>\n\t\t","protected":false},"excerpt":{"rendered":"<p>W dniu 14.04.2026 r. w ramach Uniwersytetu \u015al\u0105skiego M\u0142odzie\u017cy odby\u0142y si\u0119 dwa emocjonuj\u0105ce wyk\u0142ady dla 7- i 8-klasist\u00f3w. Pierwszy wyk\u0142ad pt. \u201eCzy ChatGPT ma dusz\u0119?&#8221; przeprowadzi\u0142a dr Monika Karwacka. Drugi wyk\u0142ad pt. \u201eDbaj o zdrowie rozumiej\u0105c fizyk\u0119&#8221; przeprowadzi\u0142 prof. dr hab. Armand Cholewka. Zach\u0119camy do zapoznania si\u0119 z kr\u00f3tk\u0105 fotorelacj\u0105 z wydarzenia.<\/p>\n","protected":false},"author":29,"featured_media":1257,"comment_status":"closed","ping_status":"open","sticky":false,"template":"","format":"standard","meta":{"footnotes":""},"categories":[16,20],"tags":[],"class_list":["post-1184","post","type-post","status-publish","format-standard","has-post-thumbnail","hentry","category-galeria","category-rok-akademicki-2025-2026"],"yoast_head":"<!-- This site is optimized with the Yoast SEO plugin v27.4 - https:\/\/yoast.com\/product\/yoast-seo-wordpress\/ -->\n<title>Wyk\u0142ady otwarte 14.04.2026 r. - Uniwersytet \u015al\u0105ski M\u0142odzie\u017cy<\/title>\n<meta name=\"robots\" content=\"index, follow, max-snippet:-1, max-image-preview:large, max-video-preview:-1\" \/>\n<link rel=\"canonical\" href=\"https:\/\/uniwersytetotwarty.us.edu.pl\/usmlodziezy\/wyklady-otwarte-14-04-2026-r\/\" \/>\n<meta property=\"og:locale\" content=\"pl_PL\" \/>\n<meta property=\"og:type\" content=\"article\" \/>\n<meta property=\"og:title\" content=\"Wyk\u0142ady otwarte 14.04.2026 r. - Uniwersytet \u015al\u0105ski M\u0142odzie\u017cy\" \/>\n<meta property=\"og:description\" content=\"W dniu 14.04.2026 r. w ramach Uniwersytetu \u015al\u0105skiego M\u0142odzie\u017cy odby\u0142y si\u0119 dwa emocjonuj\u0105ce wyk\u0142ady dla 7- i 8-klasist\u00f3w. Pierwszy wyk\u0142ad pt. \u201eCzy ChatGPT ma dusz\u0119?&#8221; przeprowadzi\u0142a dr Monika Karwacka. Drugi wyk\u0142ad pt. \u201eDbaj o zdrowie rozumiej\u0105c fizyk\u0119&#8221; przeprowadzi\u0142 prof. dr hab. Armand Cholewka. Zach\u0119camy do zapoznania si\u0119 z kr\u00f3tk\u0105 fotorelacj\u0105 z wydarzenia.\" \/>\n<meta property=\"og:url\" content=\"https:\/\/uniwersytetotwarty.us.edu.pl\/usmlodziezy\/wyklady-otwarte-14-04-2026-r\/\" \/>\n<meta property=\"og:site_name\" content=\"Uniwersytet \u015al\u0105ski M\u0142odzie\u017cy\" \/>\n<meta property=\"article:published_time\" content=\"2026-04-15T06:54:56+00:00\" \/>\n<meta property=\"article:modified_time\" content=\"2026-04-15T10:32:13+00:00\" \/>\n<meta property=\"og:image\" content=\"https:\/\/uniwersytetotwarty.us.edu.pl\/usmlodziezy\/wp-content\/uploads\/sites\/5\/2026\/04\/2026-04-14-Wyklady-otwarte-dla-7-i-8-klasistow-c-Basia-Jendrzejczyk-piszeskladampstrykam.pl-4.jpg\" \/>\n\t<meta property=\"og:image:width\" content=\"2048\" \/>\n\t<meta property=\"og:image:height\" content=\"1365\" \/>\n\t<meta property=\"og:image:type\" content=\"image\/jpeg\" \/>\n<meta name=\"author\" content=\"colsza\" \/>\n<meta name=\"twitter:card\" content=\"summary_large_image\" \/>\n<meta name=\"twitter:label1\" content=\"Napisane przez\" \/>\n\t<meta name=\"twitter:data1\" content=\"colsza\" \/>\n\t<meta name=\"twitter:label2\" content=\"Szacowany czas czytania\" \/>\n\t<meta name=\"twitter:data2\" content=\"1 minuta\" \/>\n<script type=\"application\/ld+json\" class=\"yoast-schema-graph\">{\"@context\":\"https:\\\/\\\/schema.org\",\"@graph\":[{\"@type\":\"Article\",\"@id\":\"https:\\\/\\\/uniwersytetotwarty.us.edu.pl\\\/usmlodziezy\\\/wyklady-otwarte-14-04-2026-r\\\/#article\",\"isPartOf\":{\"@id\":\"https:\\\/\\\/uniwersytetotwarty.us.edu.pl\\\/usmlodziezy\\\/wyklady-otwarte-14-04-2026-r\\\/\"},\"author\":{\"name\":\"colsza\",\"@id\":\"https:\\\/\\\/uniwersytetotwarty.us.edu.pl\\\/usmlodziezy\\\/#\\\/schema\\\/person\\\/1b752dbdeceee9fba1b93dd420f5c321\"},\"headline\":\"Wyk\u0142ady otwarte 14.04.2026 r.\",\"datePublished\":\"2026-04-15T06:54:56+00:00\",\"dateModified\":\"2026-04-15T10:32:13+00:00\",\"mainEntityOfPage\":{\"@id\":\"https:\\\/\\\/uniwersytetotwarty.us.edu.pl\\\/usmlodziezy\\\/wyklady-otwarte-14-04-2026-r\\\/\"},\"wordCount\":68,\"publisher\":{\"@id\":\"https:\\\/\\\/uniwersytetotwarty.us.edu.pl\\\/usmlodziezy\\\/#organization\"},\"image\":{\"@id\":\"https:\\\/\\\/uniwersytetotwarty.us.edu.pl\\\/usmlodziezy\\\/wyklady-otwarte-14-04-2026-r\\\/#primaryimage\"},\"thumbnailUrl\":\"https:\\\/\\\/uniwersytetotwarty.us.edu.pl\\\/usmlodziezy\\\/wp-content\\\/uploads\\\/sites\\\/5\\\/2026\\\/04\\\/2026-04-14-Wyklady-otwarte-dla-7-i-8-klasistow-c-Basia-Jendrzejczyk-piszeskladampstrykam.pl-4.jpg\",\"articleSection\":[\"Galeria\",\"Rok akademicki 2025\\\/2026\"],\"inLanguage\":\"pl-PL\"},{\"@type\":\"WebPage\",\"@id\":\"https:\\\/\\\/uniwersytetotwarty.us.edu.pl\\\/usmlodziezy\\\/wyklady-otwarte-14-04-2026-r\\\/\",\"url\":\"https:\\\/\\\/uniwersytetotwarty.us.edu.pl\\\/usmlodziezy\\\/wyklady-otwarte-14-04-2026-r\\\/\",\"name\":\"Wyk\u0142ady otwarte 14.04.2026 r. - Uniwersytet \u015al\u0105ski M\u0142odzie\u017cy\",\"isPartOf\":{\"@id\":\"https:\\\/\\\/uniwersytetotwarty.us.edu.pl\\\/usmlodziezy\\\/#website\"},\"primaryImageOfPage\":{\"@id\":\"https:\\\/\\\/uniwersytetotwarty.us.edu.pl\\\/usmlodziezy\\\/wyklady-otwarte-14-04-2026-r\\\/#primaryimage\"},\"image\":{\"@id\":\"https:\\\/\\\/uniwersytetotwarty.us.edu.pl\\\/usmlodziezy\\\/wyklady-otwarte-14-04-2026-r\\\/#primaryimage\"},\"thumbnailUrl\":\"https:\\\/\\\/uniwersytetotwarty.us.edu.pl\\\/usmlodziezy\\\/wp-content\\\/uploads\\\/sites\\\/5\\\/2026\\\/04\\\/2026-04-14-Wyklady-otwarte-dla-7-i-8-klasistow-c-Basia-Jendrzejczyk-piszeskladampstrykam.pl-4.jpg\",\"datePublished\":\"2026-04-15T06:54:56+00:00\",\"dateModified\":\"2026-04-15T10:32:13+00:00\",\"breadcrumb\":{\"@id\":\"https:\\\/\\\/uniwersytetotwarty.us.edu.pl\\\/usmlodziezy\\\/wyklady-otwarte-14-04-2026-r\\\/#breadcrumb\"},\"inLanguage\":\"pl-PL\",\"potentialAction\":[{\"@type\":\"ReadAction\",\"target\":[\"https:\\\/\\\/uniwersytetotwarty.us.edu.pl\\\/usmlodziezy\\\/wyklady-otwarte-14-04-2026-r\\\/\"]}]},{\"@type\":\"ImageObject\",\"inLanguage\":\"pl-PL\",\"@id\":\"https:\\\/\\\/uniwersytetotwarty.us.edu.pl\\\/usmlodziezy\\\/wyklady-otwarte-14-04-2026-r\\\/#primaryimage\",\"url\":\"https:\\\/\\\/uniwersytetotwarty.us.edu.pl\\\/usmlodziezy\\\/wp-content\\\/uploads\\\/sites\\\/5\\\/2026\\\/04\\\/2026-04-14-Wyklady-otwarte-dla-7-i-8-klasistow-c-Basia-Jendrzejczyk-piszeskladampstrykam.pl-4.jpg\",\"contentUrl\":\"https:\\\/\\\/uniwersytetotwarty.us.edu.pl\\\/usmlodziezy\\\/wp-content\\\/uploads\\\/sites\\\/5\\\/2026\\\/04\\\/2026-04-14-Wyklady-otwarte-dla-7-i-8-klasistow-c-Basia-Jendrzejczyk-piszeskladampstrykam.pl-4.jpg\",\"width\":2048,\"height\":1365},{\"@type\":\"BreadcrumbList\",\"@id\":\"https:\\\/\\\/uniwersytetotwarty.us.edu.pl\\\/usmlodziezy\\\/wyklady-otwarte-14-04-2026-r\\\/#breadcrumb\",\"itemListElement\":[{\"@type\":\"ListItem\",\"position\":1,\"name\":\"Strona g\u0142\u00f3wna\",\"item\":\"https:\\\/\\\/uniwersytetotwarty.us.edu.pl\\\/usmlodziezy\\\/\"},{\"@type\":\"ListItem\",\"position\":2,\"name\":\"Wyk\u0142ady otwarte 14.04.2026 r.\"}]},{\"@type\":\"WebSite\",\"@id\":\"https:\\\/\\\/uniwersytetotwarty.us.edu.pl\\\/usmlodziezy\\\/#website\",\"url\":\"https:\\\/\\\/uniwersytetotwarty.us.edu.pl\\\/usmlodziezy\\\/\",\"name\":\"Uniwersytet \u015al\u0105ski M\u0142odzie\u017cy\",\"description\":\"\",\"publisher\":{\"@id\":\"https:\\\/\\\/uniwersytetotwarty.us.edu.pl\\\/usmlodziezy\\\/#organization\"},\"potentialAction\":[{\"@type\":\"SearchAction\",\"target\":{\"@type\":\"EntryPoint\",\"urlTemplate\":\"https:\\\/\\\/uniwersytetotwarty.us.edu.pl\\\/usmlodziezy\\\/?s={search_term_string}\"},\"query-input\":{\"@type\":\"PropertyValueSpecification\",\"valueRequired\":true,\"valueName\":\"search_term_string\"}}],\"inLanguage\":\"pl-PL\"},{\"@type\":\"Organization\",\"@id\":\"https:\\\/\\\/uniwersytetotwarty.us.edu.pl\\\/usmlodziezy\\\/#organization\",\"name\":\"Uniwersytet \u015al\u0105ski\",\"url\":\"https:\\\/\\\/uniwersytetotwarty.us.edu.pl\\\/usmlodziezy\\\/\",\"logo\":{\"@type\":\"ImageObject\",\"inLanguage\":\"pl-PL\",\"@id\":\"https:\\\/\\\/uniwersytetotwarty.us.edu.pl\\\/usmlodziezy\\\/#\\\/schema\\\/logo\\\/image\\\/\",\"url\":\"https:\\\/\\\/uniwersytetotwarty.us.edu.pl\\\/usmlodziezy\\\/wp-content\\\/uploads\\\/sites\\\/5\\\/2023\\\/07\\\/logo.svg\",\"contentUrl\":\"https:\\\/\\\/uniwersytetotwarty.us.edu.pl\\\/usmlodziezy\\\/wp-content\\\/uploads\\\/sites\\\/5\\\/2023\\\/07\\\/logo.svg\",\"width\":414,\"height\":71,\"caption\":\"Uniwersytet \u015al\u0105ski\"},\"image\":{\"@id\":\"https:\\\/\\\/uniwersytetotwarty.us.edu.pl\\\/usmlodziezy\\\/#\\\/schema\\\/logo\\\/image\\\/\"}},{\"@type\":\"Person\",\"@id\":\"https:\\\/\\\/uniwersytetotwarty.us.edu.pl\\\/usmlodziezy\\\/#\\\/schema\\\/person\\\/1b752dbdeceee9fba1b93dd420f5c321\",\"name\":\"colsza\",\"image\":{\"@type\":\"ImageObject\",\"inLanguage\":\"pl-PL\",\"@id\":\"https:\\\/\\\/secure.gravatar.com\\\/avatar\\\/54006eda4fdfe7fdd1963bf85d21e4fabb8e22154c0d1743edd5e806bbc385b7?s=96&d=mm&r=g\",\"url\":\"https:\\\/\\\/secure.gravatar.com\\\/avatar\\\/54006eda4fdfe7fdd1963bf85d21e4fabb8e22154c0d1743edd5e806bbc385b7?s=96&d=mm&r=g\",\"contentUrl\":\"https:\\\/\\\/secure.gravatar.com\\\/avatar\\\/54006eda4fdfe7fdd1963bf85d21e4fabb8e22154c0d1743edd5e806bbc385b7?s=96&d=mm&r=g\",\"caption\":\"colsza\"},\"url\":\"https:\\\/\\\/uniwersytetotwarty.us.edu.pl\\\/usmlodziezy\\\/author\\\/colsza\\\/\"}]}<\/script>\n<!-- \/ Yoast SEO plugin. -->","yoast_head_json":{"title":"Wyk\u0142ady otwarte 14.04.2026 r. - Uniwersytet \u015al\u0105ski M\u0142odzie\u017cy","robots":{"index":"index","follow":"follow","max-snippet":"max-snippet:-1","max-image-preview":"max-image-preview:large","max-video-preview":"max-video-preview:-1"},"canonical":"https:\/\/uniwersytetotwarty.us.edu.pl\/usmlodziezy\/wyklady-otwarte-14-04-2026-r\/","og_locale":"pl_PL","og_type":"article","og_title":"Wyk\u0142ady otwarte 14.04.2026 r. - Uniwersytet \u015al\u0105ski M\u0142odzie\u017cy","og_description":"W dniu 14.04.2026 r. w ramach Uniwersytetu \u015al\u0105skiego M\u0142odzie\u017cy odby\u0142y si\u0119 dwa emocjonuj\u0105ce wyk\u0142ady dla 7- i 8-klasist\u00f3w. Pierwszy wyk\u0142ad pt. \u201eCzy ChatGPT ma dusz\u0119?&#8221; przeprowadzi\u0142a dr Monika Karwacka. Drugi wyk\u0142ad pt. \u201eDbaj o zdrowie rozumiej\u0105c fizyk\u0119&#8221; przeprowadzi\u0142 prof. dr hab. Armand Cholewka. Zach\u0119camy do zapoznania si\u0119 z kr\u00f3tk\u0105 fotorelacj\u0105 z wydarzenia.","og_url":"https:\/\/uniwersytetotwarty.us.edu.pl\/usmlodziezy\/wyklady-otwarte-14-04-2026-r\/","og_site_name":"Uniwersytet \u015al\u0105ski M\u0142odzie\u017cy","article_published_time":"2026-04-15T06:54:56+00:00","article_modified_time":"2026-04-15T10:32:13+00:00","og_image":[{"width":2048,"height":1365,"url":"https:\/\/uniwersytetotwarty.us.edu.pl\/usmlodziezy\/wp-content\/uploads\/sites\/5\/2026\/04\/2026-04-14-Wyklady-otwarte-dla-7-i-8-klasistow-c-Basia-Jendrzejczyk-piszeskladampstrykam.pl-4.jpg","type":"image\/jpeg"}],"author":"colsza","twitter_card":"summary_large_image","twitter_misc":{"Napisane przez":"colsza","Szacowany czas czytania":"1 minuta"},"schema":{"@context":"https:\/\/schema.org","@graph":[{"@type":"Article","@id":"https:\/\/uniwersytetotwarty.us.edu.pl\/usmlodziezy\/wyklady-otwarte-14-04-2026-r\/#article","isPartOf":{"@id":"https:\/\/uniwersytetotwarty.us.edu.pl\/usmlodziezy\/wyklady-otwarte-14-04-2026-r\/"},"author":{"name":"colsza","@id":"https:\/\/uniwersytetotwarty.us.edu.pl\/usmlodziezy\/#\/schema\/person\/1b752dbdeceee9fba1b93dd420f5c321"},"headline":"Wyk\u0142ady otwarte 14.04.2026 r.","datePublished":"2026-04-15T06:54:56+00:00","dateModified":"2026-04-15T10:32:13+00:00","mainEntityOfPage":{"@id":"https:\/\/uniwersytetotwarty.us.edu.pl\/usmlodziezy\/wyklady-otwarte-14-04-2026-r\/"},"wordCount":68,"publisher":{"@id":"https:\/\/uniwersytetotwarty.us.edu.pl\/usmlodziezy\/#organization"},"image":{"@id":"https:\/\/uniwersytetotwarty.us.edu.pl\/usmlodziezy\/wyklady-otwarte-14-04-2026-r\/#primaryimage"},"thumbnailUrl":"https:\/\/uniwersytetotwarty.us.edu.pl\/usmlodziezy\/wp-content\/uploads\/sites\/5\/2026\/04\/2026-04-14-Wyklady-otwarte-dla-7-i-8-klasistow-c-Basia-Jendrzejczyk-piszeskladampstrykam.pl-4.jpg","articleSection":["Galeria","Rok akademicki 2025\/2026"],"inLanguage":"pl-PL"},{"@type":"WebPage","@id":"https:\/\/uniwersytetotwarty.us.edu.pl\/usmlodziezy\/wyklady-otwarte-14-04-2026-r\/","url":"https:\/\/uniwersytetotwarty.us.edu.pl\/usmlodziezy\/wyklady-otwarte-14-04-2026-r\/","name":"Wyk\u0142ady otwarte 14.04.2026 r. - Uniwersytet \u015al\u0105ski M\u0142odzie\u017cy","isPartOf":{"@id":"https:\/\/uniwersytetotwarty.us.edu.pl\/usmlodziezy\/#website"},"primaryImageOfPage":{"@id":"https:\/\/uniwersytetotwarty.us.edu.pl\/usmlodziezy\/wyklady-otwarte-14-04-2026-r\/#primaryimage"},"image":{"@id":"https:\/\/uniwersytetotwarty.us.edu.pl\/usmlodziezy\/wyklady-otwarte-14-04-2026-r\/#primaryimage"},"thumbnailUrl":"https:\/\/uniwersytetotwarty.us.edu.pl\/usmlodziezy\/wp-content\/uploads\/sites\/5\/2026\/04\/2026-04-14-Wyklady-otwarte-dla-7-i-8-klasistow-c-Basia-Jendrzejczyk-piszeskladampstrykam.pl-4.jpg","datePublished":"2026-04-15T06:54:56+00:00","dateModified":"2026-04-15T10:32:13+00:00","breadcrumb":{"@id":"https:\/\/uniwersytetotwarty.us.edu.pl\/usmlodziezy\/wyklady-otwarte-14-04-2026-r\/#breadcrumb"},"inLanguage":"pl-PL","potentialAction":[{"@type":"ReadAction","target":["https:\/\/uniwersytetotwarty.us.edu.pl\/usmlodziezy\/wyklady-otwarte-14-04-2026-r\/"]}]},{"@type":"ImageObject","inLanguage":"pl-PL","@id":"https:\/\/uniwersytetotwarty.us.edu.pl\/usmlodziezy\/wyklady-otwarte-14-04-2026-r\/#primaryimage","url":"https:\/\/uniwersytetotwarty.us.edu.pl\/usmlodziezy\/wp-content\/uploads\/sites\/5\/2026\/04\/2026-04-14-Wyklady-otwarte-dla-7-i-8-klasistow-c-Basia-Jendrzejczyk-piszeskladampstrykam.pl-4.jpg","contentUrl":"https:\/\/uniwersytetotwarty.us.edu.pl\/usmlodziezy\/wp-content\/uploads\/sites\/5\/2026\/04\/2026-04-14-Wyklady-otwarte-dla-7-i-8-klasistow-c-Basia-Jendrzejczyk-piszeskladampstrykam.pl-4.jpg","width":2048,"height":1365},{"@type":"BreadcrumbList","@id":"https:\/\/uniwersytetotwarty.us.edu.pl\/usmlodziezy\/wyklady-otwarte-14-04-2026-r\/#breadcrumb","itemListElement":[{"@type":"ListItem","position":1,"name":"Strona g\u0142\u00f3wna","item":"https:\/\/uniwersytetotwarty.us.edu.pl\/usmlodziezy\/"},{"@type":"ListItem","position":2,"name":"Wyk\u0142ady otwarte 14.04.2026 r."}]},{"@type":"WebSite","@id":"https:\/\/uniwersytetotwarty.us.edu.pl\/usmlodziezy\/#website","url":"https:\/\/uniwersytetotwarty.us.edu.pl\/usmlodziezy\/","name":"Uniwersytet \u015al\u0105ski M\u0142odzie\u017cy","description":"","publisher":{"@id":"https:\/\/uniwersytetotwarty.us.edu.pl\/usmlodziezy\/#organization"},"potentialAction":[{"@type":"SearchAction","target":{"@type":"EntryPoint","urlTemplate":"https:\/\/uniwersytetotwarty.us.edu.pl\/usmlodziezy\/?s={search_term_string}"},"query-input":{"@type":"PropertyValueSpecification","valueRequired":true,"valueName":"search_term_string"}}],"inLanguage":"pl-PL"},{"@type":"Organization","@id":"https:\/\/uniwersytetotwarty.us.edu.pl\/usmlodziezy\/#organization","name":"Uniwersytet \u015al\u0105ski","url":"https:\/\/uniwersytetotwarty.us.edu.pl\/usmlodziezy\/","logo":{"@type":"ImageObject","inLanguage":"pl-PL","@id":"https:\/\/uniwersytetotwarty.us.edu.pl\/usmlodziezy\/#\/schema\/logo\/image\/","url":"https:\/\/uniwersytetotwarty.us.edu.pl\/usmlodziezy\/wp-content\/uploads\/sites\/5\/2023\/07\/logo.svg","contentUrl":"https:\/\/uniwersytetotwarty.us.edu.pl\/usmlodziezy\/wp-content\/uploads\/sites\/5\/2023\/07\/logo.svg","width":414,"height":71,"caption":"Uniwersytet \u015al\u0105ski"},"image":{"@id":"https:\/\/uniwersytetotwarty.us.edu.pl\/usmlodziezy\/#\/schema\/logo\/image\/"}},{"@type":"Person","@id":"https:\/\/uniwersytetotwarty.us.edu.pl\/usmlodziezy\/#\/schema\/person\/1b752dbdeceee9fba1b93dd420f5c321","name":"colsza","image":{"@type":"ImageObject","inLanguage":"pl-PL","@id":"https:\/\/secure.gravatar.com\/avatar\/54006eda4fdfe7fdd1963bf85d21e4fabb8e22154c0d1743edd5e806bbc385b7?s=96&d=mm&r=g","url":"https:\/\/secure.gravatar.com\/avatar\/54006eda4fdfe7fdd1963bf85d21e4fabb8e22154c0d1743edd5e806bbc385b7?s=96&d=mm&r=g","contentUrl":"https:\/\/secure.gravatar.com\/avatar\/54006eda4fdfe7fdd1963bf85d21e4fabb8e22154c0d1743edd5e806bbc385b7?s=96&d=mm&r=g","caption":"colsza"},"url":"https:\/\/uniwersytetotwarty.us.edu.pl\/usmlodziezy\/author\/colsza\/"}]}},"_links":{"self":[{"href":"https:\/\/uniwersytetotwarty.us.edu.pl\/usmlodziezy\/wp-json\/wp\/v2\/posts\/1184","targetHints":{"allow":["GET"]}}],"collection":[{"href":"https:\/\/uniwersytetotwarty.us.edu.pl\/usmlodziezy\/wp-json\/wp\/v2\/posts"}],"about":[{"href":"https:\/\/uniwersytetotwarty.us.edu.pl\/usmlodziezy\/wp-json\/wp\/v2\/types\/post"}],"author":[{"embeddable":true,"href":"https:\/\/uniwersytetotwarty.us.edu.pl\/usmlodziezy\/wp-json\/wp\/v2\/users\/29"}],"replies":[{"embeddable":true,"href":"https:\/\/uniwersytetotwarty.us.edu.pl\/usmlodziezy\/wp-json\/wp\/v2\/comments?post=1184"}],"version-history":[{"count":10,"href":"https:\/\/uniwersytetotwarty.us.edu.pl\/usmlodziezy\/wp-json\/wp\/v2\/posts\/1184\/revisions"}],"predecessor-version":[{"id":1271,"href":"https:\/\/uniwersytetotwarty.us.edu.pl\/usmlodziezy\/wp-json\/wp\/v2\/posts\/1184\/revisions\/1271"}],"wp:featuredmedia":[{"embeddable":true,"href":"https:\/\/uniwersytetotwarty.us.edu.pl\/usmlodziezy\/wp-json\/wp\/v2\/media\/1257"}],"wp:attachment":[{"href":"https:\/\/uniwersytetotwarty.us.edu.pl\/usmlodziezy\/wp-json\/wp\/v2\/media?parent=1184"}],"wp:term":[{"taxonomy":"category","embeddable":true,"href":"https:\/\/uniwersytetotwarty.us.edu.pl\/usmlodziezy\/wp-json\/wp\/v2\/categories?post=1184"},{"taxonomy":"post_tag","embeddable":true,"href":"https:\/\/uniwersytetotwarty.us.edu.pl\/usmlodziezy\/wp-json\/wp\/v2\/tags?post=1184"}],"curies":[{"name":"wp","href":"https:\/\/api.w.org\/{rel}","templated":true}]}}