{"id":1161,"date":"2026-04-14T14:12:24","date_gmt":"2026-04-14T12:12:24","guid":{"rendered":"https:\/\/uniwersytetotwarty.us.edu.pl\/usmlodziezy\/?p=1161"},"modified":"2026-04-14T14:19:26","modified_gmt":"2026-04-14T12:19:26","slug":"probny-egzamin-8-klasisty-2026","status":"publish","type":"post","link":"https:\/\/uniwersytetotwarty.us.edu.pl\/usmlodziezy\/probny-egzamin-8-klasisty-2026\/","title":{"rendered":"Pr\u00f3bny egzamin 8-klasisty 2026"},"content":{"rendered":"\t\t<div data-elementor-type=\"wp-post\" data-elementor-id=\"1161\" class=\"elementor elementor-1161\" data-elementor-post-type=\"post\">\n\t\t\t\t\t\t<section class=\"elementor-section elementor-top-section elementor-element elementor-element-b8765d8 elementor-section-boxed elementor-section-height-default elementor-section-height-default\" data-id=\"b8765d8\" data-element_type=\"section\" data-e-type=\"section\">\n\t\t\t\t\t\t<div class=\"elementor-container elementor-column-gap-default\">\n\t\t\t\t\t<div class=\"elementor-column elementor-col-50 elementor-top-column elementor-element elementor-element-01473a1\" data-id=\"01473a1\" data-element_type=\"column\" data-e-type=\"column\">\n\t\t\t<div class=\"elementor-widget-wrap elementor-element-populated\">\n\t\t\t\t\t\t<div class=\"elementor-element elementor-element-73d594e elementor-widget elementor-widget-text-editor\" data-id=\"73d594e\" data-element_type=\"widget\" data-e-type=\"widget\" data-widget_type=\"text-editor.default\">\n\t\t\t\t<div class=\"elementor-widget-container\">\n\t\t\t\t\t\t\t\t\t<p>Kurs 8-klasisty w\u00a0ramach Uniwersytetu \u015al\u0105skiego M\u0142odzie\u017cy dobiega ko\u0144ca. Na\u00a0ostatnim spotkaniu\u00a0<strong>w\u00a0dniu 18 kwietnia 2026\u00a0r.<\/strong>\u00a0uczniowie podejd\u0105 do\u00a0<strong>pr\u00f3bnego egzaminu 8-klasisty<\/strong>\u00a0w\u00a0budynku Wydzia\u0142u Humanistycznego U\u015a (ul.\u00a0Uniwersytecka 4, Katowice).<\/p><ul><li>Egzamin z\u00a0<b>matematyki\u00a0<\/b>odb\u0119dzie si\u0119 o\u00a0godz.\u00a0<b>9:00<\/b>.<\/li><li>Egzamin z\u00a0<b>j\u0119zyka polskiego<\/b>\u00a0odb\u0119dzie si\u0119 o\u00a0godz.<b>\u00a011:30<\/b>.<\/li><\/ul><p><strong>W\u00a0tym roku rozszerzamy ofert\u0119 dla os\u00f3b zainteresowanych podej\u015bciem do\u00a0pr\u00f3bnego egzaminu, kt\u00f3re nie\u00a0ucz\u0119szcza\u0142y na\u00a0kurs 8-klasisty!<\/strong><\/p><p><strong>CENNIK<\/strong><\/p><p><strong>Uczestnicy dw\u00f3ch blok\u00f3w:<\/strong><\/p><ul><li>egzamin uj\u0119ty jest w\u00a0cenie kursu.<\/li><\/ul><p><strong>Uczestnicy jednego bloku:<\/strong><\/p><ul><li>egzamin ucz\u0119szczanego bloku uj\u0119ty jest w\u00a0cenie kursu,<\/li><li>egzamin z\u00a0drugiego przedmiotu dla uczestnik\u00f3w kursu \u2013 100 z\u0142.<\/li><\/ul><p><strong>Dla os\u00f3b, kt\u00f3re nie\u00a0ucz\u0119szcza\u0142y na\u00a0kurs 8-klasisty:<\/strong><\/p><ul><li>130 z\u0142 za\u00a0jeden blok (j. polski lub matematyka),<\/li><li>250 z\u0142 za\u00a0dwa bloki (j. polski i\u00a0matematyka).<\/li><\/ul><p><strong>W\u00a0CELU REJESTRACJI NA\u00a0EGZAMIN WYMAGANY JEST KONTAKT MAILOWY ORAZ\u00a0UISZCZENIE OP\u0141ATY DO\u00a017 KWIETNIA 2026 R.\u00a0<\/strong><\/p><p><strong>Adres e-mail: dziekanat.usm@us.edu.pl<\/strong><\/p>\t\t\t\t\t\t\t\t<\/div>\n\t\t\t\t<\/div>\n\t\t\t\t\t<\/div>\n\t\t<\/div>\n\t\t\t\t<div class=\"elementor-column elementor-col-50 elementor-top-column elementor-element elementor-element-ed95365\" data-id=\"ed95365\" data-element_type=\"column\" data-e-type=\"column\">\n\t\t\t<div class=\"elementor-widget-wrap elementor-element-populated\">\n\t\t\t\t\t\t<div class=\"elementor-element elementor-element-b1f6e7f elementor-widget elementor-widget-image\" data-id=\"b1f6e7f\" data-element_type=\"widget\" data-e-type=\"widget\" data-widget_type=\"image.default\">\n\t\t\t\t<div class=\"elementor-widget-container\">\n\t\t\t\t\t\t\t\t\t\t\t\t\t\t\t<img fetchpriority=\"high\" decoding=\"async\" width=\"800\" height=\"802\" src=\"https:\/\/uniwersytetotwarty.us.edu.pl\/usmlodziezy\/wp-content\/uploads\/sites\/5\/2026\/04\/KURS-8KLASISTY-Zapisy-1-1022x1024.png\" class=\"attachment-large size-large wp-image-1171\" alt=\"\" srcset=\"https:\/\/uniwersytetotwarty.us.edu.pl\/usmlodziezy\/wp-content\/uploads\/sites\/5\/2026\/04\/KURS-8KLASISTY-Zapisy-1-1022x1024.png 1022w, https:\/\/uniwersytetotwarty.us.edu.pl\/usmlodziezy\/wp-content\/uploads\/sites\/5\/2026\/04\/KURS-8KLASISTY-Zapisy-1-300x300.png 300w, https:\/\/uniwersytetotwarty.us.edu.pl\/usmlodziezy\/wp-content\/uploads\/sites\/5\/2026\/04\/KURS-8KLASISTY-Zapisy-1-150x150.png 150w, https:\/\/uniwersytetotwarty.us.edu.pl\/usmlodziezy\/wp-content\/uploads\/sites\/5\/2026\/04\/KURS-8KLASISTY-Zapisy-1-768x770.png 768w, https:\/\/uniwersytetotwarty.us.edu.pl\/usmlodziezy\/wp-content\/uploads\/sites\/5\/2026\/04\/KURS-8KLASISTY-Zapisy-1-1532x1536.png 1532w, https:\/\/uniwersytetotwarty.us.edu.pl\/usmlodziezy\/wp-content\/uploads\/sites\/5\/2026\/04\/KURS-8KLASISTY-Zapisy-1-2043x2048.png 2043w\" sizes=\"(max-width: 800px) 100vw, 800px\" \/>\t\t\t\t\t\t\t\t\t\t\t\t\t\t\t<\/div>\n\t\t\t\t<\/div>\n\t\t\t\t\t<\/div>\n\t\t<\/div>\n\t\t\t\t\t<\/div>\n\t\t<\/section>\n\t\t\t\t<\/div>\n\t\t","protected":false},"excerpt":{"rendered":"<p>Kurs 8-klasisty w\u00a0ramach Uniwersytetu \u015al\u0105skiego M\u0142odzie\u017cy dobiega ko\u0144ca. Na\u00a0ostatnim spotkaniu\u00a0w\u00a0dniu 18 kwietnia 2026\u00a0r.\u00a0uczniowie podejd\u0105 do\u00a0pr\u00f3bnego egzaminu 8-klasisty\u00a0w\u00a0budynku Wydzia\u0142u Humanistycznego U\u015a (ul.\u00a0Uniwersytecka 4, Katowice). Egzamin z\u00a0matematyki\u00a0odb\u0119dzie si\u0119 o\u00a0godz.\u00a09:00. Egzamin z\u00a0j\u0119zyka polskiego\u00a0odb\u0119dzie si\u0119 o\u00a0godz.\u00a011:30. W\u00a0tym roku rozszerzamy ofert\u0119 dla os\u00f3b zainteresowanych podej\u015bciem do\u00a0pr\u00f3bnego egzaminu, kt\u00f3re nie\u00a0ucz\u0119szcza\u0142y na\u00a0kurs 8-klasisty! CENNIK Uczestnicy dw\u00f3ch blok\u00f3w: egzamin uj\u0119ty jest w\u00a0cenie kursu. [&hellip;]<\/p>\n","protected":false},"author":29,"featured_media":1163,"comment_status":"closed","ping_status":"open","sticky":false,"template":"","format":"standard","meta":{"footnotes":""},"categories":[6],"tags":[],"class_list":["post-1161","post","type-post","status-publish","format-standard","has-post-thumbnail","hentry","category-aktualnosci"],"yoast_head":"<!-- This site is optimized with the Yoast SEO plugin v27.4 - https:\/\/yoast.com\/product\/yoast-seo-wordpress\/ -->\n<title>Pr\u00f3bny egzamin 8-klasisty 2026 - Uniwersytet \u015al\u0105ski M\u0142odzie\u017cy<\/title>\n<meta name=\"robots\" content=\"index, follow, max-snippet:-1, max-image-preview:large, max-video-preview:-1\" \/>\n<link rel=\"canonical\" href=\"https:\/\/uniwersytetotwarty.us.edu.pl\/usmlodziezy\/probny-egzamin-8-klasisty-2026\/\" \/>\n<meta property=\"og:locale\" content=\"pl_PL\" \/>\n<meta property=\"og:type\" content=\"article\" \/>\n<meta property=\"og:title\" content=\"Pr\u00f3bny egzamin 8-klasisty 2026 - Uniwersytet \u015al\u0105ski M\u0142odzie\u017cy\" \/>\n<meta property=\"og:description\" content=\"Kurs 8-klasisty w\u00a0ramach Uniwersytetu \u015al\u0105skiego M\u0142odzie\u017cy dobiega ko\u0144ca. Na\u00a0ostatnim spotkaniu\u00a0w\u00a0dniu 18 kwietnia 2026\u00a0r.\u00a0uczniowie podejd\u0105 do\u00a0pr\u00f3bnego egzaminu 8-klasisty\u00a0w\u00a0budynku Wydzia\u0142u Humanistycznego U\u015a (ul.\u00a0Uniwersytecka 4, Katowice). Egzamin z\u00a0matematyki\u00a0odb\u0119dzie si\u0119 o\u00a0godz.\u00a09:00. Egzamin z\u00a0j\u0119zyka polskiego\u00a0odb\u0119dzie si\u0119 o\u00a0godz.\u00a011:30. W\u00a0tym roku rozszerzamy ofert\u0119 dla os\u00f3b zainteresowanych podej\u015bciem do\u00a0pr\u00f3bnego egzaminu, kt\u00f3re nie\u00a0ucz\u0119szcza\u0142y na\u00a0kurs 8-klasisty! CENNIK Uczestnicy dw\u00f3ch blok\u00f3w: egzamin uj\u0119ty jest w\u00a0cenie kursu. [&hellip;]\" \/>\n<meta property=\"og:url\" content=\"https:\/\/uniwersytetotwarty.us.edu.pl\/usmlodziezy\/probny-egzamin-8-klasisty-2026\/\" \/>\n<meta property=\"og:site_name\" content=\"Uniwersytet \u015al\u0105ski M\u0142odzie\u017cy\" \/>\n<meta property=\"article:published_time\" content=\"2026-04-14T12:12:24+00:00\" \/>\n<meta property=\"article:modified_time\" content=\"2026-04-14T12:19:26+00:00\" \/>\n<meta property=\"og:image\" content=\"https:\/\/uniwersytetotwarty.us.edu.pl\/usmlodziezy\/wp-content\/uploads\/sites\/5\/2026\/04\/KURS-8KLASISTY-Zapisy-scaled-e1776168730110.png\" \/>\n\t<meta property=\"og:image:width\" content=\"2550\" \/>\n\t<meta property=\"og:image:height\" content=\"1702\" \/>\n\t<meta property=\"og:image:type\" content=\"image\/png\" \/>\n<meta name=\"author\" content=\"colsza\" \/>\n<meta name=\"twitter:card\" content=\"summary_large_image\" \/>\n<meta name=\"twitter:label1\" content=\"Napisane przez\" \/>\n\t<meta name=\"twitter:data1\" content=\"colsza\" \/>\n\t<meta name=\"twitter:label2\" content=\"Szacowany czas czytania\" \/>\n\t<meta name=\"twitter:data2\" content=\"2 minuty\" \/>\n<script type=\"application\/ld+json\" class=\"yoast-schema-graph\">{\"@context\":\"https:\\\/\\\/schema.org\",\"@graph\":[{\"@type\":\"Article\",\"@id\":\"https:\\\/\\\/uniwersytetotwarty.us.edu.pl\\\/usmlodziezy\\\/probny-egzamin-8-klasisty-2026\\\/#article\",\"isPartOf\":{\"@id\":\"https:\\\/\\\/uniwersytetotwarty.us.edu.pl\\\/usmlodziezy\\\/probny-egzamin-8-klasisty-2026\\\/\"},\"author\":{\"name\":\"colsza\",\"@id\":\"https:\\\/\\\/uniwersytetotwarty.us.edu.pl\\\/usmlodziezy\\\/#\\\/schema\\\/person\\\/1b752dbdeceee9fba1b93dd420f5c321\"},\"headline\":\"Pr\u00f3bny egzamin 8-klasisty 2026\",\"datePublished\":\"2026-04-14T12:12:24+00:00\",\"dateModified\":\"2026-04-14T12:19:26+00:00\",\"mainEntityOfPage\":{\"@id\":\"https:\\\/\\\/uniwersytetotwarty.us.edu.pl\\\/usmlodziezy\\\/probny-egzamin-8-klasisty-2026\\\/\"},\"wordCount\":168,\"publisher\":{\"@id\":\"https:\\\/\\\/uniwersytetotwarty.us.edu.pl\\\/usmlodziezy\\\/#organization\"},\"image\":{\"@id\":\"https:\\\/\\\/uniwersytetotwarty.us.edu.pl\\\/usmlodziezy\\\/probny-egzamin-8-klasisty-2026\\\/#primaryimage\"},\"thumbnailUrl\":\"https:\\\/\\\/uniwersytetotwarty.us.edu.pl\\\/usmlodziezy\\\/wp-content\\\/uploads\\\/sites\\\/5\\\/2026\\\/04\\\/KURS-8KLASISTY-Zapisy-scaled-e1776168730110.png\",\"articleSection\":[\"Aktualno\u015bci\"],\"inLanguage\":\"pl-PL\"},{\"@type\":\"WebPage\",\"@id\":\"https:\\\/\\\/uniwersytetotwarty.us.edu.pl\\\/usmlodziezy\\\/probny-egzamin-8-klasisty-2026\\\/\",\"url\":\"https:\\\/\\\/uniwersytetotwarty.us.edu.pl\\\/usmlodziezy\\\/probny-egzamin-8-klasisty-2026\\\/\",\"name\":\"Pr\u00f3bny egzamin 8-klasisty 2026 - Uniwersytet \u015al\u0105ski M\u0142odzie\u017cy\",\"isPartOf\":{\"@id\":\"https:\\\/\\\/uniwersytetotwarty.us.edu.pl\\\/usmlodziezy\\\/#website\"},\"primaryImageOfPage\":{\"@id\":\"https:\\\/\\\/uniwersytetotwarty.us.edu.pl\\\/usmlodziezy\\\/probny-egzamin-8-klasisty-2026\\\/#primaryimage\"},\"image\":{\"@id\":\"https:\\\/\\\/uniwersytetotwarty.us.edu.pl\\\/usmlodziezy\\\/probny-egzamin-8-klasisty-2026\\\/#primaryimage\"},\"thumbnailUrl\":\"https:\\\/\\\/uniwersytetotwarty.us.edu.pl\\\/usmlodziezy\\\/wp-content\\\/uploads\\\/sites\\\/5\\\/2026\\\/04\\\/KURS-8KLASISTY-Zapisy-scaled-e1776168730110.png\",\"datePublished\":\"2026-04-14T12:12:24+00:00\",\"dateModified\":\"2026-04-14T12:19:26+00:00\",\"breadcrumb\":{\"@id\":\"https:\\\/\\\/uniwersytetotwarty.us.edu.pl\\\/usmlodziezy\\\/probny-egzamin-8-klasisty-2026\\\/#breadcrumb\"},\"inLanguage\":\"pl-PL\",\"potentialAction\":[{\"@type\":\"ReadAction\",\"target\":[\"https:\\\/\\\/uniwersytetotwarty.us.edu.pl\\\/usmlodziezy\\\/probny-egzamin-8-klasisty-2026\\\/\"]}]},{\"@type\":\"ImageObject\",\"inLanguage\":\"pl-PL\",\"@id\":\"https:\\\/\\\/uniwersytetotwarty.us.edu.pl\\\/usmlodziezy\\\/probny-egzamin-8-klasisty-2026\\\/#primaryimage\",\"url\":\"https:\\\/\\\/uniwersytetotwarty.us.edu.pl\\\/usmlodziezy\\\/wp-content\\\/uploads\\\/sites\\\/5\\\/2026\\\/04\\\/KURS-8KLASISTY-Zapisy-scaled-e1776168730110.png\",\"contentUrl\":\"https:\\\/\\\/uniwersytetotwarty.us.edu.pl\\\/usmlodziezy\\\/wp-content\\\/uploads\\\/sites\\\/5\\\/2026\\\/04\\\/KURS-8KLASISTY-Zapisy-scaled-e1776168730110.png\",\"width\":2550,\"height\":1702},{\"@type\":\"BreadcrumbList\",\"@id\":\"https:\\\/\\\/uniwersytetotwarty.us.edu.pl\\\/usmlodziezy\\\/probny-egzamin-8-klasisty-2026\\\/#breadcrumb\",\"itemListElement\":[{\"@type\":\"ListItem\",\"position\":1,\"name\":\"Strona g\u0142\u00f3wna\",\"item\":\"https:\\\/\\\/uniwersytetotwarty.us.edu.pl\\\/usmlodziezy\\\/\"},{\"@type\":\"ListItem\",\"position\":2,\"name\":\"Pr\u00f3bny egzamin 8-klasisty 2026\"}]},{\"@type\":\"WebSite\",\"@id\":\"https:\\\/\\\/uniwersytetotwarty.us.edu.pl\\\/usmlodziezy\\\/#website\",\"url\":\"https:\\\/\\\/uniwersytetotwarty.us.edu.pl\\\/usmlodziezy\\\/\",\"name\":\"Uniwersytet \u015al\u0105ski M\u0142odzie\u017cy\",\"description\":\"\",\"publisher\":{\"@id\":\"https:\\\/\\\/uniwersytetotwarty.us.edu.pl\\\/usmlodziezy\\\/#organization\"},\"potentialAction\":[{\"@type\":\"SearchAction\",\"target\":{\"@type\":\"EntryPoint\",\"urlTemplate\":\"https:\\\/\\\/uniwersytetotwarty.us.edu.pl\\\/usmlodziezy\\\/?s={search_term_string}\"},\"query-input\":{\"@type\":\"PropertyValueSpecification\",\"valueRequired\":true,\"valueName\":\"search_term_string\"}}],\"inLanguage\":\"pl-PL\"},{\"@type\":\"Organization\",\"@id\":\"https:\\\/\\\/uniwersytetotwarty.us.edu.pl\\\/usmlodziezy\\\/#organization\",\"name\":\"Uniwersytet \u015al\u0105ski\",\"url\":\"https:\\\/\\\/uniwersytetotwarty.us.edu.pl\\\/usmlodziezy\\\/\",\"logo\":{\"@type\":\"ImageObject\",\"inLanguage\":\"pl-PL\",\"@id\":\"https:\\\/\\\/uniwersytetotwarty.us.edu.pl\\\/usmlodziezy\\\/#\\\/schema\\\/logo\\\/image\\\/\",\"url\":\"https:\\\/\\\/uniwersytetotwarty.us.edu.pl\\\/usmlodziezy\\\/wp-content\\\/uploads\\\/sites\\\/5\\\/2023\\\/07\\\/logo.svg\",\"contentUrl\":\"https:\\\/\\\/uniwersytetotwarty.us.edu.pl\\\/usmlodziezy\\\/wp-content\\\/uploads\\\/sites\\\/5\\\/2023\\\/07\\\/logo.svg\",\"width\":414,\"height\":71,\"caption\":\"Uniwersytet \u015al\u0105ski\"},\"image\":{\"@id\":\"https:\\\/\\\/uniwersytetotwarty.us.edu.pl\\\/usmlodziezy\\\/#\\\/schema\\\/logo\\\/image\\\/\"}},{\"@type\":\"Person\",\"@id\":\"https:\\\/\\\/uniwersytetotwarty.us.edu.pl\\\/usmlodziezy\\\/#\\\/schema\\\/person\\\/1b752dbdeceee9fba1b93dd420f5c321\",\"name\":\"colsza\",\"image\":{\"@type\":\"ImageObject\",\"inLanguage\":\"pl-PL\",\"@id\":\"https:\\\/\\\/secure.gravatar.com\\\/avatar\\\/54006eda4fdfe7fdd1963bf85d21e4fabb8e22154c0d1743edd5e806bbc385b7?s=96&d=mm&r=g\",\"url\":\"https:\\\/\\\/secure.gravatar.com\\\/avatar\\\/54006eda4fdfe7fdd1963bf85d21e4fabb8e22154c0d1743edd5e806bbc385b7?s=96&d=mm&r=g\",\"contentUrl\":\"https:\\\/\\\/secure.gravatar.com\\\/avatar\\\/54006eda4fdfe7fdd1963bf85d21e4fabb8e22154c0d1743edd5e806bbc385b7?s=96&d=mm&r=g\",\"caption\":\"colsza\"},\"url\":\"https:\\\/\\\/uniwersytetotwarty.us.edu.pl\\\/usmlodziezy\\\/author\\\/colsza\\\/\"}]}<\/script>\n<!-- \/ Yoast SEO plugin. -->","yoast_head_json":{"title":"Pr\u00f3bny egzamin 8-klasisty 2026 - Uniwersytet \u015al\u0105ski M\u0142odzie\u017cy","robots":{"index":"index","follow":"follow","max-snippet":"max-snippet:-1","max-image-preview":"max-image-preview:large","max-video-preview":"max-video-preview:-1"},"canonical":"https:\/\/uniwersytetotwarty.us.edu.pl\/usmlodziezy\/probny-egzamin-8-klasisty-2026\/","og_locale":"pl_PL","og_type":"article","og_title":"Pr\u00f3bny egzamin 8-klasisty 2026 - Uniwersytet \u015al\u0105ski M\u0142odzie\u017cy","og_description":"Kurs 8-klasisty w\u00a0ramach Uniwersytetu \u015al\u0105skiego M\u0142odzie\u017cy dobiega ko\u0144ca. Na\u00a0ostatnim spotkaniu\u00a0w\u00a0dniu 18 kwietnia 2026\u00a0r.\u00a0uczniowie podejd\u0105 do\u00a0pr\u00f3bnego egzaminu 8-klasisty\u00a0w\u00a0budynku Wydzia\u0142u Humanistycznego U\u015a (ul.\u00a0Uniwersytecka 4, Katowice). Egzamin z\u00a0matematyki\u00a0odb\u0119dzie si\u0119 o\u00a0godz.\u00a09:00. Egzamin z\u00a0j\u0119zyka polskiego\u00a0odb\u0119dzie si\u0119 o\u00a0godz.\u00a011:30. W\u00a0tym roku rozszerzamy ofert\u0119 dla os\u00f3b zainteresowanych podej\u015bciem do\u00a0pr\u00f3bnego egzaminu, kt\u00f3re nie\u00a0ucz\u0119szcza\u0142y na\u00a0kurs 8-klasisty! CENNIK Uczestnicy dw\u00f3ch blok\u00f3w: egzamin uj\u0119ty jest w\u00a0cenie kursu. [&hellip;]","og_url":"https:\/\/uniwersytetotwarty.us.edu.pl\/usmlodziezy\/probny-egzamin-8-klasisty-2026\/","og_site_name":"Uniwersytet \u015al\u0105ski M\u0142odzie\u017cy","article_published_time":"2026-04-14T12:12:24+00:00","article_modified_time":"2026-04-14T12:19:26+00:00","og_image":[{"width":2550,"height":1702,"url":"https:\/\/uniwersytetotwarty.us.edu.pl\/usmlodziezy\/wp-content\/uploads\/sites\/5\/2026\/04\/KURS-8KLASISTY-Zapisy-scaled-e1776168730110.png","type":"image\/png"}],"author":"colsza","twitter_card":"summary_large_image","twitter_misc":{"Napisane przez":"colsza","Szacowany czas czytania":"2 minuty"},"schema":{"@context":"https:\/\/schema.org","@graph":[{"@type":"Article","@id":"https:\/\/uniwersytetotwarty.us.edu.pl\/usmlodziezy\/probny-egzamin-8-klasisty-2026\/#article","isPartOf":{"@id":"https:\/\/uniwersytetotwarty.us.edu.pl\/usmlodziezy\/probny-egzamin-8-klasisty-2026\/"},"author":{"name":"colsza","@id":"https:\/\/uniwersytetotwarty.us.edu.pl\/usmlodziezy\/#\/schema\/person\/1b752dbdeceee9fba1b93dd420f5c321"},"headline":"Pr\u00f3bny egzamin 8-klasisty 2026","datePublished":"2026-04-14T12:12:24+00:00","dateModified":"2026-04-14T12:19:26+00:00","mainEntityOfPage":{"@id":"https:\/\/uniwersytetotwarty.us.edu.pl\/usmlodziezy\/probny-egzamin-8-klasisty-2026\/"},"wordCount":168,"publisher":{"@id":"https:\/\/uniwersytetotwarty.us.edu.pl\/usmlodziezy\/#organization"},"image":{"@id":"https:\/\/uniwersytetotwarty.us.edu.pl\/usmlodziezy\/probny-egzamin-8-klasisty-2026\/#primaryimage"},"thumbnailUrl":"https:\/\/uniwersytetotwarty.us.edu.pl\/usmlodziezy\/wp-content\/uploads\/sites\/5\/2026\/04\/KURS-8KLASISTY-Zapisy-scaled-e1776168730110.png","articleSection":["Aktualno\u015bci"],"inLanguage":"pl-PL"},{"@type":"WebPage","@id":"https:\/\/uniwersytetotwarty.us.edu.pl\/usmlodziezy\/probny-egzamin-8-klasisty-2026\/","url":"https:\/\/uniwersytetotwarty.us.edu.pl\/usmlodziezy\/probny-egzamin-8-klasisty-2026\/","name":"Pr\u00f3bny egzamin 8-klasisty 2026 - Uniwersytet \u015al\u0105ski M\u0142odzie\u017cy","isPartOf":{"@id":"https:\/\/uniwersytetotwarty.us.edu.pl\/usmlodziezy\/#website"},"primaryImageOfPage":{"@id":"https:\/\/uniwersytetotwarty.us.edu.pl\/usmlodziezy\/probny-egzamin-8-klasisty-2026\/#primaryimage"},"image":{"@id":"https:\/\/uniwersytetotwarty.us.edu.pl\/usmlodziezy\/probny-egzamin-8-klasisty-2026\/#primaryimage"},"thumbnailUrl":"https:\/\/uniwersytetotwarty.us.edu.pl\/usmlodziezy\/wp-content\/uploads\/sites\/5\/2026\/04\/KURS-8KLASISTY-Zapisy-scaled-e1776168730110.png","datePublished":"2026-04-14T12:12:24+00:00","dateModified":"2026-04-14T12:19:26+00:00","breadcrumb":{"@id":"https:\/\/uniwersytetotwarty.us.edu.pl\/usmlodziezy\/probny-egzamin-8-klasisty-2026\/#breadcrumb"},"inLanguage":"pl-PL","potentialAction":[{"@type":"ReadAction","target":["https:\/\/uniwersytetotwarty.us.edu.pl\/usmlodziezy\/probny-egzamin-8-klasisty-2026\/"]}]},{"@type":"ImageObject","inLanguage":"pl-PL","@id":"https:\/\/uniwersytetotwarty.us.edu.pl\/usmlodziezy\/probny-egzamin-8-klasisty-2026\/#primaryimage","url":"https:\/\/uniwersytetotwarty.us.edu.pl\/usmlodziezy\/wp-content\/uploads\/sites\/5\/2026\/04\/KURS-8KLASISTY-Zapisy-scaled-e1776168730110.png","contentUrl":"https:\/\/uniwersytetotwarty.us.edu.pl\/usmlodziezy\/wp-content\/uploads\/sites\/5\/2026\/04\/KURS-8KLASISTY-Zapisy-scaled-e1776168730110.png","width":2550,"height":1702},{"@type":"BreadcrumbList","@id":"https:\/\/uniwersytetotwarty.us.edu.pl\/usmlodziezy\/probny-egzamin-8-klasisty-2026\/#breadcrumb","itemListElement":[{"@type":"ListItem","position":1,"name":"Strona g\u0142\u00f3wna","item":"https:\/\/uniwersytetotwarty.us.edu.pl\/usmlodziezy\/"},{"@type":"ListItem","position":2,"name":"Pr\u00f3bny egzamin 8-klasisty 2026"}]},{"@type":"WebSite","@id":"https:\/\/uniwersytetotwarty.us.edu.pl\/usmlodziezy\/#website","url":"https:\/\/uniwersytetotwarty.us.edu.pl\/usmlodziezy\/","name":"Uniwersytet \u015al\u0105ski M\u0142odzie\u017cy","description":"","publisher":{"@id":"https:\/\/uniwersytetotwarty.us.edu.pl\/usmlodziezy\/#organization"},"potentialAction":[{"@type":"SearchAction","target":{"@type":"EntryPoint","urlTemplate":"https:\/\/uniwersytetotwarty.us.edu.pl\/usmlodziezy\/?s={search_term_string}"},"query-input":{"@type":"PropertyValueSpecification","valueRequired":true,"valueName":"search_term_string"}}],"inLanguage":"pl-PL"},{"@type":"Organization","@id":"https:\/\/uniwersytetotwarty.us.edu.pl\/usmlodziezy\/#organization","name":"Uniwersytet \u015al\u0105ski","url":"https:\/\/uniwersytetotwarty.us.edu.pl\/usmlodziezy\/","logo":{"@type":"ImageObject","inLanguage":"pl-PL","@id":"https:\/\/uniwersytetotwarty.us.edu.pl\/usmlodziezy\/#\/schema\/logo\/image\/","url":"https:\/\/uniwersytetotwarty.us.edu.pl\/usmlodziezy\/wp-content\/uploads\/sites\/5\/2023\/07\/logo.svg","contentUrl":"https:\/\/uniwersytetotwarty.us.edu.pl\/usmlodziezy\/wp-content\/uploads\/sites\/5\/2023\/07\/logo.svg","width":414,"height":71,"caption":"Uniwersytet \u015al\u0105ski"},"image":{"@id":"https:\/\/uniwersytetotwarty.us.edu.pl\/usmlodziezy\/#\/schema\/logo\/image\/"}},{"@type":"Person","@id":"https:\/\/uniwersytetotwarty.us.edu.pl\/usmlodziezy\/#\/schema\/person\/1b752dbdeceee9fba1b93dd420f5c321","name":"colsza","image":{"@type":"ImageObject","inLanguage":"pl-PL","@id":"https:\/\/secure.gravatar.com\/avatar\/54006eda4fdfe7fdd1963bf85d21e4fabb8e22154c0d1743edd5e806bbc385b7?s=96&d=mm&r=g","url":"https:\/\/secure.gravatar.com\/avatar\/54006eda4fdfe7fdd1963bf85d21e4fabb8e22154c0d1743edd5e806bbc385b7?s=96&d=mm&r=g","contentUrl":"https:\/\/secure.gravatar.com\/avatar\/54006eda4fdfe7fdd1963bf85d21e4fabb8e22154c0d1743edd5e806bbc385b7?s=96&d=mm&r=g","caption":"colsza"},"url":"https:\/\/uniwersytetotwarty.us.edu.pl\/usmlodziezy\/author\/colsza\/"}]}},"_links":{"self":[{"href":"https:\/\/uniwersytetotwarty.us.edu.pl\/usmlodziezy\/wp-json\/wp\/v2\/posts\/1161","targetHints":{"allow":["GET"]}}],"collection":[{"href":"https:\/\/uniwersytetotwarty.us.edu.pl\/usmlodziezy\/wp-json\/wp\/v2\/posts"}],"about":[{"href":"https:\/\/uniwersytetotwarty.us.edu.pl\/usmlodziezy\/wp-json\/wp\/v2\/types\/post"}],"author":[{"embeddable":true,"href":"https:\/\/uniwersytetotwarty.us.edu.pl\/usmlodziezy\/wp-json\/wp\/v2\/users\/29"}],"replies":[{"embeddable":true,"href":"https:\/\/uniwersytetotwarty.us.edu.pl\/usmlodziezy\/wp-json\/wp\/v2\/comments?post=1161"}],"version-history":[{"count":10,"href":"https:\/\/uniwersytetotwarty.us.edu.pl\/usmlodziezy\/wp-json\/wp\/v2\/posts\/1161\/revisions"}],"predecessor-version":[{"id":1183,"href":"https:\/\/uniwersytetotwarty.us.edu.pl\/usmlodziezy\/wp-json\/wp\/v2\/posts\/1161\/revisions\/1183"}],"wp:featuredmedia":[{"embeddable":true,"href":"https:\/\/uniwersytetotwarty.us.edu.pl\/usmlodziezy\/wp-json\/wp\/v2\/media\/1163"}],"wp:attachment":[{"href":"https:\/\/uniwersytetotwarty.us.edu.pl\/usmlodziezy\/wp-json\/wp\/v2\/media?parent=1161"}],"wp:term":[{"taxonomy":"category","embeddable":true,"href":"https:\/\/uniwersytetotwarty.us.edu.pl\/usmlodziezy\/wp-json\/wp\/v2\/categories?post=1161"},{"taxonomy":"post_tag","embeddable":true,"href":"https:\/\/uniwersytetotwarty.us.edu.pl\/usmlodziezy\/wp-json\/wp\/v2\/tags?post=1161"}],"curies":[{"name":"wp","href":"https:\/\/api.w.org\/{rel}","templated":true}]}}