{"id":1024,"date":"2026-04-13T14:16:48","date_gmt":"2026-04-13T12:16:48","guid":{"rendered":"https:\/\/uniwersytetotwarty.us.edu.pl\/usmlodziezy\/?p=1024"},"modified":"2026-04-13T14:16:48","modified_gmt":"2026-04-13T12:16:48","slug":"wyklady-otwarate-dla-7-i-8-klasistow","status":"publish","type":"post","link":"https:\/\/uniwersytetotwarty.us.edu.pl\/usmlodziezy\/wyklady-otwarate-dla-7-i-8-klasistow\/","title":{"rendered":"Wyk\u0142ady otwarate dla 7 i 8 klasist\u00f3w!"},"content":{"rendered":"\t\t<div data-elementor-type=\"wp-post\" data-elementor-id=\"1024\" class=\"elementor elementor-1024\" data-elementor-post-type=\"post\">\n\t\t\t\t\t\t<section class=\"elementor-section elementor-top-section elementor-element elementor-element-ebfab8f elementor-section-boxed elementor-section-height-default elementor-section-height-default\" data-id=\"ebfab8f\" data-element_type=\"section\" data-e-type=\"section\">\n\t\t\t\t\t\t<div class=\"elementor-container elementor-column-gap-default\">\n\t\t\t\t\t<div class=\"elementor-column elementor-col-50 elementor-top-column elementor-element elementor-element-eb125a4\" data-id=\"eb125a4\" data-element_type=\"column\" data-e-type=\"column\">\n\t\t\t<div class=\"elementor-widget-wrap elementor-element-populated\">\n\t\t\t\t\t\t<div class=\"elementor-element elementor-element-b321163 elementor-widget elementor-widget-text-editor\" data-id=\"b321163\" data-element_type=\"widget\" data-e-type=\"widget\" data-widget_type=\"text-editor.default\">\n\t\t\t\t<div class=\"elementor-widget-container\">\n\t\t\t\t\t\t\t\t\t<p><strong>Uniwersytet \u015al\u0105ski M\u0142odzie\u017cy zaprasza na\u00a0otwarte wyk\u0142ady!<\/strong><\/p><p>W\u00a0dniu\u00a0<strong>14 kwietnia 2026\u00a0r.<\/strong>\u00a0odb\u0119d\u0105 si\u0119 dwa niesamowite spotkania z\u00a0naukami \u015bcis\u0142ymi i\u00a0nowymi technologiami w\u00a0zupe\u0142nie nowej ods\u0142onie. Wydarzenie skierowane jest do\u00a0klas 7 i\u00a08 szk\u00f3\u0142 podstawowych.<\/p><ul><li><b>9:00<\/b>\u00a0\u2013 wyk\u0142ad<em><strong>\u00a0\u201eCzy ChatGPT ma\u00a0dusz\u0119?\u201d<\/strong><\/em>\u00a0poprowadzi dr\u00a0Joanna Mercik;<\/li><li><strong>10:30<\/strong>\u00a0\u2013 wyk\u0142ad\u00a0<em><strong>\u201eDbaj o\u00a0zdrowie rozumiej\u0105c fizyk\u0119\u201d<\/strong><\/em>\u00a0poprowadzi prof.\u00a0dr\u00a0hab. Armand Cholewka.<\/li><\/ul><p>Udzia\u0142 w\u00a0wydarzeniu jest bezp\u0142atny. Liczba miejsc jest ograniczona, na\u00a0ka\u017cdy wyk\u0142ad obowi\u0105zuj\u0105 zapisy poprzez formularz. Zach\u0119camy do\u00a0rejestracji na\u00a0oba spotkania!<\/p><p><b>Miejsce wydarzenia:<\/b>\u00a0Aula B1.1, Wydzia\u0142 Humanistyczny U\u015a (ul.\u00a0Uniwersytecka 4, Katowice)<\/p><p><b>BRAK WOLNYCH MIEJSC.<\/b><\/p>\t\t\t\t\t\t\t\t<\/div>\n\t\t\t\t<\/div>\n\t\t\t\t\t<\/div>\n\t\t<\/div>\n\t\t\t\t<div class=\"elementor-column elementor-col-50 elementor-top-column elementor-element elementor-element-ebc0420\" data-id=\"ebc0420\" data-element_type=\"column\" data-e-type=\"column\">\n\t\t\t<div class=\"elementor-widget-wrap elementor-element-populated\">\n\t\t\t\t\t\t<div class=\"elementor-element elementor-element-a5926c2 elementor-widget elementor-widget-image\" data-id=\"a5926c2\" data-element_type=\"widget\" data-e-type=\"widget\" data-widget_type=\"image.default\">\n\t\t\t\t<div class=\"elementor-widget-container\">\n\t\t\t\t\t\t\t\t\t\t\t\t\t\t\t<img fetchpriority=\"high\" decoding=\"async\" width=\"800\" height=\"566\" src=\"https:\/\/uniwersytetotwarty.us.edu.pl\/usmlodziezy\/wp-content\/uploads\/sites\/5\/2026\/04\/us-mLODZIEZY-1024x724.jpg\" class=\"attachment-large size-large wp-image-997\" alt=\"\" srcset=\"https:\/\/uniwersytetotwarty.us.edu.pl\/usmlodziezy\/wp-content\/uploads\/sites\/5\/2026\/04\/us-mLODZIEZY-1024x724.jpg 1024w, https:\/\/uniwersytetotwarty.us.edu.pl\/usmlodziezy\/wp-content\/uploads\/sites\/5\/2026\/04\/us-mLODZIEZY-300x212.jpg 300w, https:\/\/uniwersytetotwarty.us.edu.pl\/usmlodziezy\/wp-content\/uploads\/sites\/5\/2026\/04\/us-mLODZIEZY-768x543.jpg 768w, https:\/\/uniwersytetotwarty.us.edu.pl\/usmlodziezy\/wp-content\/uploads\/sites\/5\/2026\/04\/us-mLODZIEZY-1536x1086.jpg 1536w, https:\/\/uniwersytetotwarty.us.edu.pl\/usmlodziezy\/wp-content\/uploads\/sites\/5\/2026\/04\/us-mLODZIEZY.jpg 2000w\" sizes=\"(max-width: 800px) 100vw, 800px\" \/>\t\t\t\t\t\t\t\t\t\t\t\t\t\t\t<\/div>\n\t\t\t\t<\/div>\n\t\t\t\t\t<\/div>\n\t\t<\/div>\n\t\t\t\t\t<\/div>\n\t\t<\/section>\n\t\t\t\t<\/div>\n\t\t","protected":false},"excerpt":{"rendered":"<p>Uniwersytet \u015al\u0105ski M\u0142odzie\u017cy zaprasza na\u00a0otwarte wyk\u0142ady! W\u00a0dniu\u00a014 kwietnia 2026\u00a0r.\u00a0odb\u0119d\u0105 si\u0119 dwa niesamowite spotkania z\u00a0naukami \u015bcis\u0142ymi i\u00a0nowymi technologiami w\u00a0zupe\u0142nie nowej ods\u0142onie. Wydarzenie skierowane jest do\u00a0klas 7 i\u00a08 szk\u00f3\u0142 podstawowych. 9:00\u00a0\u2013 wyk\u0142ad\u00a0\u201eCzy ChatGPT ma\u00a0dusz\u0119?\u201d\u00a0poprowadzi dr\u00a0Joanna Mercik; 10:30\u00a0\u2013 wyk\u0142ad\u00a0\u201eDbaj o\u00a0zdrowie rozumiej\u0105c fizyk\u0119\u201d\u00a0poprowadzi prof.\u00a0dr\u00a0hab. Armand Cholewka. Udzia\u0142 w\u00a0wydarzeniu jest bezp\u0142atny. Liczba miejsc jest ograniczona, na\u00a0ka\u017cdy wyk\u0142ad obowi\u0105zuj\u0105 zapisy poprzez [&hellip;]<\/p>\n","protected":false},"author":29,"featured_media":997,"comment_status":"closed","ping_status":"open","sticky":false,"template":"","format":"standard","meta":{"footnotes":""},"categories":[6],"tags":[],"class_list":["post-1024","post","type-post","status-publish","format-standard","has-post-thumbnail","hentry","category-aktualnosci"],"yoast_head":"<!-- This site is optimized with the Yoast SEO plugin v27.4 - https:\/\/yoast.com\/product\/yoast-seo-wordpress\/ -->\n<title>Wyk\u0142ady otwarate dla 7 i 8 klasist\u00f3w! - Uniwersytet \u015al\u0105ski M\u0142odzie\u017cy<\/title>\n<meta name=\"robots\" content=\"index, follow, max-snippet:-1, max-image-preview:large, max-video-preview:-1\" \/>\n<link rel=\"canonical\" href=\"https:\/\/uniwersytetotwarty.us.edu.pl\/usmlodziezy\/wyklady-otwarate-dla-7-i-8-klasistow\/\" \/>\n<meta property=\"og:locale\" content=\"pl_PL\" \/>\n<meta property=\"og:type\" content=\"article\" \/>\n<meta property=\"og:title\" content=\"Wyk\u0142ady otwarate dla 7 i 8 klasist\u00f3w! - Uniwersytet \u015al\u0105ski M\u0142odzie\u017cy\" \/>\n<meta property=\"og:description\" content=\"Uniwersytet \u015al\u0105ski M\u0142odzie\u017cy zaprasza na\u00a0otwarte wyk\u0142ady! W\u00a0dniu\u00a014 kwietnia 2026\u00a0r.\u00a0odb\u0119d\u0105 si\u0119 dwa niesamowite spotkania z\u00a0naukami \u015bcis\u0142ymi i\u00a0nowymi technologiami w\u00a0zupe\u0142nie nowej ods\u0142onie. Wydarzenie skierowane jest do\u00a0klas 7 i\u00a08 szk\u00f3\u0142 podstawowych. 9:00\u00a0\u2013 wyk\u0142ad\u00a0\u201eCzy ChatGPT ma\u00a0dusz\u0119?\u201d\u00a0poprowadzi dr\u00a0Joanna Mercik; 10:30\u00a0\u2013 wyk\u0142ad\u00a0\u201eDbaj o\u00a0zdrowie rozumiej\u0105c fizyk\u0119\u201d\u00a0poprowadzi prof.\u00a0dr\u00a0hab. Armand Cholewka. Udzia\u0142 w\u00a0wydarzeniu jest bezp\u0142atny. Liczba miejsc jest ograniczona, na\u00a0ka\u017cdy wyk\u0142ad obowi\u0105zuj\u0105 zapisy poprzez [&hellip;]\" \/>\n<meta property=\"og:url\" content=\"https:\/\/uniwersytetotwarty.us.edu.pl\/usmlodziezy\/wyklady-otwarate-dla-7-i-8-klasistow\/\" \/>\n<meta property=\"og:site_name\" content=\"Uniwersytet \u015al\u0105ski M\u0142odzie\u017cy\" \/>\n<meta property=\"article:published_time\" content=\"2026-04-13T12:16:48+00:00\" \/>\n<meta property=\"og:image\" content=\"https:\/\/uniwersytetotwarty.us.edu.pl\/usmlodziezy\/wp-content\/uploads\/sites\/5\/2026\/04\/us-mLODZIEZY.jpg\" \/>\n\t<meta property=\"og:image:width\" content=\"2000\" \/>\n\t<meta property=\"og:image:height\" content=\"1414\" \/>\n\t<meta property=\"og:image:type\" content=\"image\/jpeg\" \/>\n<meta name=\"author\" content=\"colsza\" \/>\n<meta name=\"twitter:card\" content=\"summary_large_image\" \/>\n<meta name=\"twitter:label1\" content=\"Napisane przez\" \/>\n\t<meta name=\"twitter:data1\" content=\"colsza\" \/>\n\t<meta name=\"twitter:label2\" content=\"Szacowany czas czytania\" \/>\n\t<meta name=\"twitter:data2\" content=\"1 minuta\" \/>\n<script type=\"application\/ld+json\" class=\"yoast-schema-graph\">{\"@context\":\"https:\\\/\\\/schema.org\",\"@graph\":[{\"@type\":\"Article\",\"@id\":\"https:\\\/\\\/uniwersytetotwarty.us.edu.pl\\\/usmlodziezy\\\/wyklady-otwarate-dla-7-i-8-klasistow\\\/#article\",\"isPartOf\":{\"@id\":\"https:\\\/\\\/uniwersytetotwarty.us.edu.pl\\\/usmlodziezy\\\/wyklady-otwarate-dla-7-i-8-klasistow\\\/\"},\"author\":{\"name\":\"colsza\",\"@id\":\"https:\\\/\\\/uniwersytetotwarty.us.edu.pl\\\/usmlodziezy\\\/#\\\/schema\\\/person\\\/1b752dbdeceee9fba1b93dd420f5c321\"},\"headline\":\"Wyk\u0142ady otwarate dla 7 i 8 klasist\u00f3w!\",\"datePublished\":\"2026-04-13T12:16:48+00:00\",\"mainEntityOfPage\":{\"@id\":\"https:\\\/\\\/uniwersytetotwarty.us.edu.pl\\\/usmlodziezy\\\/wyklady-otwarate-dla-7-i-8-klasistow\\\/\"},\"wordCount\":113,\"publisher\":{\"@id\":\"https:\\\/\\\/uniwersytetotwarty.us.edu.pl\\\/usmlodziezy\\\/#organization\"},\"image\":{\"@id\":\"https:\\\/\\\/uniwersytetotwarty.us.edu.pl\\\/usmlodziezy\\\/wyklady-otwarate-dla-7-i-8-klasistow\\\/#primaryimage\"},\"thumbnailUrl\":\"https:\\\/\\\/uniwersytetotwarty.us.edu.pl\\\/usmlodziezy\\\/wp-content\\\/uploads\\\/sites\\\/5\\\/2026\\\/04\\\/us-mLODZIEZY.jpg\",\"articleSection\":[\"Aktualno\u015bci\"],\"inLanguage\":\"pl-PL\"},{\"@type\":\"WebPage\",\"@id\":\"https:\\\/\\\/uniwersytetotwarty.us.edu.pl\\\/usmlodziezy\\\/wyklady-otwarate-dla-7-i-8-klasistow\\\/\",\"url\":\"https:\\\/\\\/uniwersytetotwarty.us.edu.pl\\\/usmlodziezy\\\/wyklady-otwarate-dla-7-i-8-klasistow\\\/\",\"name\":\"Wyk\u0142ady otwarate dla 7 i 8 klasist\u00f3w! - Uniwersytet \u015al\u0105ski M\u0142odzie\u017cy\",\"isPartOf\":{\"@id\":\"https:\\\/\\\/uniwersytetotwarty.us.edu.pl\\\/usmlodziezy\\\/#website\"},\"primaryImageOfPage\":{\"@id\":\"https:\\\/\\\/uniwersytetotwarty.us.edu.pl\\\/usmlodziezy\\\/wyklady-otwarate-dla-7-i-8-klasistow\\\/#primaryimage\"},\"image\":{\"@id\":\"https:\\\/\\\/uniwersytetotwarty.us.edu.pl\\\/usmlodziezy\\\/wyklady-otwarate-dla-7-i-8-klasistow\\\/#primaryimage\"},\"thumbnailUrl\":\"https:\\\/\\\/uniwersytetotwarty.us.edu.pl\\\/usmlodziezy\\\/wp-content\\\/uploads\\\/sites\\\/5\\\/2026\\\/04\\\/us-mLODZIEZY.jpg\",\"datePublished\":\"2026-04-13T12:16:48+00:00\",\"breadcrumb\":{\"@id\":\"https:\\\/\\\/uniwersytetotwarty.us.edu.pl\\\/usmlodziezy\\\/wyklady-otwarate-dla-7-i-8-klasistow\\\/#breadcrumb\"},\"inLanguage\":\"pl-PL\",\"potentialAction\":[{\"@type\":\"ReadAction\",\"target\":[\"https:\\\/\\\/uniwersytetotwarty.us.edu.pl\\\/usmlodziezy\\\/wyklady-otwarate-dla-7-i-8-klasistow\\\/\"]}]},{\"@type\":\"ImageObject\",\"inLanguage\":\"pl-PL\",\"@id\":\"https:\\\/\\\/uniwersytetotwarty.us.edu.pl\\\/usmlodziezy\\\/wyklady-otwarate-dla-7-i-8-klasistow\\\/#primaryimage\",\"url\":\"https:\\\/\\\/uniwersytetotwarty.us.edu.pl\\\/usmlodziezy\\\/wp-content\\\/uploads\\\/sites\\\/5\\\/2026\\\/04\\\/us-mLODZIEZY.jpg\",\"contentUrl\":\"https:\\\/\\\/uniwersytetotwarty.us.edu.pl\\\/usmlodziezy\\\/wp-content\\\/uploads\\\/sites\\\/5\\\/2026\\\/04\\\/us-mLODZIEZY.jpg\",\"width\":2000,\"height\":1414},{\"@type\":\"BreadcrumbList\",\"@id\":\"https:\\\/\\\/uniwersytetotwarty.us.edu.pl\\\/usmlodziezy\\\/wyklady-otwarate-dla-7-i-8-klasistow\\\/#breadcrumb\",\"itemListElement\":[{\"@type\":\"ListItem\",\"position\":1,\"name\":\"Strona g\u0142\u00f3wna\",\"item\":\"https:\\\/\\\/uniwersytetotwarty.us.edu.pl\\\/usmlodziezy\\\/\"},{\"@type\":\"ListItem\",\"position\":2,\"name\":\"Wyk\u0142ady otwarate dla 7 i 8 klasist\u00f3w!\"}]},{\"@type\":\"WebSite\",\"@id\":\"https:\\\/\\\/uniwersytetotwarty.us.edu.pl\\\/usmlodziezy\\\/#website\",\"url\":\"https:\\\/\\\/uniwersytetotwarty.us.edu.pl\\\/usmlodziezy\\\/\",\"name\":\"Uniwersytet \u015al\u0105ski M\u0142odzie\u017cy\",\"description\":\"\",\"publisher\":{\"@id\":\"https:\\\/\\\/uniwersytetotwarty.us.edu.pl\\\/usmlodziezy\\\/#organization\"},\"potentialAction\":[{\"@type\":\"SearchAction\",\"target\":{\"@type\":\"EntryPoint\",\"urlTemplate\":\"https:\\\/\\\/uniwersytetotwarty.us.edu.pl\\\/usmlodziezy\\\/?s={search_term_string}\"},\"query-input\":{\"@type\":\"PropertyValueSpecification\",\"valueRequired\":true,\"valueName\":\"search_term_string\"}}],\"inLanguage\":\"pl-PL\"},{\"@type\":\"Organization\",\"@id\":\"https:\\\/\\\/uniwersytetotwarty.us.edu.pl\\\/usmlodziezy\\\/#organization\",\"name\":\"Uniwersytet \u015al\u0105ski\",\"url\":\"https:\\\/\\\/uniwersytetotwarty.us.edu.pl\\\/usmlodziezy\\\/\",\"logo\":{\"@type\":\"ImageObject\",\"inLanguage\":\"pl-PL\",\"@id\":\"https:\\\/\\\/uniwersytetotwarty.us.edu.pl\\\/usmlodziezy\\\/#\\\/schema\\\/logo\\\/image\\\/\",\"url\":\"https:\\\/\\\/uniwersytetotwarty.us.edu.pl\\\/usmlodziezy\\\/wp-content\\\/uploads\\\/sites\\\/5\\\/2023\\\/07\\\/logo.svg\",\"contentUrl\":\"https:\\\/\\\/uniwersytetotwarty.us.edu.pl\\\/usmlodziezy\\\/wp-content\\\/uploads\\\/sites\\\/5\\\/2023\\\/07\\\/logo.svg\",\"width\":414,\"height\":71,\"caption\":\"Uniwersytet \u015al\u0105ski\"},\"image\":{\"@id\":\"https:\\\/\\\/uniwersytetotwarty.us.edu.pl\\\/usmlodziezy\\\/#\\\/schema\\\/logo\\\/image\\\/\"}},{\"@type\":\"Person\",\"@id\":\"https:\\\/\\\/uniwersytetotwarty.us.edu.pl\\\/usmlodziezy\\\/#\\\/schema\\\/person\\\/1b752dbdeceee9fba1b93dd420f5c321\",\"name\":\"colsza\",\"image\":{\"@type\":\"ImageObject\",\"inLanguage\":\"pl-PL\",\"@id\":\"https:\\\/\\\/secure.gravatar.com\\\/avatar\\\/54006eda4fdfe7fdd1963bf85d21e4fabb8e22154c0d1743edd5e806bbc385b7?s=96&d=mm&r=g\",\"url\":\"https:\\\/\\\/secure.gravatar.com\\\/avatar\\\/54006eda4fdfe7fdd1963bf85d21e4fabb8e22154c0d1743edd5e806bbc385b7?s=96&d=mm&r=g\",\"contentUrl\":\"https:\\\/\\\/secure.gravatar.com\\\/avatar\\\/54006eda4fdfe7fdd1963bf85d21e4fabb8e22154c0d1743edd5e806bbc385b7?s=96&d=mm&r=g\",\"caption\":\"colsza\"},\"url\":\"https:\\\/\\\/uniwersytetotwarty.us.edu.pl\\\/usmlodziezy\\\/author\\\/colsza\\\/\"}]}<\/script>\n<!-- \/ Yoast SEO plugin. -->","yoast_head_json":{"title":"Wyk\u0142ady otwarate dla 7 i 8 klasist\u00f3w! - Uniwersytet \u015al\u0105ski M\u0142odzie\u017cy","robots":{"index":"index","follow":"follow","max-snippet":"max-snippet:-1","max-image-preview":"max-image-preview:large","max-video-preview":"max-video-preview:-1"},"canonical":"https:\/\/uniwersytetotwarty.us.edu.pl\/usmlodziezy\/wyklady-otwarate-dla-7-i-8-klasistow\/","og_locale":"pl_PL","og_type":"article","og_title":"Wyk\u0142ady otwarate dla 7 i 8 klasist\u00f3w! - Uniwersytet \u015al\u0105ski M\u0142odzie\u017cy","og_description":"Uniwersytet \u015al\u0105ski M\u0142odzie\u017cy zaprasza na\u00a0otwarte wyk\u0142ady! W\u00a0dniu\u00a014 kwietnia 2026\u00a0r.\u00a0odb\u0119d\u0105 si\u0119 dwa niesamowite spotkania z\u00a0naukami \u015bcis\u0142ymi i\u00a0nowymi technologiami w\u00a0zupe\u0142nie nowej ods\u0142onie. Wydarzenie skierowane jest do\u00a0klas 7 i\u00a08 szk\u00f3\u0142 podstawowych. 9:00\u00a0\u2013 wyk\u0142ad\u00a0\u201eCzy ChatGPT ma\u00a0dusz\u0119?\u201d\u00a0poprowadzi dr\u00a0Joanna Mercik; 10:30\u00a0\u2013 wyk\u0142ad\u00a0\u201eDbaj o\u00a0zdrowie rozumiej\u0105c fizyk\u0119\u201d\u00a0poprowadzi prof.\u00a0dr\u00a0hab. Armand Cholewka. Udzia\u0142 w\u00a0wydarzeniu jest bezp\u0142atny. Liczba miejsc jest ograniczona, na\u00a0ka\u017cdy wyk\u0142ad obowi\u0105zuj\u0105 zapisy poprzez [&hellip;]","og_url":"https:\/\/uniwersytetotwarty.us.edu.pl\/usmlodziezy\/wyklady-otwarate-dla-7-i-8-klasistow\/","og_site_name":"Uniwersytet \u015al\u0105ski M\u0142odzie\u017cy","article_published_time":"2026-04-13T12:16:48+00:00","og_image":[{"width":2000,"height":1414,"url":"https:\/\/uniwersytetotwarty.us.edu.pl\/usmlodziezy\/wp-content\/uploads\/sites\/5\/2026\/04\/us-mLODZIEZY.jpg","type":"image\/jpeg"}],"author":"colsza","twitter_card":"summary_large_image","twitter_misc":{"Napisane przez":"colsza","Szacowany czas czytania":"1 minuta"},"schema":{"@context":"https:\/\/schema.org","@graph":[{"@type":"Article","@id":"https:\/\/uniwersytetotwarty.us.edu.pl\/usmlodziezy\/wyklady-otwarate-dla-7-i-8-klasistow\/#article","isPartOf":{"@id":"https:\/\/uniwersytetotwarty.us.edu.pl\/usmlodziezy\/wyklady-otwarate-dla-7-i-8-klasistow\/"},"author":{"name":"colsza","@id":"https:\/\/uniwersytetotwarty.us.edu.pl\/usmlodziezy\/#\/schema\/person\/1b752dbdeceee9fba1b93dd420f5c321"},"headline":"Wyk\u0142ady otwarate dla 7 i 8 klasist\u00f3w!","datePublished":"2026-04-13T12:16:48+00:00","mainEntityOfPage":{"@id":"https:\/\/uniwersytetotwarty.us.edu.pl\/usmlodziezy\/wyklady-otwarate-dla-7-i-8-klasistow\/"},"wordCount":113,"publisher":{"@id":"https:\/\/uniwersytetotwarty.us.edu.pl\/usmlodziezy\/#organization"},"image":{"@id":"https:\/\/uniwersytetotwarty.us.edu.pl\/usmlodziezy\/wyklady-otwarate-dla-7-i-8-klasistow\/#primaryimage"},"thumbnailUrl":"https:\/\/uniwersytetotwarty.us.edu.pl\/usmlodziezy\/wp-content\/uploads\/sites\/5\/2026\/04\/us-mLODZIEZY.jpg","articleSection":["Aktualno\u015bci"],"inLanguage":"pl-PL"},{"@type":"WebPage","@id":"https:\/\/uniwersytetotwarty.us.edu.pl\/usmlodziezy\/wyklady-otwarate-dla-7-i-8-klasistow\/","url":"https:\/\/uniwersytetotwarty.us.edu.pl\/usmlodziezy\/wyklady-otwarate-dla-7-i-8-klasistow\/","name":"Wyk\u0142ady otwarate dla 7 i 8 klasist\u00f3w! - Uniwersytet \u015al\u0105ski M\u0142odzie\u017cy","isPartOf":{"@id":"https:\/\/uniwersytetotwarty.us.edu.pl\/usmlodziezy\/#website"},"primaryImageOfPage":{"@id":"https:\/\/uniwersytetotwarty.us.edu.pl\/usmlodziezy\/wyklady-otwarate-dla-7-i-8-klasistow\/#primaryimage"},"image":{"@id":"https:\/\/uniwersytetotwarty.us.edu.pl\/usmlodziezy\/wyklady-otwarate-dla-7-i-8-klasistow\/#primaryimage"},"thumbnailUrl":"https:\/\/uniwersytetotwarty.us.edu.pl\/usmlodziezy\/wp-content\/uploads\/sites\/5\/2026\/04\/us-mLODZIEZY.jpg","datePublished":"2026-04-13T12:16:48+00:00","breadcrumb":{"@id":"https:\/\/uniwersytetotwarty.us.edu.pl\/usmlodziezy\/wyklady-otwarate-dla-7-i-8-klasistow\/#breadcrumb"},"inLanguage":"pl-PL","potentialAction":[{"@type":"ReadAction","target":["https:\/\/uniwersytetotwarty.us.edu.pl\/usmlodziezy\/wyklady-otwarate-dla-7-i-8-klasistow\/"]}]},{"@type":"ImageObject","inLanguage":"pl-PL","@id":"https:\/\/uniwersytetotwarty.us.edu.pl\/usmlodziezy\/wyklady-otwarate-dla-7-i-8-klasistow\/#primaryimage","url":"https:\/\/uniwersytetotwarty.us.edu.pl\/usmlodziezy\/wp-content\/uploads\/sites\/5\/2026\/04\/us-mLODZIEZY.jpg","contentUrl":"https:\/\/uniwersytetotwarty.us.edu.pl\/usmlodziezy\/wp-content\/uploads\/sites\/5\/2026\/04\/us-mLODZIEZY.jpg","width":2000,"height":1414},{"@type":"BreadcrumbList","@id":"https:\/\/uniwersytetotwarty.us.edu.pl\/usmlodziezy\/wyklady-otwarate-dla-7-i-8-klasistow\/#breadcrumb","itemListElement":[{"@type":"ListItem","position":1,"name":"Strona g\u0142\u00f3wna","item":"https:\/\/uniwersytetotwarty.us.edu.pl\/usmlodziezy\/"},{"@type":"ListItem","position":2,"name":"Wyk\u0142ady otwarate dla 7 i 8 klasist\u00f3w!"}]},{"@type":"WebSite","@id":"https:\/\/uniwersytetotwarty.us.edu.pl\/usmlodziezy\/#website","url":"https:\/\/uniwersytetotwarty.us.edu.pl\/usmlodziezy\/","name":"Uniwersytet \u015al\u0105ski M\u0142odzie\u017cy","description":"","publisher":{"@id":"https:\/\/uniwersytetotwarty.us.edu.pl\/usmlodziezy\/#organization"},"potentialAction":[{"@type":"SearchAction","target":{"@type":"EntryPoint","urlTemplate":"https:\/\/uniwersytetotwarty.us.edu.pl\/usmlodziezy\/?s={search_term_string}"},"query-input":{"@type":"PropertyValueSpecification","valueRequired":true,"valueName":"search_term_string"}}],"inLanguage":"pl-PL"},{"@type":"Organization","@id":"https:\/\/uniwersytetotwarty.us.edu.pl\/usmlodziezy\/#organization","name":"Uniwersytet \u015al\u0105ski","url":"https:\/\/uniwersytetotwarty.us.edu.pl\/usmlodziezy\/","logo":{"@type":"ImageObject","inLanguage":"pl-PL","@id":"https:\/\/uniwersytetotwarty.us.edu.pl\/usmlodziezy\/#\/schema\/logo\/image\/","url":"https:\/\/uniwersytetotwarty.us.edu.pl\/usmlodziezy\/wp-content\/uploads\/sites\/5\/2023\/07\/logo.svg","contentUrl":"https:\/\/uniwersytetotwarty.us.edu.pl\/usmlodziezy\/wp-content\/uploads\/sites\/5\/2023\/07\/logo.svg","width":414,"height":71,"caption":"Uniwersytet \u015al\u0105ski"},"image":{"@id":"https:\/\/uniwersytetotwarty.us.edu.pl\/usmlodziezy\/#\/schema\/logo\/image\/"}},{"@type":"Person","@id":"https:\/\/uniwersytetotwarty.us.edu.pl\/usmlodziezy\/#\/schema\/person\/1b752dbdeceee9fba1b93dd420f5c321","name":"colsza","image":{"@type":"ImageObject","inLanguage":"pl-PL","@id":"https:\/\/secure.gravatar.com\/avatar\/54006eda4fdfe7fdd1963bf85d21e4fabb8e22154c0d1743edd5e806bbc385b7?s=96&d=mm&r=g","url":"https:\/\/secure.gravatar.com\/avatar\/54006eda4fdfe7fdd1963bf85d21e4fabb8e22154c0d1743edd5e806bbc385b7?s=96&d=mm&r=g","contentUrl":"https:\/\/secure.gravatar.com\/avatar\/54006eda4fdfe7fdd1963bf85d21e4fabb8e22154c0d1743edd5e806bbc385b7?s=96&d=mm&r=g","caption":"colsza"},"url":"https:\/\/uniwersytetotwarty.us.edu.pl\/usmlodziezy\/author\/colsza\/"}]}},"_links":{"self":[{"href":"https:\/\/uniwersytetotwarty.us.edu.pl\/usmlodziezy\/wp-json\/wp\/v2\/posts\/1024","targetHints":{"allow":["GET"]}}],"collection":[{"href":"https:\/\/uniwersytetotwarty.us.edu.pl\/usmlodziezy\/wp-json\/wp\/v2\/posts"}],"about":[{"href":"https:\/\/uniwersytetotwarty.us.edu.pl\/usmlodziezy\/wp-json\/wp\/v2\/types\/post"}],"author":[{"embeddable":true,"href":"https:\/\/uniwersytetotwarty.us.edu.pl\/usmlodziezy\/wp-json\/wp\/v2\/users\/29"}],"replies":[{"embeddable":true,"href":"https:\/\/uniwersytetotwarty.us.edu.pl\/usmlodziezy\/wp-json\/wp\/v2\/comments?post=1024"}],"version-history":[{"count":10,"href":"https:\/\/uniwersytetotwarty.us.edu.pl\/usmlodziezy\/wp-json\/wp\/v2\/posts\/1024\/revisions"}],"predecessor-version":[{"id":1051,"href":"https:\/\/uniwersytetotwarty.us.edu.pl\/usmlodziezy\/wp-json\/wp\/v2\/posts\/1024\/revisions\/1051"}],"wp:featuredmedia":[{"embeddable":true,"href":"https:\/\/uniwersytetotwarty.us.edu.pl\/usmlodziezy\/wp-json\/wp\/v2\/media\/997"}],"wp:attachment":[{"href":"https:\/\/uniwersytetotwarty.us.edu.pl\/usmlodziezy\/wp-json\/wp\/v2\/media?parent=1024"}],"wp:term":[{"taxonomy":"category","embeddable":true,"href":"https:\/\/uniwersytetotwarty.us.edu.pl\/usmlodziezy\/wp-json\/wp\/v2\/categories?post=1024"},{"taxonomy":"post_tag","embeddable":true,"href":"https:\/\/uniwersytetotwarty.us.edu.pl\/usmlodziezy\/wp-json\/wp\/v2\/tags?post=1024"}],"curies":[{"name":"wp","href":"https:\/\/api.w.org\/{rel}","templated":true}]}}