{"id":2262,"date":"2025-09-15T08:48:50","date_gmt":"2025-09-15T06:48:50","guid":{"rendered":"https:\/\/uniwersytetotwarty.us.edu.pl\/ko\/?p=2262"},"modified":"2025-09-15T08:49:21","modified_gmt":"2025-09-15T06:49:21","slug":"dr-hab-inz-piotr-wodarski-prof-ps","status":"publish","type":"post","link":"https:\/\/uniwersytetotwarty.us.edu.pl\/ko\/dr-hab-inz-piotr-wodarski-prof-ps\/","title":{"rendered":"dr hab. in\u017c. Piotr Wodarski, prof. P\u015a"},"content":{"rendered":"\t\t<div data-elementor-type=\"wp-post\" data-elementor-id=\"2262\" class=\"elementor elementor-2262\" data-elementor-post-type=\"post\">\n\t\t\t\t\t\t<section class=\"elementor-section elementor-top-section elementor-element elementor-element-e2bc97d elementor-section-boxed elementor-section-height-default elementor-section-height-default\" data-id=\"e2bc97d\" data-element_type=\"section\" data-e-type=\"section\">\n\t\t\t\t\t\t<div class=\"elementor-container elementor-column-gap-default\">\n\t\t\t\t\t<div class=\"elementor-column elementor-col-100 elementor-top-column elementor-element elementor-element-70a3132\" data-id=\"70a3132\" data-element_type=\"column\" data-e-type=\"column\">\n\t\t\t<div class=\"elementor-widget-wrap elementor-element-populated\">\n\t\t\t\t\t\t<section class=\"elementor-section elementor-inner-section elementor-element elementor-element-05e3fc2 elementor-section-boxed elementor-section-height-default elementor-section-height-default\" data-id=\"05e3fc2\" data-element_type=\"section\" data-e-type=\"section\">\n\t\t\t\t\t\t<div class=\"elementor-container elementor-column-gap-default\">\n\t\t\t\t\t<div class=\"elementor-column elementor-col-50 elementor-inner-column elementor-element elementor-element-e72d4cf\" data-id=\"e72d4cf\" data-element_type=\"column\" data-e-type=\"column\">\n\t\t\t<div class=\"elementor-widget-wrap elementor-element-populated\">\n\t\t\t\t\t\t<div class=\"elementor-element elementor-element-ffb9063 elementor-widget elementor-widget-image\" data-id=\"ffb9063\" data-element_type=\"widget\" data-e-type=\"widget\" data-widget_type=\"image.default\">\n\t\t\t\t<div class=\"elementor-widget-container\">\n\t\t\t\t\t\t\t\t\t\t\t\t\t\t\t<img fetchpriority=\"high\" decoding=\"async\" width=\"500\" height=\"500\" src=\"https:\/\/uniwersytetotwarty.us.edu.pl\/ko\/wp-content\/uploads\/sites\/7\/2025\/08\/Piotr-Wodarski.png\" class=\"attachment-large size-large wp-image-2258\" alt=\"\" srcset=\"https:\/\/uniwersytetotwarty.us.edu.pl\/ko\/wp-content\/uploads\/sites\/7\/2025\/08\/Piotr-Wodarski.png 500w, https:\/\/uniwersytetotwarty.us.edu.pl\/ko\/wp-content\/uploads\/sites\/7\/2025\/08\/Piotr-Wodarski-300x300.png 300w, https:\/\/uniwersytetotwarty.us.edu.pl\/ko\/wp-content\/uploads\/sites\/7\/2025\/08\/Piotr-Wodarski-150x150.png 150w\" sizes=\"(max-width: 500px) 100vw, 500px\" \/>\t\t\t\t\t\t\t\t\t\t\t\t\t\t\t<\/div>\n\t\t\t\t<\/div>\n\t\t\t\t\t<\/div>\n\t\t<\/div>\n\t\t\t\t<div class=\"elementor-column elementor-col-50 elementor-inner-column elementor-element elementor-element-da6dd18\" data-id=\"da6dd18\" data-element_type=\"column\" data-e-type=\"column\">\n\t\t\t<div class=\"elementor-widget-wrap elementor-element-populated\">\n\t\t\t\t\t\t<div class=\"elementor-element elementor-element-b4ad772 elementor-widget elementor-widget-text-editor\" data-id=\"b4ad772\" data-element_type=\"widget\" data-e-type=\"widget\" data-widget_type=\"text-editor.default\">\n\t\t\t\t<div class=\"elementor-widget-container\">\n\t\t\t\t\t\t\t\t\t<p><strong>Profesor Politechniki \u015al\u0105skiej<\/strong>, <strong>naukowiec, kt\u00f3ry \u0142\u0105czy technologi\u0119 z medycyn\u0105, <\/strong>badacz, wyk\u0142adowca i projektant nowoczesnych rozwi\u0105za\u0144 elektronicznych, kt\u00f3ry od lat z powodzeniem udowadnia, \u017ce \u015bwiat nauki, edukacji i medycyny mo\u017ce i\u015b\u0107 rami\u0119 w rami\u0119 z nowoczesnymi technologiami. Obecnie pracuje w <strong>Katedrze Biomechatroniki na Wydziale In\u017cynierii Biomedycznej Politechniki \u015al\u0105skiej<\/strong>, gdzie rozwija projekty \u0142\u0105cz\u0105ce in\u017cynieri\u0119, medycyn\u0119 i rzeczywisto\u015b\u0107 wirtualn\u0105.<br \/>Profesor Piotr Wodarski od pocz\u0105tku swojej kariery koncentruje si\u0119 na tym, jak wykorzysta\u0107 najnowsze osi\u0105gni\u0119cia technologii do poprawy jako\u015bci \u017cycia ludzi. Jego pasj\u0105 jest <strong>Virtual Reality (VR) i Augmented Reality (AR)<\/strong>, kt\u00f3re dzi\u0119ki prowadzonym badaniom staj\u0105 si\u0119 wsparciem dla lekarzy i pacjent\u00f3w w procesie diagnostyki oraz terapii. Wypracowane przez niego rozwi\u0105zania s\u0105 wykorzystywane m.in. w rehabilitacji os\u00f3b po udarach czy w diagnostyce chor\u00f3b neurodegeneracyjnych, takich jak choroba Parkinsona.<br \/>Na swoim koncie ma realizacj\u0119 <strong>ponad kilkunastu projekt\u00f3w badawczych i wdro\u017ceniowych<\/strong>, wsp\u00f3\u0142prac\u0119 z renomowanymi o\u015brodkami naukowymi w Europie, USA, Niemczech i Kanadzie, a tak\u017ce udzia\u0142 w opracowaniu wielu patent\u00f3w i zg\u0142osze\u0144 wynalazczych. Jest autorem i wsp\u00f3\u0142autorem <strong>ponad 180 publikacji naukowych<\/strong>, a wyniki jego bada\u0144 prezentowane by\u0142y na licznych konferencjach krajowych i mi\u0119dzynarodowych.<br \/>Profesor aktywnie anga\u017cuje si\u0119 r\u00f3wnie\u017c w dzia\u0142alno\u015b\u0107 popularyzuj\u0105c\u0105 nauk\u0119 \u2013 wsp\u00f3\u0142organizowa\u0142 wydarzenia, takie jak <strong>Europejskie Miasto Nauki Katowice 2024<\/strong> czy Dzie\u0144 Dziecka na Politechnice \u015al\u0105skiej, gdzie nauka spotyka si\u0119 z pasj\u0105 i zabaw\u0105.<br \/>Obecnie prowadzi badania nad <strong>integracj\u0105 pomiar\u00f3w biomechanicznych z technologi\u0105 wirtualnej rzeczywisto\u015bci i metodami neuroobrazowania<\/strong>, a tak\u017ce nad zastosowaniem analiz cz\u0119stotliwo\u015bciowych w ocenie dynamiki ruchu cz\u0142owieka. Dzi\u0119ki jego pracy nowoczesne technologie coraz cz\u0119\u015bciej trafiaj\u0105 z laboratori\u00f3w do gabinet\u00f3w lekarskich i sal rehabilitacyjnych, zmieniaj\u0105c oblicze wsp\u00f3\u0142czesnej medycyny.<\/p>\t\t\t\t\t\t\t\t<\/div>\n\t\t\t\t<\/div>\n\t\t\t\t\t<\/div>\n\t\t<\/div>\n\t\t\t\t\t<\/div>\n\t\t<\/section>\n\t\t\t\t\t<\/div>\n\t\t<\/div>\n\t\t\t\t\t<\/div>\n\t\t<\/section>\n\t\t\t\t<\/div>\n\t\t","protected":false},"excerpt":{"rendered":"<p>Profesor Politechniki \u015al\u0105skiej, naukowiec, kt\u00f3ry \u0142\u0105czy technologi\u0119 z medycyn\u0105, badacz, wyk\u0142adowca i projektant nowoczesnych rozwi\u0105za\u0144 elektronicznych, kt\u00f3ry od lat z powodzeniem udowadnia, \u017ce \u015bwiat nauki, edukacji i medycyny mo\u017ce i\u015b\u0107 rami\u0119 w rami\u0119 z nowoczesnymi technologiami. Obecnie pracuje w Katedrze Biomechatroniki na Wydziale In\u017cynierii Biomedycznej Politechniki \u015al\u0105skiej, gdzie rozwija projekty \u0142\u0105cz\u0105ce in\u017cynieri\u0119, medycyn\u0119 i rzeczywisto\u015b\u0107 [&hellip;]<\/p>\n","protected":false},"author":2,"featured_media":2258,"comment_status":"closed","ping_status":"closed","sticky":false,"template":"","format":"standard","meta":{"footnotes":""},"categories":[9],"tags":[],"class_list":["post-2262","post","type-post","status-publish","format-standard","has-post-thumbnail","hentry","category-program2025"],"yoast_head":"<!-- This site is optimized with the Yoast SEO plugin v27.5 - https:\/\/yoast.com\/product\/yoast-seo-wordpress\/ -->\n<title>dr hab. in\u017c. Piotr Wodarski, prof. P\u015a - Kongres O\u015bwiaty<\/title>\n<meta name=\"robots\" content=\"index, follow, max-snippet:-1, max-image-preview:large, max-video-preview:-1\" \/>\n<link rel=\"canonical\" href=\"https:\/\/uniwersytetotwarty.us.edu.pl\/ko\/dr-hab-inz-piotr-wodarski-prof-ps\/\" \/>\n<meta property=\"og:locale\" content=\"pl_PL\" \/>\n<meta property=\"og:type\" content=\"article\" \/>\n<meta property=\"og:title\" content=\"dr hab. in\u017c. Piotr Wodarski, prof. P\u015a - Kongres O\u015bwiaty\" \/>\n<meta property=\"og:description\" content=\"Profesor Politechniki \u015al\u0105skiej, naukowiec, kt\u00f3ry \u0142\u0105czy technologi\u0119 z medycyn\u0105, badacz, wyk\u0142adowca i projektant nowoczesnych rozwi\u0105za\u0144 elektronicznych, kt\u00f3ry od lat z powodzeniem udowadnia, \u017ce \u015bwiat nauki, edukacji i medycyny mo\u017ce i\u015b\u0107 rami\u0119 w rami\u0119 z nowoczesnymi technologiami. Obecnie pracuje w Katedrze Biomechatroniki na Wydziale In\u017cynierii Biomedycznej Politechniki \u015al\u0105skiej, gdzie rozwija projekty \u0142\u0105cz\u0105ce in\u017cynieri\u0119, medycyn\u0119 i rzeczywisto\u015b\u0107 [&hellip;]\" \/>\n<meta property=\"og:url\" content=\"https:\/\/uniwersytetotwarty.us.edu.pl\/ko\/dr-hab-inz-piotr-wodarski-prof-ps\/\" \/>\n<meta property=\"og:site_name\" content=\"Kongres O\u015bwiaty\" \/>\n<meta property=\"article:published_time\" content=\"2025-09-15T06:48:50+00:00\" \/>\n<meta property=\"article:modified_time\" content=\"2025-09-15T06:49:21+00:00\" \/>\n<meta property=\"og:image\" content=\"https:\/\/uniwersytetotwarty.us.edu.pl\/ko\/wp-content\/uploads\/sites\/7\/2025\/08\/Piotr-Wodarski.png\" \/>\n\t<meta property=\"og:image:width\" content=\"500\" \/>\n\t<meta property=\"og:image:height\" content=\"500\" \/>\n\t<meta property=\"og:image:type\" content=\"image\/png\" \/>\n<meta name=\"author\" content=\"magpio\" \/>\n<meta name=\"twitter:card\" content=\"summary_large_image\" \/>\n<meta name=\"twitter:label1\" content=\"Napisane przez\" \/>\n\t<meta name=\"twitter:data1\" content=\"magpio\" \/>\n\t<meta name=\"twitter:label2\" content=\"Szacowany czas czytania\" \/>\n\t<meta name=\"twitter:data2\" content=\"2 minuty\" \/>\n<script type=\"application\/ld+json\" class=\"yoast-schema-graph\">{\"@context\":\"https:\\\/\\\/schema.org\",\"@graph\":[{\"@type\":\"Article\",\"@id\":\"https:\\\/\\\/uniwersytetotwarty.us.edu.pl\\\/ko\\\/dr-hab-inz-piotr-wodarski-prof-ps\\\/#article\",\"isPartOf\":{\"@id\":\"https:\\\/\\\/uniwersytetotwarty.us.edu.pl\\\/ko\\\/dr-hab-inz-piotr-wodarski-prof-ps\\\/\"},\"author\":{\"name\":\"magpio\",\"@id\":\"https:\\\/\\\/uniwersytetotwarty.us.edu.pl\\\/ko\\\/#\\\/schema\\\/person\\\/52079e835af28b2986d28dcec18799c7\"},\"headline\":\"dr hab. in\u017c. Piotr Wodarski, prof. P\u015a\",\"datePublished\":\"2025-09-15T06:48:50+00:00\",\"dateModified\":\"2025-09-15T06:49:21+00:00\",\"mainEntityOfPage\":{\"@id\":\"https:\\\/\\\/uniwersytetotwarty.us.edu.pl\\\/ko\\\/dr-hab-inz-piotr-wodarski-prof-ps\\\/\"},\"wordCount\":307,\"publisher\":{\"@id\":\"https:\\\/\\\/uniwersytetotwarty.us.edu.pl\\\/ko\\\/#organization\"},\"image\":{\"@id\":\"https:\\\/\\\/uniwersytetotwarty.us.edu.pl\\\/ko\\\/dr-hab-inz-piotr-wodarski-prof-ps\\\/#primaryimage\"},\"thumbnailUrl\":\"https:\\\/\\\/uniwersytetotwarty.us.edu.pl\\\/ko\\\/wp-content\\\/uploads\\\/sites\\\/7\\\/2025\\\/08\\\/Piotr-Wodarski.png\",\"articleSection\":[\"program2025\"],\"inLanguage\":\"pl-PL\"},{\"@type\":\"WebPage\",\"@id\":\"https:\\\/\\\/uniwersytetotwarty.us.edu.pl\\\/ko\\\/dr-hab-inz-piotr-wodarski-prof-ps\\\/\",\"url\":\"https:\\\/\\\/uniwersytetotwarty.us.edu.pl\\\/ko\\\/dr-hab-inz-piotr-wodarski-prof-ps\\\/\",\"name\":\"dr hab. in\u017c. Piotr Wodarski, prof. P\u015a - Kongres O\u015bwiaty\",\"isPartOf\":{\"@id\":\"https:\\\/\\\/uniwersytetotwarty.us.edu.pl\\\/ko\\\/#website\"},\"primaryImageOfPage\":{\"@id\":\"https:\\\/\\\/uniwersytetotwarty.us.edu.pl\\\/ko\\\/dr-hab-inz-piotr-wodarski-prof-ps\\\/#primaryimage\"},\"image\":{\"@id\":\"https:\\\/\\\/uniwersytetotwarty.us.edu.pl\\\/ko\\\/dr-hab-inz-piotr-wodarski-prof-ps\\\/#primaryimage\"},\"thumbnailUrl\":\"https:\\\/\\\/uniwersytetotwarty.us.edu.pl\\\/ko\\\/wp-content\\\/uploads\\\/sites\\\/7\\\/2025\\\/08\\\/Piotr-Wodarski.png\",\"datePublished\":\"2025-09-15T06:48:50+00:00\",\"dateModified\":\"2025-09-15T06:49:21+00:00\",\"breadcrumb\":{\"@id\":\"https:\\\/\\\/uniwersytetotwarty.us.edu.pl\\\/ko\\\/dr-hab-inz-piotr-wodarski-prof-ps\\\/#breadcrumb\"},\"inLanguage\":\"pl-PL\",\"potentialAction\":[{\"@type\":\"ReadAction\",\"target\":[\"https:\\\/\\\/uniwersytetotwarty.us.edu.pl\\\/ko\\\/dr-hab-inz-piotr-wodarski-prof-ps\\\/\"]}]},{\"@type\":\"ImageObject\",\"inLanguage\":\"pl-PL\",\"@id\":\"https:\\\/\\\/uniwersytetotwarty.us.edu.pl\\\/ko\\\/dr-hab-inz-piotr-wodarski-prof-ps\\\/#primaryimage\",\"url\":\"https:\\\/\\\/uniwersytetotwarty.us.edu.pl\\\/ko\\\/wp-content\\\/uploads\\\/sites\\\/7\\\/2025\\\/08\\\/Piotr-Wodarski.png\",\"contentUrl\":\"https:\\\/\\\/uniwersytetotwarty.us.edu.pl\\\/ko\\\/wp-content\\\/uploads\\\/sites\\\/7\\\/2025\\\/08\\\/Piotr-Wodarski.png\",\"width\":500,\"height\":500},{\"@type\":\"BreadcrumbList\",\"@id\":\"https:\\\/\\\/uniwersytetotwarty.us.edu.pl\\\/ko\\\/dr-hab-inz-piotr-wodarski-prof-ps\\\/#breadcrumb\",\"itemListElement\":[{\"@type\":\"ListItem\",\"position\":1,\"name\":\"Strona g\u0142\u00f3wna\",\"item\":\"https:\\\/\\\/uniwersytetotwarty.us.edu.pl\\\/ko\\\/\"},{\"@type\":\"ListItem\",\"position\":2,\"name\":\"dr hab. in\u017c. Piotr Wodarski, prof. P\u015a\"}]},{\"@type\":\"WebSite\",\"@id\":\"https:\\\/\\\/uniwersytetotwarty.us.edu.pl\\\/ko\\\/#website\",\"url\":\"https:\\\/\\\/uniwersytetotwarty.us.edu.pl\\\/ko\\\/\",\"name\":\"Kongres O\u015bwiaty\",\"description\":\"\",\"publisher\":{\"@id\":\"https:\\\/\\\/uniwersytetotwarty.us.edu.pl\\\/ko\\\/#organization\"},\"potentialAction\":[{\"@type\":\"SearchAction\",\"target\":{\"@type\":\"EntryPoint\",\"urlTemplate\":\"https:\\\/\\\/uniwersytetotwarty.us.edu.pl\\\/ko\\\/?s={search_term_string}\"},\"query-input\":{\"@type\":\"PropertyValueSpecification\",\"valueRequired\":true,\"valueName\":\"search_term_string\"}}],\"inLanguage\":\"pl-PL\"},{\"@type\":\"Organization\",\"@id\":\"https:\\\/\\\/uniwersytetotwarty.us.edu.pl\\\/ko\\\/#organization\",\"name\":\"Uniwersytet \u015al\u0105ski\",\"url\":\"https:\\\/\\\/uniwersytetotwarty.us.edu.pl\\\/ko\\\/\",\"logo\":{\"@type\":\"ImageObject\",\"inLanguage\":\"pl-PL\",\"@id\":\"https:\\\/\\\/uniwersytetotwarty.us.edu.pl\\\/ko\\\/#\\\/schema\\\/logo\\\/image\\\/\",\"url\":\"https:\\\/\\\/uniwersytetotwarty.us.edu.pl\\\/ko\\\/wp-content\\\/uploads\\\/sites\\\/7\\\/2023\\\/08\\\/US_UO-biale.png\",\"contentUrl\":\"https:\\\/\\\/uniwersytetotwarty.us.edu.pl\\\/ko\\\/wp-content\\\/uploads\\\/sites\\\/7\\\/2023\\\/08\\\/US_UO-biale.png\",\"width\":1923,\"height\":326,\"caption\":\"Uniwersytet \u015al\u0105ski\"},\"image\":{\"@id\":\"https:\\\/\\\/uniwersytetotwarty.us.edu.pl\\\/ko\\\/#\\\/schema\\\/logo\\\/image\\\/\"}},{\"@type\":\"Person\",\"@id\":\"https:\\\/\\\/uniwersytetotwarty.us.edu.pl\\\/ko\\\/#\\\/schema\\\/person\\\/52079e835af28b2986d28dcec18799c7\",\"name\":\"magpio\",\"image\":{\"@type\":\"ImageObject\",\"inLanguage\":\"pl-PL\",\"@id\":\"https:\\\/\\\/secure.gravatar.com\\\/avatar\\\/feb37e4a670dfb74c59ab9a778140dae3b46f74c8c374e2982c500e1cd2912e9?s=96&d=mm&r=g\",\"url\":\"https:\\\/\\\/secure.gravatar.com\\\/avatar\\\/feb37e4a670dfb74c59ab9a778140dae3b46f74c8c374e2982c500e1cd2912e9?s=96&d=mm&r=g\",\"contentUrl\":\"https:\\\/\\\/secure.gravatar.com\\\/avatar\\\/feb37e4a670dfb74c59ab9a778140dae3b46f74c8c374e2982c500e1cd2912e9?s=96&d=mm&r=g\",\"caption\":\"magpio\"},\"url\":\"https:\\\/\\\/uniwersytetotwarty.us.edu.pl\\\/ko\\\/author\\\/mpiotrowska\\\/\"}]}<\/script>\n<!-- \/ Yoast SEO plugin. -->","yoast_head_json":{"title":"dr hab. in\u017c. Piotr Wodarski, prof. P\u015a - Kongres O\u015bwiaty","robots":{"index":"index","follow":"follow","max-snippet":"max-snippet:-1","max-image-preview":"max-image-preview:large","max-video-preview":"max-video-preview:-1"},"canonical":"https:\/\/uniwersytetotwarty.us.edu.pl\/ko\/dr-hab-inz-piotr-wodarski-prof-ps\/","og_locale":"pl_PL","og_type":"article","og_title":"dr hab. in\u017c. Piotr Wodarski, prof. P\u015a - Kongres O\u015bwiaty","og_description":"Profesor Politechniki \u015al\u0105skiej, naukowiec, kt\u00f3ry \u0142\u0105czy technologi\u0119 z medycyn\u0105, badacz, wyk\u0142adowca i projektant nowoczesnych rozwi\u0105za\u0144 elektronicznych, kt\u00f3ry od lat z powodzeniem udowadnia, \u017ce \u015bwiat nauki, edukacji i medycyny mo\u017ce i\u015b\u0107 rami\u0119 w rami\u0119 z nowoczesnymi technologiami. Obecnie pracuje w Katedrze Biomechatroniki na Wydziale In\u017cynierii Biomedycznej Politechniki \u015al\u0105skiej, gdzie rozwija projekty \u0142\u0105cz\u0105ce in\u017cynieri\u0119, medycyn\u0119 i rzeczywisto\u015b\u0107 [&hellip;]","og_url":"https:\/\/uniwersytetotwarty.us.edu.pl\/ko\/dr-hab-inz-piotr-wodarski-prof-ps\/","og_site_name":"Kongres O\u015bwiaty","article_published_time":"2025-09-15T06:48:50+00:00","article_modified_time":"2025-09-15T06:49:21+00:00","og_image":[{"width":500,"height":500,"url":"https:\/\/uniwersytetotwarty.us.edu.pl\/ko\/wp-content\/uploads\/sites\/7\/2025\/08\/Piotr-Wodarski.png","type":"image\/png"}],"author":"magpio","twitter_card":"summary_large_image","twitter_misc":{"Napisane przez":"magpio","Szacowany czas czytania":"2 minuty"},"schema":{"@context":"https:\/\/schema.org","@graph":[{"@type":"Article","@id":"https:\/\/uniwersytetotwarty.us.edu.pl\/ko\/dr-hab-inz-piotr-wodarski-prof-ps\/#article","isPartOf":{"@id":"https:\/\/uniwersytetotwarty.us.edu.pl\/ko\/dr-hab-inz-piotr-wodarski-prof-ps\/"},"author":{"name":"magpio","@id":"https:\/\/uniwersytetotwarty.us.edu.pl\/ko\/#\/schema\/person\/52079e835af28b2986d28dcec18799c7"},"headline":"dr hab. in\u017c. Piotr Wodarski, prof. P\u015a","datePublished":"2025-09-15T06:48:50+00:00","dateModified":"2025-09-15T06:49:21+00:00","mainEntityOfPage":{"@id":"https:\/\/uniwersytetotwarty.us.edu.pl\/ko\/dr-hab-inz-piotr-wodarski-prof-ps\/"},"wordCount":307,"publisher":{"@id":"https:\/\/uniwersytetotwarty.us.edu.pl\/ko\/#organization"},"image":{"@id":"https:\/\/uniwersytetotwarty.us.edu.pl\/ko\/dr-hab-inz-piotr-wodarski-prof-ps\/#primaryimage"},"thumbnailUrl":"https:\/\/uniwersytetotwarty.us.edu.pl\/ko\/wp-content\/uploads\/sites\/7\/2025\/08\/Piotr-Wodarski.png","articleSection":["program2025"],"inLanguage":"pl-PL"},{"@type":"WebPage","@id":"https:\/\/uniwersytetotwarty.us.edu.pl\/ko\/dr-hab-inz-piotr-wodarski-prof-ps\/","url":"https:\/\/uniwersytetotwarty.us.edu.pl\/ko\/dr-hab-inz-piotr-wodarski-prof-ps\/","name":"dr hab. in\u017c. Piotr Wodarski, prof. P\u015a - Kongres O\u015bwiaty","isPartOf":{"@id":"https:\/\/uniwersytetotwarty.us.edu.pl\/ko\/#website"},"primaryImageOfPage":{"@id":"https:\/\/uniwersytetotwarty.us.edu.pl\/ko\/dr-hab-inz-piotr-wodarski-prof-ps\/#primaryimage"},"image":{"@id":"https:\/\/uniwersytetotwarty.us.edu.pl\/ko\/dr-hab-inz-piotr-wodarski-prof-ps\/#primaryimage"},"thumbnailUrl":"https:\/\/uniwersytetotwarty.us.edu.pl\/ko\/wp-content\/uploads\/sites\/7\/2025\/08\/Piotr-Wodarski.png","datePublished":"2025-09-15T06:48:50+00:00","dateModified":"2025-09-15T06:49:21+00:00","breadcrumb":{"@id":"https:\/\/uniwersytetotwarty.us.edu.pl\/ko\/dr-hab-inz-piotr-wodarski-prof-ps\/#breadcrumb"},"inLanguage":"pl-PL","potentialAction":[{"@type":"ReadAction","target":["https:\/\/uniwersytetotwarty.us.edu.pl\/ko\/dr-hab-inz-piotr-wodarski-prof-ps\/"]}]},{"@type":"ImageObject","inLanguage":"pl-PL","@id":"https:\/\/uniwersytetotwarty.us.edu.pl\/ko\/dr-hab-inz-piotr-wodarski-prof-ps\/#primaryimage","url":"https:\/\/uniwersytetotwarty.us.edu.pl\/ko\/wp-content\/uploads\/sites\/7\/2025\/08\/Piotr-Wodarski.png","contentUrl":"https:\/\/uniwersytetotwarty.us.edu.pl\/ko\/wp-content\/uploads\/sites\/7\/2025\/08\/Piotr-Wodarski.png","width":500,"height":500},{"@type":"BreadcrumbList","@id":"https:\/\/uniwersytetotwarty.us.edu.pl\/ko\/dr-hab-inz-piotr-wodarski-prof-ps\/#breadcrumb","itemListElement":[{"@type":"ListItem","position":1,"name":"Strona g\u0142\u00f3wna","item":"https:\/\/uniwersytetotwarty.us.edu.pl\/ko\/"},{"@type":"ListItem","position":2,"name":"dr hab. in\u017c. Piotr Wodarski, prof. P\u015a"}]},{"@type":"WebSite","@id":"https:\/\/uniwersytetotwarty.us.edu.pl\/ko\/#website","url":"https:\/\/uniwersytetotwarty.us.edu.pl\/ko\/","name":"Kongres O\u015bwiaty","description":"","publisher":{"@id":"https:\/\/uniwersytetotwarty.us.edu.pl\/ko\/#organization"},"potentialAction":[{"@type":"SearchAction","target":{"@type":"EntryPoint","urlTemplate":"https:\/\/uniwersytetotwarty.us.edu.pl\/ko\/?s={search_term_string}"},"query-input":{"@type":"PropertyValueSpecification","valueRequired":true,"valueName":"search_term_string"}}],"inLanguage":"pl-PL"},{"@type":"Organization","@id":"https:\/\/uniwersytetotwarty.us.edu.pl\/ko\/#organization","name":"Uniwersytet \u015al\u0105ski","url":"https:\/\/uniwersytetotwarty.us.edu.pl\/ko\/","logo":{"@type":"ImageObject","inLanguage":"pl-PL","@id":"https:\/\/uniwersytetotwarty.us.edu.pl\/ko\/#\/schema\/logo\/image\/","url":"https:\/\/uniwersytetotwarty.us.edu.pl\/ko\/wp-content\/uploads\/sites\/7\/2023\/08\/US_UO-biale.png","contentUrl":"https:\/\/uniwersytetotwarty.us.edu.pl\/ko\/wp-content\/uploads\/sites\/7\/2023\/08\/US_UO-biale.png","width":1923,"height":326,"caption":"Uniwersytet \u015al\u0105ski"},"image":{"@id":"https:\/\/uniwersytetotwarty.us.edu.pl\/ko\/#\/schema\/logo\/image\/"}},{"@type":"Person","@id":"https:\/\/uniwersytetotwarty.us.edu.pl\/ko\/#\/schema\/person\/52079e835af28b2986d28dcec18799c7","name":"magpio","image":{"@type":"ImageObject","inLanguage":"pl-PL","@id":"https:\/\/secure.gravatar.com\/avatar\/feb37e4a670dfb74c59ab9a778140dae3b46f74c8c374e2982c500e1cd2912e9?s=96&d=mm&r=g","url":"https:\/\/secure.gravatar.com\/avatar\/feb37e4a670dfb74c59ab9a778140dae3b46f74c8c374e2982c500e1cd2912e9?s=96&d=mm&r=g","contentUrl":"https:\/\/secure.gravatar.com\/avatar\/feb37e4a670dfb74c59ab9a778140dae3b46f74c8c374e2982c500e1cd2912e9?s=96&d=mm&r=g","caption":"magpio"},"url":"https:\/\/uniwersytetotwarty.us.edu.pl\/ko\/author\/mpiotrowska\/"}]}},"_links":{"self":[{"href":"https:\/\/uniwersytetotwarty.us.edu.pl\/ko\/wp-json\/wp\/v2\/posts\/2262","targetHints":{"allow":["GET"]}}],"collection":[{"href":"https:\/\/uniwersytetotwarty.us.edu.pl\/ko\/wp-json\/wp\/v2\/posts"}],"about":[{"href":"https:\/\/uniwersytetotwarty.us.edu.pl\/ko\/wp-json\/wp\/v2\/types\/post"}],"author":[{"embeddable":true,"href":"https:\/\/uniwersytetotwarty.us.edu.pl\/ko\/wp-json\/wp\/v2\/users\/2"}],"replies":[{"embeddable":true,"href":"https:\/\/uniwersytetotwarty.us.edu.pl\/ko\/wp-json\/wp\/v2\/comments?post=2262"}],"version-history":[{"count":4,"href":"https:\/\/uniwersytetotwarty.us.edu.pl\/ko\/wp-json\/wp\/v2\/posts\/2262\/revisions"}],"predecessor-version":[{"id":2266,"href":"https:\/\/uniwersytetotwarty.us.edu.pl\/ko\/wp-json\/wp\/v2\/posts\/2262\/revisions\/2266"}],"wp:featuredmedia":[{"embeddable":true,"href":"https:\/\/uniwersytetotwarty.us.edu.pl\/ko\/wp-json\/wp\/v2\/media\/2258"}],"wp:attachment":[{"href":"https:\/\/uniwersytetotwarty.us.edu.pl\/ko\/wp-json\/wp\/v2\/media?parent=2262"}],"wp:term":[{"taxonomy":"category","embeddable":true,"href":"https:\/\/uniwersytetotwarty.us.edu.pl\/ko\/wp-json\/wp\/v2\/categories?post=2262"},{"taxonomy":"post_tag","embeddable":true,"href":"https:\/\/uniwersytetotwarty.us.edu.pl\/ko\/wp-json\/wp\/v2\/tags?post=2262"}],"curies":[{"name":"wp","href":"https:\/\/api.w.org\/{rel}","templated":true}]}}