{"id":2222,"date":"2025-09-10T12:27:13","date_gmt":"2025-09-10T10:27:13","guid":{"rendered":"https:\/\/uniwersytetotwarty.us.edu.pl\/ko\/?p=2222"},"modified":"2025-09-10T12:28:13","modified_gmt":"2025-09-10T10:28:13","slug":"dr-inz-tomasz-zielinski-prof-ue","status":"publish","type":"post","link":"https:\/\/uniwersytetotwarty.us.edu.pl\/ko\/dr-inz-tomasz-zielinski-prof-ue\/","title":{"rendered":"dr in\u017c. Tomasz Zieli\u0144ski, prof. UE"},"content":{"rendered":"\t\t<div data-elementor-type=\"wp-post\" data-elementor-id=\"2222\" class=\"elementor elementor-2222\" data-elementor-post-type=\"post\">\n\t\t\t\t\t\t<section class=\"elementor-section elementor-top-section elementor-element elementor-element-318d68c elementor-section-boxed elementor-section-height-default elementor-section-height-default\" data-id=\"318d68c\" data-element_type=\"section\" data-e-type=\"section\">\n\t\t\t\t\t\t<div class=\"elementor-container elementor-column-gap-default\">\n\t\t\t\t\t<div class=\"elementor-column elementor-col-100 elementor-top-column elementor-element elementor-element-a84eb01\" data-id=\"a84eb01\" data-element_type=\"column\" data-e-type=\"column\">\n\t\t\t<div class=\"elementor-widget-wrap elementor-element-populated\">\n\t\t\t\t\t\t<section class=\"elementor-section elementor-inner-section elementor-element elementor-element-9795761 elementor-section-boxed elementor-section-height-default elementor-section-height-default\" data-id=\"9795761\" data-element_type=\"section\" data-e-type=\"section\">\n\t\t\t\t\t\t<div class=\"elementor-container elementor-column-gap-default\">\n\t\t\t\t\t<div class=\"elementor-column elementor-col-50 elementor-inner-column elementor-element elementor-element-7c86ee8\" data-id=\"7c86ee8\" data-element_type=\"column\" data-e-type=\"column\">\n\t\t\t<div class=\"elementor-widget-wrap elementor-element-populated\">\n\t\t\t\t\t\t<div class=\"elementor-element elementor-element-ba20a6a elementor-widget elementor-widget-image\" data-id=\"ba20a6a\" data-element_type=\"widget\" data-e-type=\"widget\" data-widget_type=\"image.default\">\n\t\t\t\t<div class=\"elementor-widget-container\">\n\t\t\t\t\t\t\t\t\t\t\t\t\t\t\t<img fetchpriority=\"high\" decoding=\"async\" width=\"500\" height=\"500\" src=\"https:\/\/uniwersytetotwarty.us.edu.pl\/ko\/wp-content\/uploads\/sites\/7\/2025\/08\/Toimasz-Zielinski.png\" class=\"attachment-large size-large wp-image-2218\" alt=\"\" srcset=\"https:\/\/uniwersytetotwarty.us.edu.pl\/ko\/wp-content\/uploads\/sites\/7\/2025\/08\/Toimasz-Zielinski.png 500w, https:\/\/uniwersytetotwarty.us.edu.pl\/ko\/wp-content\/uploads\/sites\/7\/2025\/08\/Toimasz-Zielinski-300x300.png 300w, https:\/\/uniwersytetotwarty.us.edu.pl\/ko\/wp-content\/uploads\/sites\/7\/2025\/08\/Toimasz-Zielinski-150x150.png 150w\" sizes=\"(max-width: 500px) 100vw, 500px\" \/>\t\t\t\t\t\t\t\t\t\t\t\t\t\t\t<\/div>\n\t\t\t\t<\/div>\n\t\t\t\t\t<\/div>\n\t\t<\/div>\n\t\t\t\t<div class=\"elementor-column elementor-col-50 elementor-inner-column elementor-element elementor-element-5d6b153\" data-id=\"5d6b153\" data-element_type=\"column\" data-e-type=\"column\">\n\t\t\t<div class=\"elementor-widget-wrap elementor-element-populated\">\n\t\t\t\t\t\t<div class=\"elementor-element elementor-element-af685e9 elementor-widget elementor-widget-text-editor\" data-id=\"af685e9\" data-element_type=\"widget\" data-e-type=\"widget\" data-widget_type=\"text-editor.default\">\n\t\t\t\t<div class=\"elementor-widget-container\">\n\t\t\t\t\t\t\t\t\t<p>Profesor Uniwersytetu Ekonomicznego w Katowicach, prodziekan Kolegium Studi\u00f3w, dyrektor rybnickiej Filii UE.<br \/>Zwi\u0105zany ze swoj\u0105 macierzyst\u0105 Uczelni\u0105 od roku 1994 jest pracownikiem Katedry Bankowo\u015bci i Rynk\u00f3w Finansowych. W zwi\u0105zku z wcze\u015bniejsz\u0105 prac\u0105 zawodow\u0105 w sektorze bankowym, jego obszar zainteresowa\u0144 naukowych i dydaktycznych koncentruje si\u0119 g\u0142\u00f3wnie w obszarze finans\u00f3w rynkowych, w szczeg\u00f3lno\u015bci bankowo\u015bci i ryzyka finansowego. Posiadaj\u0105c wykszta\u0142cenie in\u017cynierskie i dysponuj\u0105c do\u015bwiadczeniem w zakresie technik elektronicznego przetwarzania danych z upodobaniem \u0142\u0105czy zagadnienia finans\u00f3w z praktyk\u0105 nowoczesnych technologii informatycznych.<br \/>Aktywnie uczestniczy w \u017cyciu organizacyjnym i dydaktycznym Uczelni. Jest cz\u0142onkiem wielu gremi\u00f3w odpowiedzialnych za kszta\u0142t i jako\u015b\u0107 kszta\u0142cenia student\u00f3w. Od wrze\u015bnia 2014 jako pe\u0142nomocnik Rektora tworzy\u0142 zamiejscowy wydzia\u0142 w Rybniku, kt\u00f3rego by\u0142 p\u00f3\u017aniej dziekanem. Obecnie kieruje Fili\u0105 UE w Rybniku. Promuj\u0105c praktyczny profil kszta\u0142cenia aktywnie buduje mosty pomi\u0119dzy szko\u0142\u0105, uczelni\u0105 a biznesem.<br \/>W uznaniu zas\u0142ug na polu dydaktyki zosta\u0142 uhonorowany wieloma Nagrodami Rektora, medalem Komisji Edukacji Narodowej a oraz Br\u0105zowym Krzy\u017cem Zas\u0142ugi.<br \/>Od pa\u017adziernika 2024 jest cz\u0142onkiem \u015al\u0105skiej Rady Edukacji, kt\u00f3rej\u00a0celem jest wspieranie rozwoju edukacji w\u00a0wojew\u00f3dztwie \u015bl\u0105skim a w szczeg\u00f3lno\u015bci budowanie trwa\u0142ych mechanizm\u00f3w wsp\u00f3\u0142pracy mi\u0119dzy edukacj\u0105 a\u00a0rynkiem pracy.<\/p>\t\t\t\t\t\t\t\t<\/div>\n\t\t\t\t<\/div>\n\t\t\t\t\t<\/div>\n\t\t<\/div>\n\t\t\t\t\t<\/div>\n\t\t<\/section>\n\t\t\t\t\t<\/div>\n\t\t<\/div>\n\t\t\t\t\t<\/div>\n\t\t<\/section>\n\t\t\t\t<\/div>\n\t\t","protected":false},"excerpt":{"rendered":"<p>Profesor Uniwersytetu Ekonomicznego w Katowicach, prodziekan Kolegium Studi\u00f3w, dyrektor rybnickiej Filii UE.Zwi\u0105zany ze swoj\u0105 macierzyst\u0105 Uczelni\u0105 od roku 1994 jest pracownikiem Katedry Bankowo\u015bci i Rynk\u00f3w Finansowych. W zwi\u0105zku z wcze\u015bniejsz\u0105 prac\u0105 zawodow\u0105 w sektorze bankowym, jego obszar zainteresowa\u0144 naukowych i dydaktycznych koncentruje si\u0119 g\u0142\u00f3wnie w obszarze finans\u00f3w rynkowych, w szczeg\u00f3lno\u015bci bankowo\u015bci i ryzyka finansowego. Posiadaj\u0105c [&hellip;]<\/p>\n","protected":false},"author":2,"featured_media":2218,"comment_status":"closed","ping_status":"closed","sticky":false,"template":"","format":"standard","meta":{"footnotes":""},"categories":[9],"tags":[],"class_list":["post-2222","post","type-post","status-publish","format-standard","has-post-thumbnail","hentry","category-program2025"],"yoast_head":"<!-- This site is optimized with the Yoast SEO plugin v27.5 - https:\/\/yoast.com\/product\/yoast-seo-wordpress\/ -->\n<title>dr in\u017c. Tomasz Zieli\u0144ski, prof. UE - Kongres O\u015bwiaty<\/title>\n<meta name=\"robots\" content=\"index, follow, max-snippet:-1, max-image-preview:large, max-video-preview:-1\" \/>\n<link rel=\"canonical\" href=\"https:\/\/uniwersytetotwarty.us.edu.pl\/ko\/dr-inz-tomasz-zielinski-prof-ue\/\" \/>\n<meta property=\"og:locale\" content=\"pl_PL\" \/>\n<meta property=\"og:type\" content=\"article\" \/>\n<meta property=\"og:title\" content=\"dr in\u017c. Tomasz Zieli\u0144ski, prof. UE - Kongres O\u015bwiaty\" \/>\n<meta property=\"og:description\" content=\"Profesor Uniwersytetu Ekonomicznego w Katowicach, prodziekan Kolegium Studi\u00f3w, dyrektor rybnickiej Filii UE.Zwi\u0105zany ze swoj\u0105 macierzyst\u0105 Uczelni\u0105 od roku 1994 jest pracownikiem Katedry Bankowo\u015bci i Rynk\u00f3w Finansowych. W zwi\u0105zku z wcze\u015bniejsz\u0105 prac\u0105 zawodow\u0105 w sektorze bankowym, jego obszar zainteresowa\u0144 naukowych i dydaktycznych koncentruje si\u0119 g\u0142\u00f3wnie w obszarze finans\u00f3w rynkowych, w szczeg\u00f3lno\u015bci bankowo\u015bci i ryzyka finansowego. Posiadaj\u0105c [&hellip;]\" \/>\n<meta property=\"og:url\" content=\"https:\/\/uniwersytetotwarty.us.edu.pl\/ko\/dr-inz-tomasz-zielinski-prof-ue\/\" \/>\n<meta property=\"og:site_name\" content=\"Kongres O\u015bwiaty\" \/>\n<meta property=\"article:published_time\" content=\"2025-09-10T10:27:13+00:00\" \/>\n<meta property=\"article:modified_time\" content=\"2025-09-10T10:28:13+00:00\" \/>\n<meta property=\"og:image\" content=\"https:\/\/uniwersytetotwarty.us.edu.pl\/ko\/wp-content\/uploads\/sites\/7\/2025\/08\/Toimasz-Zielinski.png\" \/>\n\t<meta property=\"og:image:width\" content=\"500\" \/>\n\t<meta property=\"og:image:height\" content=\"500\" \/>\n\t<meta property=\"og:image:type\" content=\"image\/png\" \/>\n<meta name=\"author\" content=\"magpio\" \/>\n<meta name=\"twitter:card\" content=\"summary_large_image\" \/>\n<meta name=\"twitter:label1\" content=\"Napisane przez\" \/>\n\t<meta name=\"twitter:data1\" content=\"magpio\" \/>\n\t<meta name=\"twitter:label2\" content=\"Szacowany czas czytania\" \/>\n\t<meta name=\"twitter:data2\" content=\"2 minuty\" \/>\n<script type=\"application\/ld+json\" class=\"yoast-schema-graph\">{\"@context\":\"https:\\\/\\\/schema.org\",\"@graph\":[{\"@type\":\"Article\",\"@id\":\"https:\\\/\\\/uniwersytetotwarty.us.edu.pl\\\/ko\\\/dr-inz-tomasz-zielinski-prof-ue\\\/#article\",\"isPartOf\":{\"@id\":\"https:\\\/\\\/uniwersytetotwarty.us.edu.pl\\\/ko\\\/dr-inz-tomasz-zielinski-prof-ue\\\/\"},\"author\":{\"name\":\"magpio\",\"@id\":\"https:\\\/\\\/uniwersytetotwarty.us.edu.pl\\\/ko\\\/#\\\/schema\\\/person\\\/52079e835af28b2986d28dcec18799c7\"},\"headline\":\"dr in\u017c. Tomasz Zieli\u0144ski, prof. UE\",\"datePublished\":\"2025-09-10T10:27:13+00:00\",\"dateModified\":\"2025-09-10T10:28:13+00:00\",\"mainEntityOfPage\":{\"@id\":\"https:\\\/\\\/uniwersytetotwarty.us.edu.pl\\\/ko\\\/dr-inz-tomasz-zielinski-prof-ue\\\/\"},\"wordCount\":227,\"publisher\":{\"@id\":\"https:\\\/\\\/uniwersytetotwarty.us.edu.pl\\\/ko\\\/#organization\"},\"image\":{\"@id\":\"https:\\\/\\\/uniwersytetotwarty.us.edu.pl\\\/ko\\\/dr-inz-tomasz-zielinski-prof-ue\\\/#primaryimage\"},\"thumbnailUrl\":\"https:\\\/\\\/uniwersytetotwarty.us.edu.pl\\\/ko\\\/wp-content\\\/uploads\\\/sites\\\/7\\\/2025\\\/08\\\/Toimasz-Zielinski.png\",\"articleSection\":[\"program2025\"],\"inLanguage\":\"pl-PL\"},{\"@type\":\"WebPage\",\"@id\":\"https:\\\/\\\/uniwersytetotwarty.us.edu.pl\\\/ko\\\/dr-inz-tomasz-zielinski-prof-ue\\\/\",\"url\":\"https:\\\/\\\/uniwersytetotwarty.us.edu.pl\\\/ko\\\/dr-inz-tomasz-zielinski-prof-ue\\\/\",\"name\":\"dr in\u017c. Tomasz Zieli\u0144ski, prof. UE - Kongres O\u015bwiaty\",\"isPartOf\":{\"@id\":\"https:\\\/\\\/uniwersytetotwarty.us.edu.pl\\\/ko\\\/#website\"},\"primaryImageOfPage\":{\"@id\":\"https:\\\/\\\/uniwersytetotwarty.us.edu.pl\\\/ko\\\/dr-inz-tomasz-zielinski-prof-ue\\\/#primaryimage\"},\"image\":{\"@id\":\"https:\\\/\\\/uniwersytetotwarty.us.edu.pl\\\/ko\\\/dr-inz-tomasz-zielinski-prof-ue\\\/#primaryimage\"},\"thumbnailUrl\":\"https:\\\/\\\/uniwersytetotwarty.us.edu.pl\\\/ko\\\/wp-content\\\/uploads\\\/sites\\\/7\\\/2025\\\/08\\\/Toimasz-Zielinski.png\",\"datePublished\":\"2025-09-10T10:27:13+00:00\",\"dateModified\":\"2025-09-10T10:28:13+00:00\",\"breadcrumb\":{\"@id\":\"https:\\\/\\\/uniwersytetotwarty.us.edu.pl\\\/ko\\\/dr-inz-tomasz-zielinski-prof-ue\\\/#breadcrumb\"},\"inLanguage\":\"pl-PL\",\"potentialAction\":[{\"@type\":\"ReadAction\",\"target\":[\"https:\\\/\\\/uniwersytetotwarty.us.edu.pl\\\/ko\\\/dr-inz-tomasz-zielinski-prof-ue\\\/\"]}]},{\"@type\":\"ImageObject\",\"inLanguage\":\"pl-PL\",\"@id\":\"https:\\\/\\\/uniwersytetotwarty.us.edu.pl\\\/ko\\\/dr-inz-tomasz-zielinski-prof-ue\\\/#primaryimage\",\"url\":\"https:\\\/\\\/uniwersytetotwarty.us.edu.pl\\\/ko\\\/wp-content\\\/uploads\\\/sites\\\/7\\\/2025\\\/08\\\/Toimasz-Zielinski.png\",\"contentUrl\":\"https:\\\/\\\/uniwersytetotwarty.us.edu.pl\\\/ko\\\/wp-content\\\/uploads\\\/sites\\\/7\\\/2025\\\/08\\\/Toimasz-Zielinski.png\",\"width\":500,\"height\":500},{\"@type\":\"BreadcrumbList\",\"@id\":\"https:\\\/\\\/uniwersytetotwarty.us.edu.pl\\\/ko\\\/dr-inz-tomasz-zielinski-prof-ue\\\/#breadcrumb\",\"itemListElement\":[{\"@type\":\"ListItem\",\"position\":1,\"name\":\"Strona g\u0142\u00f3wna\",\"item\":\"https:\\\/\\\/uniwersytetotwarty.us.edu.pl\\\/ko\\\/\"},{\"@type\":\"ListItem\",\"position\":2,\"name\":\"dr in\u017c. Tomasz Zieli\u0144ski, prof. UE\"}]},{\"@type\":\"WebSite\",\"@id\":\"https:\\\/\\\/uniwersytetotwarty.us.edu.pl\\\/ko\\\/#website\",\"url\":\"https:\\\/\\\/uniwersytetotwarty.us.edu.pl\\\/ko\\\/\",\"name\":\"Kongres O\u015bwiaty\",\"description\":\"\",\"publisher\":{\"@id\":\"https:\\\/\\\/uniwersytetotwarty.us.edu.pl\\\/ko\\\/#organization\"},\"potentialAction\":[{\"@type\":\"SearchAction\",\"target\":{\"@type\":\"EntryPoint\",\"urlTemplate\":\"https:\\\/\\\/uniwersytetotwarty.us.edu.pl\\\/ko\\\/?s={search_term_string}\"},\"query-input\":{\"@type\":\"PropertyValueSpecification\",\"valueRequired\":true,\"valueName\":\"search_term_string\"}}],\"inLanguage\":\"pl-PL\"},{\"@type\":\"Organization\",\"@id\":\"https:\\\/\\\/uniwersytetotwarty.us.edu.pl\\\/ko\\\/#organization\",\"name\":\"Uniwersytet \u015al\u0105ski\",\"url\":\"https:\\\/\\\/uniwersytetotwarty.us.edu.pl\\\/ko\\\/\",\"logo\":{\"@type\":\"ImageObject\",\"inLanguage\":\"pl-PL\",\"@id\":\"https:\\\/\\\/uniwersytetotwarty.us.edu.pl\\\/ko\\\/#\\\/schema\\\/logo\\\/image\\\/\",\"url\":\"https:\\\/\\\/uniwersytetotwarty.us.edu.pl\\\/ko\\\/wp-content\\\/uploads\\\/sites\\\/7\\\/2023\\\/08\\\/US_UO-biale.png\",\"contentUrl\":\"https:\\\/\\\/uniwersytetotwarty.us.edu.pl\\\/ko\\\/wp-content\\\/uploads\\\/sites\\\/7\\\/2023\\\/08\\\/US_UO-biale.png\",\"width\":1923,\"height\":326,\"caption\":\"Uniwersytet \u015al\u0105ski\"},\"image\":{\"@id\":\"https:\\\/\\\/uniwersytetotwarty.us.edu.pl\\\/ko\\\/#\\\/schema\\\/logo\\\/image\\\/\"}},{\"@type\":\"Person\",\"@id\":\"https:\\\/\\\/uniwersytetotwarty.us.edu.pl\\\/ko\\\/#\\\/schema\\\/person\\\/52079e835af28b2986d28dcec18799c7\",\"name\":\"magpio\",\"image\":{\"@type\":\"ImageObject\",\"inLanguage\":\"pl-PL\",\"@id\":\"https:\\\/\\\/secure.gravatar.com\\\/avatar\\\/feb37e4a670dfb74c59ab9a778140dae3b46f74c8c374e2982c500e1cd2912e9?s=96&d=mm&r=g\",\"url\":\"https:\\\/\\\/secure.gravatar.com\\\/avatar\\\/feb37e4a670dfb74c59ab9a778140dae3b46f74c8c374e2982c500e1cd2912e9?s=96&d=mm&r=g\",\"contentUrl\":\"https:\\\/\\\/secure.gravatar.com\\\/avatar\\\/feb37e4a670dfb74c59ab9a778140dae3b46f74c8c374e2982c500e1cd2912e9?s=96&d=mm&r=g\",\"caption\":\"magpio\"},\"url\":\"https:\\\/\\\/uniwersytetotwarty.us.edu.pl\\\/ko\\\/author\\\/mpiotrowska\\\/\"}]}<\/script>\n<!-- \/ Yoast SEO plugin. -->","yoast_head_json":{"title":"dr in\u017c. Tomasz Zieli\u0144ski, prof. UE - Kongres O\u015bwiaty","robots":{"index":"index","follow":"follow","max-snippet":"max-snippet:-1","max-image-preview":"max-image-preview:large","max-video-preview":"max-video-preview:-1"},"canonical":"https:\/\/uniwersytetotwarty.us.edu.pl\/ko\/dr-inz-tomasz-zielinski-prof-ue\/","og_locale":"pl_PL","og_type":"article","og_title":"dr in\u017c. Tomasz Zieli\u0144ski, prof. UE - Kongres O\u015bwiaty","og_description":"Profesor Uniwersytetu Ekonomicznego w Katowicach, prodziekan Kolegium Studi\u00f3w, dyrektor rybnickiej Filii UE.Zwi\u0105zany ze swoj\u0105 macierzyst\u0105 Uczelni\u0105 od roku 1994 jest pracownikiem Katedry Bankowo\u015bci i Rynk\u00f3w Finansowych. W zwi\u0105zku z wcze\u015bniejsz\u0105 prac\u0105 zawodow\u0105 w sektorze bankowym, jego obszar zainteresowa\u0144 naukowych i dydaktycznych koncentruje si\u0119 g\u0142\u00f3wnie w obszarze finans\u00f3w rynkowych, w szczeg\u00f3lno\u015bci bankowo\u015bci i ryzyka finansowego. Posiadaj\u0105c [&hellip;]","og_url":"https:\/\/uniwersytetotwarty.us.edu.pl\/ko\/dr-inz-tomasz-zielinski-prof-ue\/","og_site_name":"Kongres O\u015bwiaty","article_published_time":"2025-09-10T10:27:13+00:00","article_modified_time":"2025-09-10T10:28:13+00:00","og_image":[{"width":500,"height":500,"url":"https:\/\/uniwersytetotwarty.us.edu.pl\/ko\/wp-content\/uploads\/sites\/7\/2025\/08\/Toimasz-Zielinski.png","type":"image\/png"}],"author":"magpio","twitter_card":"summary_large_image","twitter_misc":{"Napisane przez":"magpio","Szacowany czas czytania":"2 minuty"},"schema":{"@context":"https:\/\/schema.org","@graph":[{"@type":"Article","@id":"https:\/\/uniwersytetotwarty.us.edu.pl\/ko\/dr-inz-tomasz-zielinski-prof-ue\/#article","isPartOf":{"@id":"https:\/\/uniwersytetotwarty.us.edu.pl\/ko\/dr-inz-tomasz-zielinski-prof-ue\/"},"author":{"name":"magpio","@id":"https:\/\/uniwersytetotwarty.us.edu.pl\/ko\/#\/schema\/person\/52079e835af28b2986d28dcec18799c7"},"headline":"dr in\u017c. Tomasz Zieli\u0144ski, prof. UE","datePublished":"2025-09-10T10:27:13+00:00","dateModified":"2025-09-10T10:28:13+00:00","mainEntityOfPage":{"@id":"https:\/\/uniwersytetotwarty.us.edu.pl\/ko\/dr-inz-tomasz-zielinski-prof-ue\/"},"wordCount":227,"publisher":{"@id":"https:\/\/uniwersytetotwarty.us.edu.pl\/ko\/#organization"},"image":{"@id":"https:\/\/uniwersytetotwarty.us.edu.pl\/ko\/dr-inz-tomasz-zielinski-prof-ue\/#primaryimage"},"thumbnailUrl":"https:\/\/uniwersytetotwarty.us.edu.pl\/ko\/wp-content\/uploads\/sites\/7\/2025\/08\/Toimasz-Zielinski.png","articleSection":["program2025"],"inLanguage":"pl-PL"},{"@type":"WebPage","@id":"https:\/\/uniwersytetotwarty.us.edu.pl\/ko\/dr-inz-tomasz-zielinski-prof-ue\/","url":"https:\/\/uniwersytetotwarty.us.edu.pl\/ko\/dr-inz-tomasz-zielinski-prof-ue\/","name":"dr in\u017c. Tomasz Zieli\u0144ski, prof. UE - Kongres O\u015bwiaty","isPartOf":{"@id":"https:\/\/uniwersytetotwarty.us.edu.pl\/ko\/#website"},"primaryImageOfPage":{"@id":"https:\/\/uniwersytetotwarty.us.edu.pl\/ko\/dr-inz-tomasz-zielinski-prof-ue\/#primaryimage"},"image":{"@id":"https:\/\/uniwersytetotwarty.us.edu.pl\/ko\/dr-inz-tomasz-zielinski-prof-ue\/#primaryimage"},"thumbnailUrl":"https:\/\/uniwersytetotwarty.us.edu.pl\/ko\/wp-content\/uploads\/sites\/7\/2025\/08\/Toimasz-Zielinski.png","datePublished":"2025-09-10T10:27:13+00:00","dateModified":"2025-09-10T10:28:13+00:00","breadcrumb":{"@id":"https:\/\/uniwersytetotwarty.us.edu.pl\/ko\/dr-inz-tomasz-zielinski-prof-ue\/#breadcrumb"},"inLanguage":"pl-PL","potentialAction":[{"@type":"ReadAction","target":["https:\/\/uniwersytetotwarty.us.edu.pl\/ko\/dr-inz-tomasz-zielinski-prof-ue\/"]}]},{"@type":"ImageObject","inLanguage":"pl-PL","@id":"https:\/\/uniwersytetotwarty.us.edu.pl\/ko\/dr-inz-tomasz-zielinski-prof-ue\/#primaryimage","url":"https:\/\/uniwersytetotwarty.us.edu.pl\/ko\/wp-content\/uploads\/sites\/7\/2025\/08\/Toimasz-Zielinski.png","contentUrl":"https:\/\/uniwersytetotwarty.us.edu.pl\/ko\/wp-content\/uploads\/sites\/7\/2025\/08\/Toimasz-Zielinski.png","width":500,"height":500},{"@type":"BreadcrumbList","@id":"https:\/\/uniwersytetotwarty.us.edu.pl\/ko\/dr-inz-tomasz-zielinski-prof-ue\/#breadcrumb","itemListElement":[{"@type":"ListItem","position":1,"name":"Strona g\u0142\u00f3wna","item":"https:\/\/uniwersytetotwarty.us.edu.pl\/ko\/"},{"@type":"ListItem","position":2,"name":"dr in\u017c. Tomasz Zieli\u0144ski, prof. UE"}]},{"@type":"WebSite","@id":"https:\/\/uniwersytetotwarty.us.edu.pl\/ko\/#website","url":"https:\/\/uniwersytetotwarty.us.edu.pl\/ko\/","name":"Kongres O\u015bwiaty","description":"","publisher":{"@id":"https:\/\/uniwersytetotwarty.us.edu.pl\/ko\/#organization"},"potentialAction":[{"@type":"SearchAction","target":{"@type":"EntryPoint","urlTemplate":"https:\/\/uniwersytetotwarty.us.edu.pl\/ko\/?s={search_term_string}"},"query-input":{"@type":"PropertyValueSpecification","valueRequired":true,"valueName":"search_term_string"}}],"inLanguage":"pl-PL"},{"@type":"Organization","@id":"https:\/\/uniwersytetotwarty.us.edu.pl\/ko\/#organization","name":"Uniwersytet \u015al\u0105ski","url":"https:\/\/uniwersytetotwarty.us.edu.pl\/ko\/","logo":{"@type":"ImageObject","inLanguage":"pl-PL","@id":"https:\/\/uniwersytetotwarty.us.edu.pl\/ko\/#\/schema\/logo\/image\/","url":"https:\/\/uniwersytetotwarty.us.edu.pl\/ko\/wp-content\/uploads\/sites\/7\/2023\/08\/US_UO-biale.png","contentUrl":"https:\/\/uniwersytetotwarty.us.edu.pl\/ko\/wp-content\/uploads\/sites\/7\/2023\/08\/US_UO-biale.png","width":1923,"height":326,"caption":"Uniwersytet \u015al\u0105ski"},"image":{"@id":"https:\/\/uniwersytetotwarty.us.edu.pl\/ko\/#\/schema\/logo\/image\/"}},{"@type":"Person","@id":"https:\/\/uniwersytetotwarty.us.edu.pl\/ko\/#\/schema\/person\/52079e835af28b2986d28dcec18799c7","name":"magpio","image":{"@type":"ImageObject","inLanguage":"pl-PL","@id":"https:\/\/secure.gravatar.com\/avatar\/feb37e4a670dfb74c59ab9a778140dae3b46f74c8c374e2982c500e1cd2912e9?s=96&d=mm&r=g","url":"https:\/\/secure.gravatar.com\/avatar\/feb37e4a670dfb74c59ab9a778140dae3b46f74c8c374e2982c500e1cd2912e9?s=96&d=mm&r=g","contentUrl":"https:\/\/secure.gravatar.com\/avatar\/feb37e4a670dfb74c59ab9a778140dae3b46f74c8c374e2982c500e1cd2912e9?s=96&d=mm&r=g","caption":"magpio"},"url":"https:\/\/uniwersytetotwarty.us.edu.pl\/ko\/author\/mpiotrowska\/"}]}},"_links":{"self":[{"href":"https:\/\/uniwersytetotwarty.us.edu.pl\/ko\/wp-json\/wp\/v2\/posts\/2222","targetHints":{"allow":["GET"]}}],"collection":[{"href":"https:\/\/uniwersytetotwarty.us.edu.pl\/ko\/wp-json\/wp\/v2\/posts"}],"about":[{"href":"https:\/\/uniwersytetotwarty.us.edu.pl\/ko\/wp-json\/wp\/v2\/types\/post"}],"author":[{"embeddable":true,"href":"https:\/\/uniwersytetotwarty.us.edu.pl\/ko\/wp-json\/wp\/v2\/users\/2"}],"replies":[{"embeddable":true,"href":"https:\/\/uniwersytetotwarty.us.edu.pl\/ko\/wp-json\/wp\/v2\/comments?post=2222"}],"version-history":[{"count":4,"href":"https:\/\/uniwersytetotwarty.us.edu.pl\/ko\/wp-json\/wp\/v2\/posts\/2222\/revisions"}],"predecessor-version":[{"id":2226,"href":"https:\/\/uniwersytetotwarty.us.edu.pl\/ko\/wp-json\/wp\/v2\/posts\/2222\/revisions\/2226"}],"wp:featuredmedia":[{"embeddable":true,"href":"https:\/\/uniwersytetotwarty.us.edu.pl\/ko\/wp-json\/wp\/v2\/media\/2218"}],"wp:attachment":[{"href":"https:\/\/uniwersytetotwarty.us.edu.pl\/ko\/wp-json\/wp\/v2\/media?parent=2222"}],"wp:term":[{"taxonomy":"category","embeddable":true,"href":"https:\/\/uniwersytetotwarty.us.edu.pl\/ko\/wp-json\/wp\/v2\/categories?post=2222"},{"taxonomy":"post_tag","embeddable":true,"href":"https:\/\/uniwersytetotwarty.us.edu.pl\/ko\/wp-json\/wp\/v2\/tags?post=2222"}],"curies":[{"name":"wp","href":"https:\/\/api.w.org\/{rel}","templated":true}]}}