{"id":2089,"date":"2025-09-04T14:59:26","date_gmt":"2025-09-04T12:59:26","guid":{"rendered":"https:\/\/uniwersytetotwarty.us.edu.pl\/ko\/?p=2089"},"modified":"2025-09-05T14:04:20","modified_gmt":"2025-09-05T12:04:20","slug":"prof-dr-hab-inz-anna-chrobok","status":"publish","type":"post","link":"https:\/\/uniwersytetotwarty.us.edu.pl\/ko\/prof-dr-hab-inz-anna-chrobok\/","title":{"rendered":"prof. dr hab. in\u017c. Anna Chrobok"},"content":{"rendered":"\t\t<div data-elementor-type=\"wp-post\" data-elementor-id=\"2089\" class=\"elementor elementor-2089\" data-elementor-post-type=\"post\">\n\t\t\t\t\t\t<section class=\"elementor-section elementor-top-section elementor-element elementor-element-39e4c61 elementor-section-boxed elementor-section-height-default elementor-section-height-default\" data-id=\"39e4c61\" data-element_type=\"section\" data-e-type=\"section\">\n\t\t\t\t\t\t<div class=\"elementor-container elementor-column-gap-default\">\n\t\t\t\t\t<div class=\"elementor-column elementor-col-100 elementor-top-column elementor-element elementor-element-df50ba8\" data-id=\"df50ba8\" data-element_type=\"column\" data-e-type=\"column\">\n\t\t\t<div class=\"elementor-widget-wrap elementor-element-populated\">\n\t\t\t\t\t\t<section class=\"elementor-section elementor-inner-section elementor-element elementor-element-6c4f2f0 elementor-section-boxed elementor-section-height-default elementor-section-height-default\" data-id=\"6c4f2f0\" data-element_type=\"section\" data-e-type=\"section\">\n\t\t\t\t\t\t<div class=\"elementor-container elementor-column-gap-default\">\n\t\t\t\t\t<div class=\"elementor-column elementor-col-50 elementor-inner-column elementor-element elementor-element-c413265\" data-id=\"c413265\" data-element_type=\"column\" data-e-type=\"column\">\n\t\t\t<div class=\"elementor-widget-wrap elementor-element-populated\">\n\t\t\t\t\t\t<div class=\"elementor-element elementor-element-203d131 elementor-widget elementor-widget-image\" data-id=\"203d131\" data-element_type=\"widget\" data-e-type=\"widget\" data-widget_type=\"image.default\">\n\t\t\t\t<div class=\"elementor-widget-container\">\n\t\t\t\t\t\t\t\t\t\t\t\t\t\t\t<img fetchpriority=\"high\" decoding=\"async\" width=\"500\" height=\"500\" src=\"https:\/\/uniwersytetotwarty.us.edu.pl\/ko\/wp-content\/uploads\/sites\/7\/2025\/09\/Anna-Chrobok.png\" class=\"attachment-large size-large wp-image-2110\" alt=\"\" srcset=\"https:\/\/uniwersytetotwarty.us.edu.pl\/ko\/wp-content\/uploads\/sites\/7\/2025\/09\/Anna-Chrobok.png 500w, https:\/\/uniwersytetotwarty.us.edu.pl\/ko\/wp-content\/uploads\/sites\/7\/2025\/09\/Anna-Chrobok-300x300.png 300w, https:\/\/uniwersytetotwarty.us.edu.pl\/ko\/wp-content\/uploads\/sites\/7\/2025\/09\/Anna-Chrobok-150x150.png 150w\" sizes=\"(max-width: 500px) 100vw, 500px\" \/>\t\t\t\t\t\t\t\t\t\t\t\t\t\t\t<\/div>\n\t\t\t\t<\/div>\n\t\t\t\t\t<\/div>\n\t\t<\/div>\n\t\t\t\t<div class=\"elementor-column elementor-col-50 elementor-inner-column elementor-element elementor-element-3a5ccdb\" data-id=\"3a5ccdb\" data-element_type=\"column\" data-e-type=\"column\">\n\t\t\t<div class=\"elementor-widget-wrap elementor-element-populated\">\n\t\t\t\t\t\t<div class=\"elementor-element elementor-element-1aae2a0 elementor-widget elementor-widget-text-editor\" data-id=\"1aae2a0\" data-element_type=\"widget\" data-e-type=\"widget\" data-widget_type=\"text-editor.default\">\n\t\t\t\t<div class=\"elementor-widget-container\">\n\t\t\t\t\t\t\t\t\t<p>Prorektor ds. Studenckich i Kszta\u0142cenia na Politechnice \u015al\u0105skiej, profesor, doktor habilitowana nauk technicznych, in\u017cynier, specjalistka z zakresu technologii chemicznej organicznej oraz katalizy chemicznej. Jest cz\u0142onkiem Komitetu In\u017cynierii Chemicznej PAN, Przewodnicz\u0105c\u0105 Rady Naukowej Sie\u0107 Badawcza \u0141ukasiewicz &#8211; ICSO \u201eBlachownia\u201d, cz\u0142onkiem Rady Naukowej Centrum Materia\u0142\u00f3w Polimerowych i W\u0119glowych PAN, cz\u0142onkiem Wojew\u00f3dzkiego Zespo\u0142u Koordynacji, \u015al\u0105skiej Rady Edukacji oraz cz\u0142onkiem Komitetu Monitoruj\u0105cego Fundusze Europejskie dla Wojew\u00f3dztwa \u015al\u0105skiego. Jest r\u00f3wnie\u017c przewodnicz\u0105ca Education Council w Uniwersytecie Europejskim EURECA-PRO cz\u0142onkiem Polskiego Towarzystwa Chemicznego (cz\u0142onek zarz\u0105du Klubu Katalizy) oraz cz\u0142onkiem rady programowej czasopisma Przemys\u0142\u00a0Chemiczny.Odby\u0142a roczny podoktorski sta\u017c naukowy w Instytucie Chemii Organicznej Uniwersytetu Wiede\u0144skiego oraz kr\u00f3tsze pobyty jako profesor wizytuj\u0105cy w Monash University (Australia), <a href=\"https:\/\/www.qub.ac.uk\/\">Queen&#8217;s University Belfast (Wielka Brytania), University of California (USA) czy Chongqing Jiaotong University (Chi\u0144ska Republika Ludowa).\u00a0<\/a>Wsp\u00f3\u0142pracowa\u0142a z firmami: ORLEN, ORLEN Po\u0142udnie, Grupa Azoty SA, Solvent Wistol SA, Merck, Perstorp, Losentech, oraz firm\u0105 Fluor. Jest promotorem 16 obronionych prac doktorskich w tym 5 doktorat\u00f3w wdro\u017ceniowych. Jest laureatk\u0105 nagrody indywidualnej Ministra MNiSW za znacz\u0105ce osi\u0105gni\u0119cia w dzia\u0142alno\u015bci wdro\u017ceniowej 2023 r. oraz nagrody zespo\u0142owej Ministra Zdrowia za cykl publikacji 2005 r. Jest autork\u0105 ponad 140 prac z czasopism z bazy JCR (indeks h-29) oraz ponad 50 patent\u00f3w. By\u0142a kierownikiem 6 grant\u00f3w NCN, 2 NCBiR oraz 22 prac NB z przemys\u0142em.<\/p>\t\t\t\t\t\t\t\t<\/div>\n\t\t\t\t<\/div>\n\t\t\t\t\t<\/div>\n\t\t<\/div>\n\t\t\t\t\t<\/div>\n\t\t<\/section>\n\t\t\t\t\t<\/div>\n\t\t<\/div>\n\t\t\t\t\t<\/div>\n\t\t<\/section>\n\t\t\t\t<section class=\"elementor-section elementor-top-section elementor-element elementor-element-66e4ba8 elementor-section-boxed elementor-section-height-default elementor-section-height-default\" data-id=\"66e4ba8\" data-element_type=\"section\" data-e-type=\"section\">\n\t\t\t\t\t\t<div class=\"elementor-container elementor-column-gap-default\">\n\t\t\t\t\t<div class=\"elementor-column elementor-col-100 elementor-top-column elementor-element elementor-element-23f395e\" data-id=\"23f395e\" data-element_type=\"column\" data-e-type=\"column\">\n\t\t\t<div class=\"elementor-widget-wrap elementor-element-populated\">\n\t\t\t\t\t\t<div class=\"elementor-element elementor-element-7609ec6 elementor-widget elementor-widget-heading\" data-id=\"7609ec6\" data-element_type=\"widget\" data-e-type=\"widget\" data-widget_type=\"heading.default\">\n\t\t\t\t<div class=\"elementor-widget-container\">\n\t\t\t\t\t<h3 class=\"elementor-heading-title elementor-size-default\">Uniwersalne projektowanie dla uczenia si\u0119 (universal design for learning)<\/h3>\t\t\t\t<\/div>\n\t\t\t\t<\/div>\n\t\t\t\t\t<\/div>\n\t\t<\/div>\n\t\t\t\t\t<\/div>\n\t\t<\/section>\n\t\t\t\t<\/div>\n\t\t","protected":false},"excerpt":{"rendered":"<p>Prorektor ds. Studenckich i Kszta\u0142cenia na Politechnice \u015al\u0105skiej, profesor, doktor habilitowana nauk technicznych, in\u017cynier, specjalistka z zakresu technologii chemicznej organicznej oraz katalizy chemicznej. Jest cz\u0142onkiem Komitetu In\u017cynierii Chemicznej PAN, Przewodnicz\u0105c\u0105 Rady Naukowej Sie\u0107 Badawcza \u0141ukasiewicz &#8211; ICSO \u201eBlachownia\u201d, cz\u0142onkiem Rady Naukowej Centrum Materia\u0142\u00f3w Polimerowych i W\u0119glowych PAN, cz\u0142onkiem Wojew\u00f3dzkiego Zespo\u0142u Koordynacji, \u015al\u0105skiej Rady Edukacji oraz [&hellip;]<\/p>\n","protected":false},"author":2,"featured_media":2110,"comment_status":"closed","ping_status":"closed","sticky":false,"template":"","format":"standard","meta":{"footnotes":""},"categories":[9],"tags":[],"class_list":["post-2089","post","type-post","status-publish","format-standard","has-post-thumbnail","hentry","category-program2025"],"yoast_head":"<!-- This site is optimized with the Yoast SEO plugin v27.5 - https:\/\/yoast.com\/product\/yoast-seo-wordpress\/ -->\n<title>prof. dr hab. in\u017c. Anna Chrobok - Kongres O\u015bwiaty<\/title>\n<meta name=\"robots\" content=\"index, follow, max-snippet:-1, max-image-preview:large, max-video-preview:-1\" \/>\n<link rel=\"canonical\" href=\"https:\/\/uniwersytetotwarty.us.edu.pl\/ko\/prof-dr-hab-inz-anna-chrobok\/\" \/>\n<meta property=\"og:locale\" content=\"pl_PL\" \/>\n<meta property=\"og:type\" content=\"article\" \/>\n<meta property=\"og:title\" content=\"prof. dr hab. in\u017c. Anna Chrobok - Kongres O\u015bwiaty\" \/>\n<meta property=\"og:description\" content=\"Prorektor ds. Studenckich i Kszta\u0142cenia na Politechnice \u015al\u0105skiej, profesor, doktor habilitowana nauk technicznych, in\u017cynier, specjalistka z zakresu technologii chemicznej organicznej oraz katalizy chemicznej. Jest cz\u0142onkiem Komitetu In\u017cynierii Chemicznej PAN, Przewodnicz\u0105c\u0105 Rady Naukowej Sie\u0107 Badawcza \u0141ukasiewicz &#8211; ICSO \u201eBlachownia\u201d, cz\u0142onkiem Rady Naukowej Centrum Materia\u0142\u00f3w Polimerowych i W\u0119glowych PAN, cz\u0142onkiem Wojew\u00f3dzkiego Zespo\u0142u Koordynacji, \u015al\u0105skiej Rady Edukacji oraz [&hellip;]\" \/>\n<meta property=\"og:url\" content=\"https:\/\/uniwersytetotwarty.us.edu.pl\/ko\/prof-dr-hab-inz-anna-chrobok\/\" \/>\n<meta property=\"og:site_name\" content=\"Kongres O\u015bwiaty\" \/>\n<meta property=\"article:published_time\" content=\"2025-09-04T12:59:26+00:00\" \/>\n<meta property=\"article:modified_time\" content=\"2025-09-05T12:04:20+00:00\" \/>\n<meta property=\"og:image\" content=\"https:\/\/uniwersytetotwarty.us.edu.pl\/ko\/wp-content\/uploads\/sites\/7\/2025\/09\/Anna-Chrobok.png\" \/>\n\t<meta property=\"og:image:width\" content=\"500\" \/>\n\t<meta property=\"og:image:height\" content=\"500\" \/>\n\t<meta property=\"og:image:type\" content=\"image\/png\" \/>\n<meta name=\"author\" content=\"magpio\" \/>\n<meta name=\"twitter:card\" content=\"summary_large_image\" \/>\n<meta name=\"twitter:label1\" content=\"Napisane przez\" \/>\n\t<meta name=\"twitter:data1\" content=\"magpio\" \/>\n\t<meta name=\"twitter:label2\" content=\"Szacowany czas czytania\" \/>\n\t<meta name=\"twitter:data2\" content=\"2 minuty\" \/>\n<script type=\"application\/ld+json\" class=\"yoast-schema-graph\">{\"@context\":\"https:\\\/\\\/schema.org\",\"@graph\":[{\"@type\":\"Article\",\"@id\":\"https:\\\/\\\/uniwersytetotwarty.us.edu.pl\\\/ko\\\/prof-dr-hab-inz-anna-chrobok\\\/#article\",\"isPartOf\":{\"@id\":\"https:\\\/\\\/uniwersytetotwarty.us.edu.pl\\\/ko\\\/prof-dr-hab-inz-anna-chrobok\\\/\"},\"author\":{\"name\":\"magpio\",\"@id\":\"https:\\\/\\\/uniwersytetotwarty.us.edu.pl\\\/ko\\\/#\\\/schema\\\/person\\\/52079e835af28b2986d28dcec18799c7\"},\"headline\":\"prof. dr hab. in\u017c. Anna Chrobok\",\"datePublished\":\"2025-09-04T12:59:26+00:00\",\"dateModified\":\"2025-09-05T12:04:20+00:00\",\"mainEntityOfPage\":{\"@id\":\"https:\\\/\\\/uniwersytetotwarty.us.edu.pl\\\/ko\\\/prof-dr-hab-inz-anna-chrobok\\\/\"},\"wordCount\":257,\"publisher\":{\"@id\":\"https:\\\/\\\/uniwersytetotwarty.us.edu.pl\\\/ko\\\/#organization\"},\"image\":{\"@id\":\"https:\\\/\\\/uniwersytetotwarty.us.edu.pl\\\/ko\\\/prof-dr-hab-inz-anna-chrobok\\\/#primaryimage\"},\"thumbnailUrl\":\"https:\\\/\\\/uniwersytetotwarty.us.edu.pl\\\/ko\\\/wp-content\\\/uploads\\\/sites\\\/7\\\/2025\\\/09\\\/Anna-Chrobok.png\",\"articleSection\":[\"program2025\"],\"inLanguage\":\"pl-PL\"},{\"@type\":\"WebPage\",\"@id\":\"https:\\\/\\\/uniwersytetotwarty.us.edu.pl\\\/ko\\\/prof-dr-hab-inz-anna-chrobok\\\/\",\"url\":\"https:\\\/\\\/uniwersytetotwarty.us.edu.pl\\\/ko\\\/prof-dr-hab-inz-anna-chrobok\\\/\",\"name\":\"prof. dr hab. in\u017c. Anna Chrobok - Kongres O\u015bwiaty\",\"isPartOf\":{\"@id\":\"https:\\\/\\\/uniwersytetotwarty.us.edu.pl\\\/ko\\\/#website\"},\"primaryImageOfPage\":{\"@id\":\"https:\\\/\\\/uniwersytetotwarty.us.edu.pl\\\/ko\\\/prof-dr-hab-inz-anna-chrobok\\\/#primaryimage\"},\"image\":{\"@id\":\"https:\\\/\\\/uniwersytetotwarty.us.edu.pl\\\/ko\\\/prof-dr-hab-inz-anna-chrobok\\\/#primaryimage\"},\"thumbnailUrl\":\"https:\\\/\\\/uniwersytetotwarty.us.edu.pl\\\/ko\\\/wp-content\\\/uploads\\\/sites\\\/7\\\/2025\\\/09\\\/Anna-Chrobok.png\",\"datePublished\":\"2025-09-04T12:59:26+00:00\",\"dateModified\":\"2025-09-05T12:04:20+00:00\",\"breadcrumb\":{\"@id\":\"https:\\\/\\\/uniwersytetotwarty.us.edu.pl\\\/ko\\\/prof-dr-hab-inz-anna-chrobok\\\/#breadcrumb\"},\"inLanguage\":\"pl-PL\",\"potentialAction\":[{\"@type\":\"ReadAction\",\"target\":[\"https:\\\/\\\/uniwersytetotwarty.us.edu.pl\\\/ko\\\/prof-dr-hab-inz-anna-chrobok\\\/\"]}]},{\"@type\":\"ImageObject\",\"inLanguage\":\"pl-PL\",\"@id\":\"https:\\\/\\\/uniwersytetotwarty.us.edu.pl\\\/ko\\\/prof-dr-hab-inz-anna-chrobok\\\/#primaryimage\",\"url\":\"https:\\\/\\\/uniwersytetotwarty.us.edu.pl\\\/ko\\\/wp-content\\\/uploads\\\/sites\\\/7\\\/2025\\\/09\\\/Anna-Chrobok.png\",\"contentUrl\":\"https:\\\/\\\/uniwersytetotwarty.us.edu.pl\\\/ko\\\/wp-content\\\/uploads\\\/sites\\\/7\\\/2025\\\/09\\\/Anna-Chrobok.png\",\"width\":500,\"height\":500},{\"@type\":\"BreadcrumbList\",\"@id\":\"https:\\\/\\\/uniwersytetotwarty.us.edu.pl\\\/ko\\\/prof-dr-hab-inz-anna-chrobok\\\/#breadcrumb\",\"itemListElement\":[{\"@type\":\"ListItem\",\"position\":1,\"name\":\"Strona g\u0142\u00f3wna\",\"item\":\"https:\\\/\\\/uniwersytetotwarty.us.edu.pl\\\/ko\\\/\"},{\"@type\":\"ListItem\",\"position\":2,\"name\":\"prof. dr hab. in\u017c. Anna Chrobok\"}]},{\"@type\":\"WebSite\",\"@id\":\"https:\\\/\\\/uniwersytetotwarty.us.edu.pl\\\/ko\\\/#website\",\"url\":\"https:\\\/\\\/uniwersytetotwarty.us.edu.pl\\\/ko\\\/\",\"name\":\"Kongres O\u015bwiaty\",\"description\":\"\",\"publisher\":{\"@id\":\"https:\\\/\\\/uniwersytetotwarty.us.edu.pl\\\/ko\\\/#organization\"},\"potentialAction\":[{\"@type\":\"SearchAction\",\"target\":{\"@type\":\"EntryPoint\",\"urlTemplate\":\"https:\\\/\\\/uniwersytetotwarty.us.edu.pl\\\/ko\\\/?s={search_term_string}\"},\"query-input\":{\"@type\":\"PropertyValueSpecification\",\"valueRequired\":true,\"valueName\":\"search_term_string\"}}],\"inLanguage\":\"pl-PL\"},{\"@type\":\"Organization\",\"@id\":\"https:\\\/\\\/uniwersytetotwarty.us.edu.pl\\\/ko\\\/#organization\",\"name\":\"Uniwersytet \u015al\u0105ski\",\"url\":\"https:\\\/\\\/uniwersytetotwarty.us.edu.pl\\\/ko\\\/\",\"logo\":{\"@type\":\"ImageObject\",\"inLanguage\":\"pl-PL\",\"@id\":\"https:\\\/\\\/uniwersytetotwarty.us.edu.pl\\\/ko\\\/#\\\/schema\\\/logo\\\/image\\\/\",\"url\":\"https:\\\/\\\/uniwersytetotwarty.us.edu.pl\\\/ko\\\/wp-content\\\/uploads\\\/sites\\\/7\\\/2023\\\/08\\\/US_UO-biale.png\",\"contentUrl\":\"https:\\\/\\\/uniwersytetotwarty.us.edu.pl\\\/ko\\\/wp-content\\\/uploads\\\/sites\\\/7\\\/2023\\\/08\\\/US_UO-biale.png\",\"width\":1923,\"height\":326,\"caption\":\"Uniwersytet \u015al\u0105ski\"},\"image\":{\"@id\":\"https:\\\/\\\/uniwersytetotwarty.us.edu.pl\\\/ko\\\/#\\\/schema\\\/logo\\\/image\\\/\"}},{\"@type\":\"Person\",\"@id\":\"https:\\\/\\\/uniwersytetotwarty.us.edu.pl\\\/ko\\\/#\\\/schema\\\/person\\\/52079e835af28b2986d28dcec18799c7\",\"name\":\"magpio\",\"image\":{\"@type\":\"ImageObject\",\"inLanguage\":\"pl-PL\",\"@id\":\"https:\\\/\\\/secure.gravatar.com\\\/avatar\\\/feb37e4a670dfb74c59ab9a778140dae3b46f74c8c374e2982c500e1cd2912e9?s=96&d=mm&r=g\",\"url\":\"https:\\\/\\\/secure.gravatar.com\\\/avatar\\\/feb37e4a670dfb74c59ab9a778140dae3b46f74c8c374e2982c500e1cd2912e9?s=96&d=mm&r=g\",\"contentUrl\":\"https:\\\/\\\/secure.gravatar.com\\\/avatar\\\/feb37e4a670dfb74c59ab9a778140dae3b46f74c8c374e2982c500e1cd2912e9?s=96&d=mm&r=g\",\"caption\":\"magpio\"},\"url\":\"https:\\\/\\\/uniwersytetotwarty.us.edu.pl\\\/ko\\\/author\\\/mpiotrowska\\\/\"}]}<\/script>\n<!-- \/ Yoast SEO plugin. -->","yoast_head_json":{"title":"prof. dr hab. in\u017c. Anna Chrobok - Kongres O\u015bwiaty","robots":{"index":"index","follow":"follow","max-snippet":"max-snippet:-1","max-image-preview":"max-image-preview:large","max-video-preview":"max-video-preview:-1"},"canonical":"https:\/\/uniwersytetotwarty.us.edu.pl\/ko\/prof-dr-hab-inz-anna-chrobok\/","og_locale":"pl_PL","og_type":"article","og_title":"prof. dr hab. in\u017c. Anna Chrobok - Kongres O\u015bwiaty","og_description":"Prorektor ds. Studenckich i Kszta\u0142cenia na Politechnice \u015al\u0105skiej, profesor, doktor habilitowana nauk technicznych, in\u017cynier, specjalistka z zakresu technologii chemicznej organicznej oraz katalizy chemicznej. Jest cz\u0142onkiem Komitetu In\u017cynierii Chemicznej PAN, Przewodnicz\u0105c\u0105 Rady Naukowej Sie\u0107 Badawcza \u0141ukasiewicz &#8211; ICSO \u201eBlachownia\u201d, cz\u0142onkiem Rady Naukowej Centrum Materia\u0142\u00f3w Polimerowych i W\u0119glowych PAN, cz\u0142onkiem Wojew\u00f3dzkiego Zespo\u0142u Koordynacji, \u015al\u0105skiej Rady Edukacji oraz [&hellip;]","og_url":"https:\/\/uniwersytetotwarty.us.edu.pl\/ko\/prof-dr-hab-inz-anna-chrobok\/","og_site_name":"Kongres O\u015bwiaty","article_published_time":"2025-09-04T12:59:26+00:00","article_modified_time":"2025-09-05T12:04:20+00:00","og_image":[{"width":500,"height":500,"url":"https:\/\/uniwersytetotwarty.us.edu.pl\/ko\/wp-content\/uploads\/sites\/7\/2025\/09\/Anna-Chrobok.png","type":"image\/png"}],"author":"magpio","twitter_card":"summary_large_image","twitter_misc":{"Napisane przez":"magpio","Szacowany czas czytania":"2 minuty"},"schema":{"@context":"https:\/\/schema.org","@graph":[{"@type":"Article","@id":"https:\/\/uniwersytetotwarty.us.edu.pl\/ko\/prof-dr-hab-inz-anna-chrobok\/#article","isPartOf":{"@id":"https:\/\/uniwersytetotwarty.us.edu.pl\/ko\/prof-dr-hab-inz-anna-chrobok\/"},"author":{"name":"magpio","@id":"https:\/\/uniwersytetotwarty.us.edu.pl\/ko\/#\/schema\/person\/52079e835af28b2986d28dcec18799c7"},"headline":"prof. dr hab. in\u017c. Anna Chrobok","datePublished":"2025-09-04T12:59:26+00:00","dateModified":"2025-09-05T12:04:20+00:00","mainEntityOfPage":{"@id":"https:\/\/uniwersytetotwarty.us.edu.pl\/ko\/prof-dr-hab-inz-anna-chrobok\/"},"wordCount":257,"publisher":{"@id":"https:\/\/uniwersytetotwarty.us.edu.pl\/ko\/#organization"},"image":{"@id":"https:\/\/uniwersytetotwarty.us.edu.pl\/ko\/prof-dr-hab-inz-anna-chrobok\/#primaryimage"},"thumbnailUrl":"https:\/\/uniwersytetotwarty.us.edu.pl\/ko\/wp-content\/uploads\/sites\/7\/2025\/09\/Anna-Chrobok.png","articleSection":["program2025"],"inLanguage":"pl-PL"},{"@type":"WebPage","@id":"https:\/\/uniwersytetotwarty.us.edu.pl\/ko\/prof-dr-hab-inz-anna-chrobok\/","url":"https:\/\/uniwersytetotwarty.us.edu.pl\/ko\/prof-dr-hab-inz-anna-chrobok\/","name":"prof. dr hab. in\u017c. Anna Chrobok - Kongres O\u015bwiaty","isPartOf":{"@id":"https:\/\/uniwersytetotwarty.us.edu.pl\/ko\/#website"},"primaryImageOfPage":{"@id":"https:\/\/uniwersytetotwarty.us.edu.pl\/ko\/prof-dr-hab-inz-anna-chrobok\/#primaryimage"},"image":{"@id":"https:\/\/uniwersytetotwarty.us.edu.pl\/ko\/prof-dr-hab-inz-anna-chrobok\/#primaryimage"},"thumbnailUrl":"https:\/\/uniwersytetotwarty.us.edu.pl\/ko\/wp-content\/uploads\/sites\/7\/2025\/09\/Anna-Chrobok.png","datePublished":"2025-09-04T12:59:26+00:00","dateModified":"2025-09-05T12:04:20+00:00","breadcrumb":{"@id":"https:\/\/uniwersytetotwarty.us.edu.pl\/ko\/prof-dr-hab-inz-anna-chrobok\/#breadcrumb"},"inLanguage":"pl-PL","potentialAction":[{"@type":"ReadAction","target":["https:\/\/uniwersytetotwarty.us.edu.pl\/ko\/prof-dr-hab-inz-anna-chrobok\/"]}]},{"@type":"ImageObject","inLanguage":"pl-PL","@id":"https:\/\/uniwersytetotwarty.us.edu.pl\/ko\/prof-dr-hab-inz-anna-chrobok\/#primaryimage","url":"https:\/\/uniwersytetotwarty.us.edu.pl\/ko\/wp-content\/uploads\/sites\/7\/2025\/09\/Anna-Chrobok.png","contentUrl":"https:\/\/uniwersytetotwarty.us.edu.pl\/ko\/wp-content\/uploads\/sites\/7\/2025\/09\/Anna-Chrobok.png","width":500,"height":500},{"@type":"BreadcrumbList","@id":"https:\/\/uniwersytetotwarty.us.edu.pl\/ko\/prof-dr-hab-inz-anna-chrobok\/#breadcrumb","itemListElement":[{"@type":"ListItem","position":1,"name":"Strona g\u0142\u00f3wna","item":"https:\/\/uniwersytetotwarty.us.edu.pl\/ko\/"},{"@type":"ListItem","position":2,"name":"prof. dr hab. in\u017c. Anna Chrobok"}]},{"@type":"WebSite","@id":"https:\/\/uniwersytetotwarty.us.edu.pl\/ko\/#website","url":"https:\/\/uniwersytetotwarty.us.edu.pl\/ko\/","name":"Kongres O\u015bwiaty","description":"","publisher":{"@id":"https:\/\/uniwersytetotwarty.us.edu.pl\/ko\/#organization"},"potentialAction":[{"@type":"SearchAction","target":{"@type":"EntryPoint","urlTemplate":"https:\/\/uniwersytetotwarty.us.edu.pl\/ko\/?s={search_term_string}"},"query-input":{"@type":"PropertyValueSpecification","valueRequired":true,"valueName":"search_term_string"}}],"inLanguage":"pl-PL"},{"@type":"Organization","@id":"https:\/\/uniwersytetotwarty.us.edu.pl\/ko\/#organization","name":"Uniwersytet \u015al\u0105ski","url":"https:\/\/uniwersytetotwarty.us.edu.pl\/ko\/","logo":{"@type":"ImageObject","inLanguage":"pl-PL","@id":"https:\/\/uniwersytetotwarty.us.edu.pl\/ko\/#\/schema\/logo\/image\/","url":"https:\/\/uniwersytetotwarty.us.edu.pl\/ko\/wp-content\/uploads\/sites\/7\/2023\/08\/US_UO-biale.png","contentUrl":"https:\/\/uniwersytetotwarty.us.edu.pl\/ko\/wp-content\/uploads\/sites\/7\/2023\/08\/US_UO-biale.png","width":1923,"height":326,"caption":"Uniwersytet \u015al\u0105ski"},"image":{"@id":"https:\/\/uniwersytetotwarty.us.edu.pl\/ko\/#\/schema\/logo\/image\/"}},{"@type":"Person","@id":"https:\/\/uniwersytetotwarty.us.edu.pl\/ko\/#\/schema\/person\/52079e835af28b2986d28dcec18799c7","name":"magpio","image":{"@type":"ImageObject","inLanguage":"pl-PL","@id":"https:\/\/secure.gravatar.com\/avatar\/feb37e4a670dfb74c59ab9a778140dae3b46f74c8c374e2982c500e1cd2912e9?s=96&d=mm&r=g","url":"https:\/\/secure.gravatar.com\/avatar\/feb37e4a670dfb74c59ab9a778140dae3b46f74c8c374e2982c500e1cd2912e9?s=96&d=mm&r=g","contentUrl":"https:\/\/secure.gravatar.com\/avatar\/feb37e4a670dfb74c59ab9a778140dae3b46f74c8c374e2982c500e1cd2912e9?s=96&d=mm&r=g","caption":"magpio"},"url":"https:\/\/uniwersytetotwarty.us.edu.pl\/ko\/author\/mpiotrowska\/"}]}},"_links":{"self":[{"href":"https:\/\/uniwersytetotwarty.us.edu.pl\/ko\/wp-json\/wp\/v2\/posts\/2089","targetHints":{"allow":["GET"]}}],"collection":[{"href":"https:\/\/uniwersytetotwarty.us.edu.pl\/ko\/wp-json\/wp\/v2\/posts"}],"about":[{"href":"https:\/\/uniwersytetotwarty.us.edu.pl\/ko\/wp-json\/wp\/v2\/types\/post"}],"author":[{"embeddable":true,"href":"https:\/\/uniwersytetotwarty.us.edu.pl\/ko\/wp-json\/wp\/v2\/users\/2"}],"replies":[{"embeddable":true,"href":"https:\/\/uniwersytetotwarty.us.edu.pl\/ko\/wp-json\/wp\/v2\/comments?post=2089"}],"version-history":[{"count":8,"href":"https:\/\/uniwersytetotwarty.us.edu.pl\/ko\/wp-json\/wp\/v2\/posts\/2089\/revisions"}],"predecessor-version":[{"id":2115,"href":"https:\/\/uniwersytetotwarty.us.edu.pl\/ko\/wp-json\/wp\/v2\/posts\/2089\/revisions\/2115"}],"wp:featuredmedia":[{"embeddable":true,"href":"https:\/\/uniwersytetotwarty.us.edu.pl\/ko\/wp-json\/wp\/v2\/media\/2110"}],"wp:attachment":[{"href":"https:\/\/uniwersytetotwarty.us.edu.pl\/ko\/wp-json\/wp\/v2\/media?parent=2089"}],"wp:term":[{"taxonomy":"category","embeddable":true,"href":"https:\/\/uniwersytetotwarty.us.edu.pl\/ko\/wp-json\/wp\/v2\/categories?post=2089"},{"taxonomy":"post_tag","embeddable":true,"href":"https:\/\/uniwersytetotwarty.us.edu.pl\/ko\/wp-json\/wp\/v2\/tags?post=2089"}],"curies":[{"name":"wp","href":"https:\/\/api.w.org\/{rel}","templated":true}]}}