{"id":1353,"date":"2025-08-11T09:41:27","date_gmt":"2025-08-11T07:41:27","guid":{"rendered":"https:\/\/uniwersytetotwarty.us.edu.pl\/ko\/?p=1353"},"modified":"2025-08-11T09:42:13","modified_gmt":"2025-08-11T07:42:13","slug":"krzysztof-malceki","status":"publish","type":"post","link":"https:\/\/uniwersytetotwarty.us.edu.pl\/ko\/krzysztof-malceki\/","title":{"rendered":"Krzysztof Ma\u0142ceki"},"content":{"rendered":"\t\t<div data-elementor-type=\"wp-post\" data-elementor-id=\"1353\" class=\"elementor elementor-1353\" data-elementor-post-type=\"post\">\n\t\t\t\t\t\t<section class=\"elementor-section elementor-top-section elementor-element elementor-element-4fccf01 elementor-section-boxed elementor-section-height-default elementor-section-height-default\" data-id=\"4fccf01\" data-element_type=\"section\" data-e-type=\"section\">\n\t\t\t\t\t\t<div class=\"elementor-container elementor-column-gap-default\">\n\t\t\t\t\t<div class=\"elementor-column elementor-col-100 elementor-top-column elementor-element elementor-element-100e137\" data-id=\"100e137\" data-element_type=\"column\" data-e-type=\"column\">\n\t\t\t<div class=\"elementor-widget-wrap elementor-element-populated\">\n\t\t\t\t\t\t<section class=\"elementor-section elementor-inner-section elementor-element elementor-element-9b2dec8 elementor-section-boxed elementor-section-height-default elementor-section-height-default\" data-id=\"9b2dec8\" data-element_type=\"section\" data-e-type=\"section\">\n\t\t\t\t\t\t<div class=\"elementor-container elementor-column-gap-default\">\n\t\t\t\t\t<div class=\"elementor-column elementor-col-50 elementor-inner-column elementor-element elementor-element-4bd7cb4\" data-id=\"4bd7cb4\" data-element_type=\"column\" data-e-type=\"column\">\n\t\t\t<div class=\"elementor-widget-wrap elementor-element-populated\">\n\t\t\t\t\t\t<div class=\"elementor-element elementor-element-397abfd elementor-widget elementor-widget-image\" data-id=\"397abfd\" data-element_type=\"widget\" data-e-type=\"widget\" data-widget_type=\"image.default\">\n\t\t\t\t<div class=\"elementor-widget-container\">\n\t\t\t\t\t\t\t\t\t\t\t\t\t\t\t<img fetchpriority=\"high\" decoding=\"async\" width=\"600\" height=\"568\" src=\"https:\/\/uniwersytetotwarty.us.edu.pl\/ko\/wp-content\/uploads\/sites\/7\/2024\/09\/computer-icons-person-anonymous.jpg\" class=\"attachment-large size-large wp-image-571\" alt=\"\" srcset=\"https:\/\/uniwersytetotwarty.us.edu.pl\/ko\/wp-content\/uploads\/sites\/7\/2024\/09\/computer-icons-person-anonymous.jpg 600w, https:\/\/uniwersytetotwarty.us.edu.pl\/ko\/wp-content\/uploads\/sites\/7\/2024\/09\/computer-icons-person-anonymous-300x284.jpg 300w\" sizes=\"(max-width: 600px) 100vw, 600px\" \/>\t\t\t\t\t\t\t\t\t\t\t\t\t\t\t<\/div>\n\t\t\t\t<\/div>\n\t\t\t\t\t<\/div>\n\t\t<\/div>\n\t\t\t\t<div class=\"elementor-column elementor-col-50 elementor-inner-column elementor-element elementor-element-e451e52\" data-id=\"e451e52\" data-element_type=\"column\" data-e-type=\"column\">\n\t\t\t<div class=\"elementor-widget-wrap elementor-element-populated\">\n\t\t\t\t\t\t<div class=\"elementor-element elementor-element-a069c4f elementor-widget elementor-widget-text-editor\" data-id=\"a069c4f\" data-element_type=\"widget\" data-e-type=\"widget\" data-widget_type=\"text-editor.default\">\n\t\t\t\t<div class=\"elementor-widget-container\">\n\t\t\t\t\t\t\t\t\t<p>Od 3 lat udzia\u0142owiec i Partner zarz\u0105dzaj\u0105cy w grupie Euvic Performance. Wcze\u015bniej za\u0142o\u017cyciel agencji FFW Communication, a tak\u017ce m.in. w strukturach komunikacyjnych Hewlett Packard Polska (Enterprise PR Manager) oraz Getin Holding i Getin Bank (PR Manager\/ rzecznik prasowy).\u202f Przedsi\u0119biorca, ekspert komunikacji B2B i korporacyjnej.\u202f\u202f<br \/>W swojej karierze realizowa\u0142 i nadzorowa\u0142 projekty komunikacyjne m.in dla mBank, ING Bank, Velo Bank,\u202f Bosch und Siemens Hausger\u00e4te , Grupy Impel, Rockwool, Lenovo, Motorola, Ergo Hestia, Orange, Haier Group, Logitech, Canon, Q Service Castrol &#8211; a tak\u017ce dla Dubai Police w ZEA. Absolwent Wydzia\u0142u Nauk Spo\u0142ecznych UWr.\u202fPasjonat kolarstwa MTB i szosowego, entuzjasta historii lotnictwa.<\/p>\t\t\t\t\t\t\t\t<\/div>\n\t\t\t\t<\/div>\n\t\t\t\t\t<\/div>\n\t\t<\/div>\n\t\t\t\t\t<\/div>\n\t\t<\/section>\n\t\t\t\t\t<\/div>\n\t\t<\/div>\n\t\t\t\t\t<\/div>\n\t\t<\/section>\n\t\t\t\t<\/div>\n\t\t","protected":false},"excerpt":{"rendered":"<p>Od 3 lat udzia\u0142owiec i Partner zarz\u0105dzaj\u0105cy w grupie Euvic Performance. Wcze\u015bniej za\u0142o\u017cyciel agencji FFW Communication, a tak\u017ce m.in. w strukturach komunikacyjnych Hewlett Packard Polska (Enterprise PR Manager) oraz Getin Holding i Getin Bank (PR Manager\/ rzecznik prasowy).\u202f Przedsi\u0119biorca, ekspert komunikacji B2B i korporacyjnej.\u202f\u202fW swojej karierze realizowa\u0142 i nadzorowa\u0142 projekty komunikacyjne m.in dla mBank, ING [&hellip;]<\/p>\n","protected":false},"author":2,"featured_media":571,"comment_status":"closed","ping_status":"closed","sticky":false,"template":"","format":"standard","meta":{"footnotes":""},"categories":[9],"tags":[],"class_list":["post-1353","post","type-post","status-publish","format-standard","has-post-thumbnail","hentry","category-program2025"],"yoast_head":"<!-- This site is optimized with the Yoast SEO plugin v27.5 - https:\/\/yoast.com\/product\/yoast-seo-wordpress\/ -->\n<title>Krzysztof Ma\u0142ceki - Kongres O\u015bwiaty<\/title>\n<meta name=\"robots\" content=\"index, follow, max-snippet:-1, max-image-preview:large, max-video-preview:-1\" \/>\n<link rel=\"canonical\" href=\"https:\/\/uniwersytetotwarty.us.edu.pl\/ko\/krzysztof-malceki\/\" \/>\n<meta property=\"og:locale\" content=\"pl_PL\" \/>\n<meta property=\"og:type\" content=\"article\" \/>\n<meta property=\"og:title\" content=\"Krzysztof Ma\u0142ceki - Kongres O\u015bwiaty\" \/>\n<meta property=\"og:description\" content=\"Od 3 lat udzia\u0142owiec i Partner zarz\u0105dzaj\u0105cy w grupie Euvic Performance. Wcze\u015bniej za\u0142o\u017cyciel agencji FFW Communication, a tak\u017ce m.in. w strukturach komunikacyjnych Hewlett Packard Polska (Enterprise PR Manager) oraz Getin Holding i Getin Bank (PR Manager\/ rzecznik prasowy).\u202f Przedsi\u0119biorca, ekspert komunikacji B2B i korporacyjnej.\u202f\u202fW swojej karierze realizowa\u0142 i nadzorowa\u0142 projekty komunikacyjne m.in dla mBank, ING [&hellip;]\" \/>\n<meta property=\"og:url\" content=\"https:\/\/uniwersytetotwarty.us.edu.pl\/ko\/krzysztof-malceki\/\" \/>\n<meta property=\"og:site_name\" content=\"Kongres O\u015bwiaty\" \/>\n<meta property=\"article:published_time\" content=\"2025-08-11T07:41:27+00:00\" \/>\n<meta property=\"article:modified_time\" content=\"2025-08-11T07:42:13+00:00\" \/>\n<meta property=\"og:image\" content=\"https:\/\/uniwersytetotwarty.us.edu.pl\/ko\/wp-content\/uploads\/sites\/7\/2024\/09\/computer-icons-person-anonymous.jpg\" \/>\n\t<meta property=\"og:image:width\" content=\"600\" \/>\n\t<meta property=\"og:image:height\" content=\"568\" \/>\n\t<meta property=\"og:image:type\" content=\"image\/jpeg\" \/>\n<meta name=\"author\" content=\"magpio\" \/>\n<meta name=\"twitter:card\" content=\"summary_large_image\" \/>\n<meta name=\"twitter:label1\" content=\"Napisane przez\" \/>\n\t<meta name=\"twitter:data1\" content=\"magpio\" \/>\n\t<meta name=\"twitter:label2\" content=\"Szacowany czas czytania\" \/>\n\t<meta name=\"twitter:data2\" content=\"1 minuta\" \/>\n<script type=\"application\/ld+json\" class=\"yoast-schema-graph\">{\"@context\":\"https:\\\/\\\/schema.org\",\"@graph\":[{\"@type\":\"Article\",\"@id\":\"https:\\\/\\\/uniwersytetotwarty.us.edu.pl\\\/ko\\\/krzysztof-malceki\\\/#article\",\"isPartOf\":{\"@id\":\"https:\\\/\\\/uniwersytetotwarty.us.edu.pl\\\/ko\\\/krzysztof-malceki\\\/\"},\"author\":{\"name\":\"magpio\",\"@id\":\"https:\\\/\\\/uniwersytetotwarty.us.edu.pl\\\/ko\\\/#\\\/schema\\\/person\\\/52079e835af28b2986d28dcec18799c7\"},\"headline\":\"Krzysztof Ma\u0142ceki\",\"datePublished\":\"2025-08-11T07:41:27+00:00\",\"dateModified\":\"2025-08-11T07:42:13+00:00\",\"mainEntityOfPage\":{\"@id\":\"https:\\\/\\\/uniwersytetotwarty.us.edu.pl\\\/ko\\\/krzysztof-malceki\\\/\"},\"wordCount\":116,\"publisher\":{\"@id\":\"https:\\\/\\\/uniwersytetotwarty.us.edu.pl\\\/ko\\\/#organization\"},\"image\":{\"@id\":\"https:\\\/\\\/uniwersytetotwarty.us.edu.pl\\\/ko\\\/krzysztof-malceki\\\/#primaryimage\"},\"thumbnailUrl\":\"https:\\\/\\\/uniwersytetotwarty.us.edu.pl\\\/ko\\\/wp-content\\\/uploads\\\/sites\\\/7\\\/2024\\\/09\\\/computer-icons-person-anonymous.jpg\",\"articleSection\":[\"program2025\"],\"inLanguage\":\"pl-PL\"},{\"@type\":\"WebPage\",\"@id\":\"https:\\\/\\\/uniwersytetotwarty.us.edu.pl\\\/ko\\\/krzysztof-malceki\\\/\",\"url\":\"https:\\\/\\\/uniwersytetotwarty.us.edu.pl\\\/ko\\\/krzysztof-malceki\\\/\",\"name\":\"Krzysztof Ma\u0142ceki - Kongres O\u015bwiaty\",\"isPartOf\":{\"@id\":\"https:\\\/\\\/uniwersytetotwarty.us.edu.pl\\\/ko\\\/#website\"},\"primaryImageOfPage\":{\"@id\":\"https:\\\/\\\/uniwersytetotwarty.us.edu.pl\\\/ko\\\/krzysztof-malceki\\\/#primaryimage\"},\"image\":{\"@id\":\"https:\\\/\\\/uniwersytetotwarty.us.edu.pl\\\/ko\\\/krzysztof-malceki\\\/#primaryimage\"},\"thumbnailUrl\":\"https:\\\/\\\/uniwersytetotwarty.us.edu.pl\\\/ko\\\/wp-content\\\/uploads\\\/sites\\\/7\\\/2024\\\/09\\\/computer-icons-person-anonymous.jpg\",\"datePublished\":\"2025-08-11T07:41:27+00:00\",\"dateModified\":\"2025-08-11T07:42:13+00:00\",\"breadcrumb\":{\"@id\":\"https:\\\/\\\/uniwersytetotwarty.us.edu.pl\\\/ko\\\/krzysztof-malceki\\\/#breadcrumb\"},\"inLanguage\":\"pl-PL\",\"potentialAction\":[{\"@type\":\"ReadAction\",\"target\":[\"https:\\\/\\\/uniwersytetotwarty.us.edu.pl\\\/ko\\\/krzysztof-malceki\\\/\"]}]},{\"@type\":\"ImageObject\",\"inLanguage\":\"pl-PL\",\"@id\":\"https:\\\/\\\/uniwersytetotwarty.us.edu.pl\\\/ko\\\/krzysztof-malceki\\\/#primaryimage\",\"url\":\"https:\\\/\\\/uniwersytetotwarty.us.edu.pl\\\/ko\\\/wp-content\\\/uploads\\\/sites\\\/7\\\/2024\\\/09\\\/computer-icons-person-anonymous.jpg\",\"contentUrl\":\"https:\\\/\\\/uniwersytetotwarty.us.edu.pl\\\/ko\\\/wp-content\\\/uploads\\\/sites\\\/7\\\/2024\\\/09\\\/computer-icons-person-anonymous.jpg\",\"width\":600,\"height\":568},{\"@type\":\"BreadcrumbList\",\"@id\":\"https:\\\/\\\/uniwersytetotwarty.us.edu.pl\\\/ko\\\/krzysztof-malceki\\\/#breadcrumb\",\"itemListElement\":[{\"@type\":\"ListItem\",\"position\":1,\"name\":\"Strona g\u0142\u00f3wna\",\"item\":\"https:\\\/\\\/uniwersytetotwarty.us.edu.pl\\\/ko\\\/\"},{\"@type\":\"ListItem\",\"position\":2,\"name\":\"Krzysztof Ma\u0142ceki\"}]},{\"@type\":\"WebSite\",\"@id\":\"https:\\\/\\\/uniwersytetotwarty.us.edu.pl\\\/ko\\\/#website\",\"url\":\"https:\\\/\\\/uniwersytetotwarty.us.edu.pl\\\/ko\\\/\",\"name\":\"Kongres O\u015bwiaty\",\"description\":\"\",\"publisher\":{\"@id\":\"https:\\\/\\\/uniwersytetotwarty.us.edu.pl\\\/ko\\\/#organization\"},\"potentialAction\":[{\"@type\":\"SearchAction\",\"target\":{\"@type\":\"EntryPoint\",\"urlTemplate\":\"https:\\\/\\\/uniwersytetotwarty.us.edu.pl\\\/ko\\\/?s={search_term_string}\"},\"query-input\":{\"@type\":\"PropertyValueSpecification\",\"valueRequired\":true,\"valueName\":\"search_term_string\"}}],\"inLanguage\":\"pl-PL\"},{\"@type\":\"Organization\",\"@id\":\"https:\\\/\\\/uniwersytetotwarty.us.edu.pl\\\/ko\\\/#organization\",\"name\":\"Uniwersytet \u015al\u0105ski\",\"url\":\"https:\\\/\\\/uniwersytetotwarty.us.edu.pl\\\/ko\\\/\",\"logo\":{\"@type\":\"ImageObject\",\"inLanguage\":\"pl-PL\",\"@id\":\"https:\\\/\\\/uniwersytetotwarty.us.edu.pl\\\/ko\\\/#\\\/schema\\\/logo\\\/image\\\/\",\"url\":\"https:\\\/\\\/uniwersytetotwarty.us.edu.pl\\\/ko\\\/wp-content\\\/uploads\\\/sites\\\/7\\\/2023\\\/08\\\/US_UO-biale.png\",\"contentUrl\":\"https:\\\/\\\/uniwersytetotwarty.us.edu.pl\\\/ko\\\/wp-content\\\/uploads\\\/sites\\\/7\\\/2023\\\/08\\\/US_UO-biale.png\",\"width\":1923,\"height\":326,\"caption\":\"Uniwersytet \u015al\u0105ski\"},\"image\":{\"@id\":\"https:\\\/\\\/uniwersytetotwarty.us.edu.pl\\\/ko\\\/#\\\/schema\\\/logo\\\/image\\\/\"}},{\"@type\":\"Person\",\"@id\":\"https:\\\/\\\/uniwersytetotwarty.us.edu.pl\\\/ko\\\/#\\\/schema\\\/person\\\/52079e835af28b2986d28dcec18799c7\",\"name\":\"magpio\",\"image\":{\"@type\":\"ImageObject\",\"inLanguage\":\"pl-PL\",\"@id\":\"https:\\\/\\\/secure.gravatar.com\\\/avatar\\\/feb37e4a670dfb74c59ab9a778140dae3b46f74c8c374e2982c500e1cd2912e9?s=96&d=mm&r=g\",\"url\":\"https:\\\/\\\/secure.gravatar.com\\\/avatar\\\/feb37e4a670dfb74c59ab9a778140dae3b46f74c8c374e2982c500e1cd2912e9?s=96&d=mm&r=g\",\"contentUrl\":\"https:\\\/\\\/secure.gravatar.com\\\/avatar\\\/feb37e4a670dfb74c59ab9a778140dae3b46f74c8c374e2982c500e1cd2912e9?s=96&d=mm&r=g\",\"caption\":\"magpio\"},\"url\":\"https:\\\/\\\/uniwersytetotwarty.us.edu.pl\\\/ko\\\/author\\\/mpiotrowska\\\/\"}]}<\/script>\n<!-- \/ Yoast SEO plugin. -->","yoast_head_json":{"title":"Krzysztof Ma\u0142ceki - Kongres O\u015bwiaty","robots":{"index":"index","follow":"follow","max-snippet":"max-snippet:-1","max-image-preview":"max-image-preview:large","max-video-preview":"max-video-preview:-1"},"canonical":"https:\/\/uniwersytetotwarty.us.edu.pl\/ko\/krzysztof-malceki\/","og_locale":"pl_PL","og_type":"article","og_title":"Krzysztof Ma\u0142ceki - Kongres O\u015bwiaty","og_description":"Od 3 lat udzia\u0142owiec i Partner zarz\u0105dzaj\u0105cy w grupie Euvic Performance. Wcze\u015bniej za\u0142o\u017cyciel agencji FFW Communication, a tak\u017ce m.in. w strukturach komunikacyjnych Hewlett Packard Polska (Enterprise PR Manager) oraz Getin Holding i Getin Bank (PR Manager\/ rzecznik prasowy).\u202f Przedsi\u0119biorca, ekspert komunikacji B2B i korporacyjnej.\u202f\u202fW swojej karierze realizowa\u0142 i nadzorowa\u0142 projekty komunikacyjne m.in dla mBank, ING [&hellip;]","og_url":"https:\/\/uniwersytetotwarty.us.edu.pl\/ko\/krzysztof-malceki\/","og_site_name":"Kongres O\u015bwiaty","article_published_time":"2025-08-11T07:41:27+00:00","article_modified_time":"2025-08-11T07:42:13+00:00","og_image":[{"width":600,"height":568,"url":"https:\/\/uniwersytetotwarty.us.edu.pl\/ko\/wp-content\/uploads\/sites\/7\/2024\/09\/computer-icons-person-anonymous.jpg","type":"image\/jpeg"}],"author":"magpio","twitter_card":"summary_large_image","twitter_misc":{"Napisane przez":"magpio","Szacowany czas czytania":"1 minuta"},"schema":{"@context":"https:\/\/schema.org","@graph":[{"@type":"Article","@id":"https:\/\/uniwersytetotwarty.us.edu.pl\/ko\/krzysztof-malceki\/#article","isPartOf":{"@id":"https:\/\/uniwersytetotwarty.us.edu.pl\/ko\/krzysztof-malceki\/"},"author":{"name":"magpio","@id":"https:\/\/uniwersytetotwarty.us.edu.pl\/ko\/#\/schema\/person\/52079e835af28b2986d28dcec18799c7"},"headline":"Krzysztof Ma\u0142ceki","datePublished":"2025-08-11T07:41:27+00:00","dateModified":"2025-08-11T07:42:13+00:00","mainEntityOfPage":{"@id":"https:\/\/uniwersytetotwarty.us.edu.pl\/ko\/krzysztof-malceki\/"},"wordCount":116,"publisher":{"@id":"https:\/\/uniwersytetotwarty.us.edu.pl\/ko\/#organization"},"image":{"@id":"https:\/\/uniwersytetotwarty.us.edu.pl\/ko\/krzysztof-malceki\/#primaryimage"},"thumbnailUrl":"https:\/\/uniwersytetotwarty.us.edu.pl\/ko\/wp-content\/uploads\/sites\/7\/2024\/09\/computer-icons-person-anonymous.jpg","articleSection":["program2025"],"inLanguage":"pl-PL"},{"@type":"WebPage","@id":"https:\/\/uniwersytetotwarty.us.edu.pl\/ko\/krzysztof-malceki\/","url":"https:\/\/uniwersytetotwarty.us.edu.pl\/ko\/krzysztof-malceki\/","name":"Krzysztof Ma\u0142ceki - Kongres O\u015bwiaty","isPartOf":{"@id":"https:\/\/uniwersytetotwarty.us.edu.pl\/ko\/#website"},"primaryImageOfPage":{"@id":"https:\/\/uniwersytetotwarty.us.edu.pl\/ko\/krzysztof-malceki\/#primaryimage"},"image":{"@id":"https:\/\/uniwersytetotwarty.us.edu.pl\/ko\/krzysztof-malceki\/#primaryimage"},"thumbnailUrl":"https:\/\/uniwersytetotwarty.us.edu.pl\/ko\/wp-content\/uploads\/sites\/7\/2024\/09\/computer-icons-person-anonymous.jpg","datePublished":"2025-08-11T07:41:27+00:00","dateModified":"2025-08-11T07:42:13+00:00","breadcrumb":{"@id":"https:\/\/uniwersytetotwarty.us.edu.pl\/ko\/krzysztof-malceki\/#breadcrumb"},"inLanguage":"pl-PL","potentialAction":[{"@type":"ReadAction","target":["https:\/\/uniwersytetotwarty.us.edu.pl\/ko\/krzysztof-malceki\/"]}]},{"@type":"ImageObject","inLanguage":"pl-PL","@id":"https:\/\/uniwersytetotwarty.us.edu.pl\/ko\/krzysztof-malceki\/#primaryimage","url":"https:\/\/uniwersytetotwarty.us.edu.pl\/ko\/wp-content\/uploads\/sites\/7\/2024\/09\/computer-icons-person-anonymous.jpg","contentUrl":"https:\/\/uniwersytetotwarty.us.edu.pl\/ko\/wp-content\/uploads\/sites\/7\/2024\/09\/computer-icons-person-anonymous.jpg","width":600,"height":568},{"@type":"BreadcrumbList","@id":"https:\/\/uniwersytetotwarty.us.edu.pl\/ko\/krzysztof-malceki\/#breadcrumb","itemListElement":[{"@type":"ListItem","position":1,"name":"Strona g\u0142\u00f3wna","item":"https:\/\/uniwersytetotwarty.us.edu.pl\/ko\/"},{"@type":"ListItem","position":2,"name":"Krzysztof Ma\u0142ceki"}]},{"@type":"WebSite","@id":"https:\/\/uniwersytetotwarty.us.edu.pl\/ko\/#website","url":"https:\/\/uniwersytetotwarty.us.edu.pl\/ko\/","name":"Kongres O\u015bwiaty","description":"","publisher":{"@id":"https:\/\/uniwersytetotwarty.us.edu.pl\/ko\/#organization"},"potentialAction":[{"@type":"SearchAction","target":{"@type":"EntryPoint","urlTemplate":"https:\/\/uniwersytetotwarty.us.edu.pl\/ko\/?s={search_term_string}"},"query-input":{"@type":"PropertyValueSpecification","valueRequired":true,"valueName":"search_term_string"}}],"inLanguage":"pl-PL"},{"@type":"Organization","@id":"https:\/\/uniwersytetotwarty.us.edu.pl\/ko\/#organization","name":"Uniwersytet \u015al\u0105ski","url":"https:\/\/uniwersytetotwarty.us.edu.pl\/ko\/","logo":{"@type":"ImageObject","inLanguage":"pl-PL","@id":"https:\/\/uniwersytetotwarty.us.edu.pl\/ko\/#\/schema\/logo\/image\/","url":"https:\/\/uniwersytetotwarty.us.edu.pl\/ko\/wp-content\/uploads\/sites\/7\/2023\/08\/US_UO-biale.png","contentUrl":"https:\/\/uniwersytetotwarty.us.edu.pl\/ko\/wp-content\/uploads\/sites\/7\/2023\/08\/US_UO-biale.png","width":1923,"height":326,"caption":"Uniwersytet \u015al\u0105ski"},"image":{"@id":"https:\/\/uniwersytetotwarty.us.edu.pl\/ko\/#\/schema\/logo\/image\/"}},{"@type":"Person","@id":"https:\/\/uniwersytetotwarty.us.edu.pl\/ko\/#\/schema\/person\/52079e835af28b2986d28dcec18799c7","name":"magpio","image":{"@type":"ImageObject","inLanguage":"pl-PL","@id":"https:\/\/secure.gravatar.com\/avatar\/feb37e4a670dfb74c59ab9a778140dae3b46f74c8c374e2982c500e1cd2912e9?s=96&d=mm&r=g","url":"https:\/\/secure.gravatar.com\/avatar\/feb37e4a670dfb74c59ab9a778140dae3b46f74c8c374e2982c500e1cd2912e9?s=96&d=mm&r=g","contentUrl":"https:\/\/secure.gravatar.com\/avatar\/feb37e4a670dfb74c59ab9a778140dae3b46f74c8c374e2982c500e1cd2912e9?s=96&d=mm&r=g","caption":"magpio"},"url":"https:\/\/uniwersytetotwarty.us.edu.pl\/ko\/author\/mpiotrowska\/"}]}},"_links":{"self":[{"href":"https:\/\/uniwersytetotwarty.us.edu.pl\/ko\/wp-json\/wp\/v2\/posts\/1353","targetHints":{"allow":["GET"]}}],"collection":[{"href":"https:\/\/uniwersytetotwarty.us.edu.pl\/ko\/wp-json\/wp\/v2\/posts"}],"about":[{"href":"https:\/\/uniwersytetotwarty.us.edu.pl\/ko\/wp-json\/wp\/v2\/types\/post"}],"author":[{"embeddable":true,"href":"https:\/\/uniwersytetotwarty.us.edu.pl\/ko\/wp-json\/wp\/v2\/users\/2"}],"replies":[{"embeddable":true,"href":"https:\/\/uniwersytetotwarty.us.edu.pl\/ko\/wp-json\/wp\/v2\/comments?post=1353"}],"version-history":[{"count":7,"href":"https:\/\/uniwersytetotwarty.us.edu.pl\/ko\/wp-json\/wp\/v2\/posts\/1353\/revisions"}],"predecessor-version":[{"id":1360,"href":"https:\/\/uniwersytetotwarty.us.edu.pl\/ko\/wp-json\/wp\/v2\/posts\/1353\/revisions\/1360"}],"wp:featuredmedia":[{"embeddable":true,"href":"https:\/\/uniwersytetotwarty.us.edu.pl\/ko\/wp-json\/wp\/v2\/media\/571"}],"wp:attachment":[{"href":"https:\/\/uniwersytetotwarty.us.edu.pl\/ko\/wp-json\/wp\/v2\/media?parent=1353"}],"wp:term":[{"taxonomy":"category","embeddable":true,"href":"https:\/\/uniwersytetotwarty.us.edu.pl\/ko\/wp-json\/wp\/v2\/categories?post=1353"},{"taxonomy":"post_tag","embeddable":true,"href":"https:\/\/uniwersytetotwarty.us.edu.pl\/ko\/wp-json\/wp\/v2\/tags?post=1353"}],"curies":[{"name":"wp","href":"https:\/\/api.w.org\/{rel}","templated":true}]}}