{"id":1348,"date":"2025-08-11T09:40:30","date_gmt":"2025-08-11T07:40:30","guid":{"rendered":"https:\/\/uniwersytetotwarty.us.edu.pl\/ko\/?p=1348"},"modified":"2025-09-03T09:48:44","modified_gmt":"2025-09-03T07:48:44","slug":"marcin-kregiel","status":"publish","type":"post","link":"https:\/\/uniwersytetotwarty.us.edu.pl\/ko\/marcin-kregiel\/","title":{"rendered":"Marcin Kr\u0119giel"},"content":{"rendered":"\t\t<div data-elementor-type=\"wp-post\" data-elementor-id=\"1348\" class=\"elementor elementor-1348\" data-elementor-post-type=\"post\">\n\t\t\t\t\t\t<section class=\"elementor-section elementor-top-section elementor-element elementor-element-53aa0e9 elementor-section-boxed elementor-section-height-default elementor-section-height-default\" data-id=\"53aa0e9\" data-element_type=\"section\" data-e-type=\"section\">\n\t\t\t\t\t\t<div class=\"elementor-container elementor-column-gap-default\">\n\t\t\t\t\t<div class=\"elementor-column elementor-col-100 elementor-top-column elementor-element elementor-element-74b6230\" data-id=\"74b6230\" data-element_type=\"column\" data-e-type=\"column\">\n\t\t\t<div class=\"elementor-widget-wrap elementor-element-populated\">\n\t\t\t\t\t\t<section class=\"elementor-section elementor-inner-section elementor-element elementor-element-0b0985f elementor-section-boxed elementor-section-height-default elementor-section-height-default\" data-id=\"0b0985f\" data-element_type=\"section\" data-e-type=\"section\">\n\t\t\t\t\t\t<div class=\"elementor-container elementor-column-gap-default\">\n\t\t\t\t\t<div class=\"elementor-column elementor-col-50 elementor-inner-column elementor-element elementor-element-49cb2aa\" data-id=\"49cb2aa\" data-element_type=\"column\" data-e-type=\"column\">\n\t\t\t<div class=\"elementor-widget-wrap elementor-element-populated\">\n\t\t\t\t\t\t<div class=\"elementor-element elementor-element-bf09c1f elementor-widget elementor-widget-image\" data-id=\"bf09c1f\" data-element_type=\"widget\" data-e-type=\"widget\" data-widget_type=\"image.default\">\n\t\t\t\t<div class=\"elementor-widget-container\">\n\t\t\t\t\t\t\t\t\t\t\t\t\t\t\t<img fetchpriority=\"high\" decoding=\"async\" width=\"500\" height=\"500\" src=\"https:\/\/uniwersytetotwarty.us.edu.pl\/ko\/wp-content\/uploads\/sites\/7\/2025\/08\/Marcin-Kregiel.png\" class=\"attachment-large size-large wp-image-1068\" alt=\"\" srcset=\"https:\/\/uniwersytetotwarty.us.edu.pl\/ko\/wp-content\/uploads\/sites\/7\/2025\/08\/Marcin-Kregiel.png 500w, https:\/\/uniwersytetotwarty.us.edu.pl\/ko\/wp-content\/uploads\/sites\/7\/2025\/08\/Marcin-Kregiel-300x300.png 300w, https:\/\/uniwersytetotwarty.us.edu.pl\/ko\/wp-content\/uploads\/sites\/7\/2025\/08\/Marcin-Kregiel-150x150.png 150w\" sizes=\"(max-width: 500px) 100vw, 500px\" \/>\t\t\t\t\t\t\t\t\t\t\t\t\t\t\t<\/div>\n\t\t\t\t<\/div>\n\t\t\t\t\t<\/div>\n\t\t<\/div>\n\t\t\t\t<div class=\"elementor-column elementor-col-50 elementor-inner-column elementor-element elementor-element-f642b40\" data-id=\"f642b40\" data-element_type=\"column\" data-e-type=\"column\">\n\t\t\t<div class=\"elementor-widget-wrap elementor-element-populated\">\n\t\t\t\t\t\t<div class=\"elementor-element elementor-element-084bf48 elementor-widget elementor-widget-text-editor\" data-id=\"084bf48\" data-element_type=\"widget\" data-e-type=\"widget\" data-widget_type=\"text-editor.default\">\n\t\t\t\t<div class=\"elementor-widget-container\">\n\t\t\t\t\t\t\t\t\t<p>Od 21 lat zwi\u0105zany z edukacj\u0105 pedagog szkolny i psycholog pracuj\u0105cy z m\u0142odzie\u017c\u0105, rodzicami oraz m\u0142odymi doros\u0142ymi. Jako nauczyciel specjalista zwi\u0105zany z dwiema publicznymi katowickim szko\u0142ami ponadpodstawowymi. Ekspert z obszaru zdrowia psychicznego nastolatk\u00f3w. Przy projektach i szkoleniach wsp\u00f3\u0142pracowa\u0142 z Uniwersytetem \u015al\u0105skim w Katowicach,\u00a0 Akademi\u0105 Humanitas w Sosnowcu oraz Instytutem Doskonalenia Nauczycieli Wiedza w Katowicach. Realizowa\u0142 dzia\u0142ania dotycz\u0105ce profilaktyki zdrowia oraz dobrostanu w ramach dzia\u0142a\u0144 UNICEF w Polsce oraz w ramach projekt\u00f3w Erasmus na Cyprze i w Finlandii.\u00a0 Od wielu lat prowadzi inspiruj\u0105ce mi\u0119dzynarodowe wymiany uczni\u00f3w z du\u0144sk\u0105 szko\u0142\u0105 w Hojer. W wsp\u00f3\u0142pracy z organizacjami pozarz\u0105dowymi by\u0142 konsultantem telefonu wsparcia projektu The Presja oraz prowadzi\u0142 wsparcie psychologiczne dla os\u00f3b z do\u015bwiadczeniem migracji i stresu mniejszo\u015bciowego. Specjalizuje si\u0119 w tematyce profilaktyki r\u00f3wie\u015bniczej, promocji zdrowia oraz poradnictwa psychologicznego.<br \/><span data-olk-copy-source=\"MessageBody\">Posiada kwalifikacje doradcy zawodowego, terapeuty os\u00f3b w spektrum autyzmu oraz terapeuty pedagogicznego. Od wielu lat edukuje m\u0142odzie\u017c i doros\u0142ych w obszarze psychologii spo\u0142ecznej. Obecnie kszta\u0142ci si\u0119 jako terapeuta w podej\u015bciu Terapii Skoncentrowanej na Rozwi\u0105zaniach.\u00a0Cz\u0142onek Polskiego Towarzystwa Psychologicznego oraz Polskiego Stowarzyszenia Terapeut\u00f3w Terapii Skoncentrowanej na Rozwi\u0105zaniach<\/span><i>.\u00a0<\/i><\/p>\t\t\t\t\t\t\t\t<\/div>\n\t\t\t\t<\/div>\n\t\t\t\t\t<\/div>\n\t\t<\/div>\n\t\t\t\t\t<\/div>\n\t\t<\/section>\n\t\t\t\t\t<\/div>\n\t\t<\/div>\n\t\t\t\t\t<\/div>\n\t\t<\/section>\n\t\t\t\t<section class=\"elementor-section elementor-top-section elementor-element elementor-element-0412cc0 elementor-section-boxed elementor-section-height-default elementor-section-height-default\" data-id=\"0412cc0\" data-element_type=\"section\" data-e-type=\"section\">\n\t\t\t\t\t\t<div class=\"elementor-container elementor-column-gap-default\">\n\t\t\t\t\t<div class=\"elementor-column elementor-col-100 elementor-top-column elementor-element elementor-element-a7da9f8\" data-id=\"a7da9f8\" data-element_type=\"column\" data-e-type=\"column\">\n\t\t\t<div class=\"elementor-widget-wrap elementor-element-populated\">\n\t\t\t\t\t\t<div class=\"elementor-element elementor-element-f28624a elementor-widget elementor-widget-heading\" data-id=\"f28624a\" data-element_type=\"widget\" data-e-type=\"widget\" data-widget_type=\"heading.default\">\n\t\t\t\t<div class=\"elementor-widget-container\">\n\t\t\t\t\t<h3 class=\"elementor-heading-title elementor-size-default\">Uwa\u017cni i Odwa\u017cni \u2013 jak rozwija\u0107 uwa\u017cno\u015b\u0107 m\u0142odzie\u017cy na w\u0142asny dobrostan oraz w jaki spos\u00f3b budowa\u0107 gotowo\u015b\u0107 do szukania wsparcia\nz wykorzystaniem filozofii Podej\u015bcia Skoncentrowanego na Rozwi\u0105zaniach<\/h3>\t\t\t\t<\/div>\n\t\t\t\t<\/div>\n\t\t\t\t<div class=\"elementor-element elementor-element-c6ed372 elementor-widget elementor-widget-text-editor\" data-id=\"c6ed372\" data-element_type=\"widget\" data-e-type=\"widget\" data-widget_type=\"text-editor.default\">\n\t\t\t\t<div class=\"elementor-widget-container\">\n\t\t\t\t\t\t\t\t\t<p><span data-olk-copy-source=\"MessageBody\">Warsztat zak\u0142ada udzia\u0142 uczestnik\u00f3w (nauczycieli, edukator\u00f3w, instruktor\u00f3w pracuj\u0105cych z m\u0142odzie\u017c\u0105 w wieku 13 \u2013 20 lat) w \u0107wiczeniach, kt\u00f3re mog\u0105 by\u0107 przez nich wykorzystane w przysz\u0142o\u015bci w pracy z grup\u0105. Bazuj\u0105c na filozofii Podej\u015bcia Skoncentrowanego na Rozwi\u0105zaniach uczestnicy dowiedz\u0105 si\u0119 jak budowa\u0107 w spo\u0142eczno\u015bciach anga\u017cuj\u0105ce podej\u015bcie do kwestii komunikacji w obszarze zdrowia psychicznego. Poprzez \u0107wiczenia prowadzone w diadach oraz wi\u0119kszych zespo\u0142ach uczestnicy nab\u0119d\u0105 wiedz\u0119 o psychosomatycznych oznakach trudno\u015bci, kt\u00f3re mog\u0105 \u015bwiadczy\u0107 o kryzysie dobrostanu. Uczestnicy b\u0119d\u0105 mogli do\u015bwiadczy\u0107 w jaki spos\u00f3b motywowa\u0107 nastoletnie osoby do bezpiecznych sposob\u00f3w regulacji emocji oraz szukania profesjonalnej pomocy.<\/span><\/p>\t\t\t\t\t\t\t\t<\/div>\n\t\t\t\t<\/div>\n\t\t\t\t\t<\/div>\n\t\t<\/div>\n\t\t\t\t\t<\/div>\n\t\t<\/section>\n\t\t\t\t<\/div>\n\t\t","protected":false},"excerpt":{"rendered":"<p>Od 21 lat zwi\u0105zany z edukacj\u0105 pedagog szkolny i psycholog pracuj\u0105cy z m\u0142odzie\u017c\u0105, rodzicami oraz m\u0142odymi doros\u0142ymi. Jako nauczyciel specjalista zwi\u0105zany z dwiema publicznymi katowickim szko\u0142ami ponadpodstawowymi. Ekspert z obszaru zdrowia psychicznego nastolatk\u00f3w. Przy projektach i szkoleniach wsp\u00f3\u0142pracowa\u0142 z Uniwersytetem \u015al\u0105skim w Katowicach,\u00a0 Akademi\u0105 Humanitas w Sosnowcu oraz Instytutem Doskonalenia Nauczycieli Wiedza w Katowicach. Realizowa\u0142 [&hellip;]<\/p>\n","protected":false},"author":2,"featured_media":1068,"comment_status":"closed","ping_status":"closed","sticky":false,"template":"","format":"standard","meta":{"footnotes":""},"categories":[9],"tags":[],"class_list":["post-1348","post","type-post","status-publish","format-standard","has-post-thumbnail","hentry","category-program2025"],"yoast_head":"<!-- This site is optimized with the Yoast SEO plugin v27.5 - https:\/\/yoast.com\/product\/yoast-seo-wordpress\/ -->\n<title>Marcin Kr\u0119giel - Kongres O\u015bwiaty<\/title>\n<meta name=\"robots\" content=\"index, follow, max-snippet:-1, max-image-preview:large, max-video-preview:-1\" \/>\n<link rel=\"canonical\" href=\"https:\/\/uniwersytetotwarty.us.edu.pl\/ko\/marcin-kregiel\/\" \/>\n<meta property=\"og:locale\" content=\"pl_PL\" \/>\n<meta property=\"og:type\" content=\"article\" \/>\n<meta property=\"og:title\" content=\"Marcin Kr\u0119giel - Kongres O\u015bwiaty\" \/>\n<meta property=\"og:description\" content=\"Od 21 lat zwi\u0105zany z edukacj\u0105 pedagog szkolny i psycholog pracuj\u0105cy z m\u0142odzie\u017c\u0105, rodzicami oraz m\u0142odymi doros\u0142ymi. Jako nauczyciel specjalista zwi\u0105zany z dwiema publicznymi katowickim szko\u0142ami ponadpodstawowymi. Ekspert z obszaru zdrowia psychicznego nastolatk\u00f3w. Przy projektach i szkoleniach wsp\u00f3\u0142pracowa\u0142 z Uniwersytetem \u015al\u0105skim w Katowicach,\u00a0 Akademi\u0105 Humanitas w Sosnowcu oraz Instytutem Doskonalenia Nauczycieli Wiedza w Katowicach. Realizowa\u0142 [&hellip;]\" \/>\n<meta property=\"og:url\" content=\"https:\/\/uniwersytetotwarty.us.edu.pl\/ko\/marcin-kregiel\/\" \/>\n<meta property=\"og:site_name\" content=\"Kongres O\u015bwiaty\" \/>\n<meta property=\"article:published_time\" content=\"2025-08-11T07:40:30+00:00\" \/>\n<meta property=\"article:modified_time\" content=\"2025-09-03T07:48:44+00:00\" \/>\n<meta property=\"og:image\" content=\"https:\/\/uniwersytetotwarty.us.edu.pl\/ko\/wp-content\/uploads\/sites\/7\/2025\/08\/Marcin-Kregiel.png\" \/>\n\t<meta property=\"og:image:width\" content=\"500\" \/>\n\t<meta property=\"og:image:height\" content=\"500\" \/>\n\t<meta property=\"og:image:type\" content=\"image\/png\" \/>\n<meta name=\"author\" content=\"magpio\" \/>\n<meta name=\"twitter:card\" content=\"summary_large_image\" \/>\n<meta name=\"twitter:label1\" content=\"Napisane przez\" \/>\n\t<meta name=\"twitter:data1\" content=\"magpio\" \/>\n\t<meta name=\"twitter:label2\" content=\"Szacowany czas czytania\" \/>\n\t<meta name=\"twitter:data2\" content=\"2 minuty\" \/>\n<script type=\"application\/ld+json\" class=\"yoast-schema-graph\">{\"@context\":\"https:\\\/\\\/schema.org\",\"@graph\":[{\"@type\":\"Article\",\"@id\":\"https:\\\/\\\/uniwersytetotwarty.us.edu.pl\\\/ko\\\/marcin-kregiel\\\/#article\",\"isPartOf\":{\"@id\":\"https:\\\/\\\/uniwersytetotwarty.us.edu.pl\\\/ko\\\/marcin-kregiel\\\/\"},\"author\":{\"name\":\"magpio\",\"@id\":\"https:\\\/\\\/uniwersytetotwarty.us.edu.pl\\\/ko\\\/#\\\/schema\\\/person\\\/52079e835af28b2986d28dcec18799c7\"},\"headline\":\"Marcin Kr\u0119giel\",\"datePublished\":\"2025-08-11T07:40:30+00:00\",\"dateModified\":\"2025-09-03T07:48:44+00:00\",\"mainEntityOfPage\":{\"@id\":\"https:\\\/\\\/uniwersytetotwarty.us.edu.pl\\\/ko\\\/marcin-kregiel\\\/\"},\"wordCount\":359,\"publisher\":{\"@id\":\"https:\\\/\\\/uniwersytetotwarty.us.edu.pl\\\/ko\\\/#organization\"},\"image\":{\"@id\":\"https:\\\/\\\/uniwersytetotwarty.us.edu.pl\\\/ko\\\/marcin-kregiel\\\/#primaryimage\"},\"thumbnailUrl\":\"https:\\\/\\\/uniwersytetotwarty.us.edu.pl\\\/ko\\\/wp-content\\\/uploads\\\/sites\\\/7\\\/2025\\\/08\\\/Marcin-Kregiel.png\",\"articleSection\":[\"program2025\"],\"inLanguage\":\"pl-PL\"},{\"@type\":\"WebPage\",\"@id\":\"https:\\\/\\\/uniwersytetotwarty.us.edu.pl\\\/ko\\\/marcin-kregiel\\\/\",\"url\":\"https:\\\/\\\/uniwersytetotwarty.us.edu.pl\\\/ko\\\/marcin-kregiel\\\/\",\"name\":\"Marcin Kr\u0119giel - Kongres O\u015bwiaty\",\"isPartOf\":{\"@id\":\"https:\\\/\\\/uniwersytetotwarty.us.edu.pl\\\/ko\\\/#website\"},\"primaryImageOfPage\":{\"@id\":\"https:\\\/\\\/uniwersytetotwarty.us.edu.pl\\\/ko\\\/marcin-kregiel\\\/#primaryimage\"},\"image\":{\"@id\":\"https:\\\/\\\/uniwersytetotwarty.us.edu.pl\\\/ko\\\/marcin-kregiel\\\/#primaryimage\"},\"thumbnailUrl\":\"https:\\\/\\\/uniwersytetotwarty.us.edu.pl\\\/ko\\\/wp-content\\\/uploads\\\/sites\\\/7\\\/2025\\\/08\\\/Marcin-Kregiel.png\",\"datePublished\":\"2025-08-11T07:40:30+00:00\",\"dateModified\":\"2025-09-03T07:48:44+00:00\",\"breadcrumb\":{\"@id\":\"https:\\\/\\\/uniwersytetotwarty.us.edu.pl\\\/ko\\\/marcin-kregiel\\\/#breadcrumb\"},\"inLanguage\":\"pl-PL\",\"potentialAction\":[{\"@type\":\"ReadAction\",\"target\":[\"https:\\\/\\\/uniwersytetotwarty.us.edu.pl\\\/ko\\\/marcin-kregiel\\\/\"]}]},{\"@type\":\"ImageObject\",\"inLanguage\":\"pl-PL\",\"@id\":\"https:\\\/\\\/uniwersytetotwarty.us.edu.pl\\\/ko\\\/marcin-kregiel\\\/#primaryimage\",\"url\":\"https:\\\/\\\/uniwersytetotwarty.us.edu.pl\\\/ko\\\/wp-content\\\/uploads\\\/sites\\\/7\\\/2025\\\/08\\\/Marcin-Kregiel.png\",\"contentUrl\":\"https:\\\/\\\/uniwersytetotwarty.us.edu.pl\\\/ko\\\/wp-content\\\/uploads\\\/sites\\\/7\\\/2025\\\/08\\\/Marcin-Kregiel.png\",\"width\":500,\"height\":500},{\"@type\":\"BreadcrumbList\",\"@id\":\"https:\\\/\\\/uniwersytetotwarty.us.edu.pl\\\/ko\\\/marcin-kregiel\\\/#breadcrumb\",\"itemListElement\":[{\"@type\":\"ListItem\",\"position\":1,\"name\":\"Strona g\u0142\u00f3wna\",\"item\":\"https:\\\/\\\/uniwersytetotwarty.us.edu.pl\\\/ko\\\/\"},{\"@type\":\"ListItem\",\"position\":2,\"name\":\"Marcin Kr\u0119giel\"}]},{\"@type\":\"WebSite\",\"@id\":\"https:\\\/\\\/uniwersytetotwarty.us.edu.pl\\\/ko\\\/#website\",\"url\":\"https:\\\/\\\/uniwersytetotwarty.us.edu.pl\\\/ko\\\/\",\"name\":\"Kongres O\u015bwiaty\",\"description\":\"\",\"publisher\":{\"@id\":\"https:\\\/\\\/uniwersytetotwarty.us.edu.pl\\\/ko\\\/#organization\"},\"potentialAction\":[{\"@type\":\"SearchAction\",\"target\":{\"@type\":\"EntryPoint\",\"urlTemplate\":\"https:\\\/\\\/uniwersytetotwarty.us.edu.pl\\\/ko\\\/?s={search_term_string}\"},\"query-input\":{\"@type\":\"PropertyValueSpecification\",\"valueRequired\":true,\"valueName\":\"search_term_string\"}}],\"inLanguage\":\"pl-PL\"},{\"@type\":\"Organization\",\"@id\":\"https:\\\/\\\/uniwersytetotwarty.us.edu.pl\\\/ko\\\/#organization\",\"name\":\"Uniwersytet \u015al\u0105ski\",\"url\":\"https:\\\/\\\/uniwersytetotwarty.us.edu.pl\\\/ko\\\/\",\"logo\":{\"@type\":\"ImageObject\",\"inLanguage\":\"pl-PL\",\"@id\":\"https:\\\/\\\/uniwersytetotwarty.us.edu.pl\\\/ko\\\/#\\\/schema\\\/logo\\\/image\\\/\",\"url\":\"https:\\\/\\\/uniwersytetotwarty.us.edu.pl\\\/ko\\\/wp-content\\\/uploads\\\/sites\\\/7\\\/2023\\\/08\\\/US_UO-biale.png\",\"contentUrl\":\"https:\\\/\\\/uniwersytetotwarty.us.edu.pl\\\/ko\\\/wp-content\\\/uploads\\\/sites\\\/7\\\/2023\\\/08\\\/US_UO-biale.png\",\"width\":1923,\"height\":326,\"caption\":\"Uniwersytet \u015al\u0105ski\"},\"image\":{\"@id\":\"https:\\\/\\\/uniwersytetotwarty.us.edu.pl\\\/ko\\\/#\\\/schema\\\/logo\\\/image\\\/\"}},{\"@type\":\"Person\",\"@id\":\"https:\\\/\\\/uniwersytetotwarty.us.edu.pl\\\/ko\\\/#\\\/schema\\\/person\\\/52079e835af28b2986d28dcec18799c7\",\"name\":\"magpio\",\"image\":{\"@type\":\"ImageObject\",\"inLanguage\":\"pl-PL\",\"@id\":\"https:\\\/\\\/secure.gravatar.com\\\/avatar\\\/feb37e4a670dfb74c59ab9a778140dae3b46f74c8c374e2982c500e1cd2912e9?s=96&d=mm&r=g\",\"url\":\"https:\\\/\\\/secure.gravatar.com\\\/avatar\\\/feb37e4a670dfb74c59ab9a778140dae3b46f74c8c374e2982c500e1cd2912e9?s=96&d=mm&r=g\",\"contentUrl\":\"https:\\\/\\\/secure.gravatar.com\\\/avatar\\\/feb37e4a670dfb74c59ab9a778140dae3b46f74c8c374e2982c500e1cd2912e9?s=96&d=mm&r=g\",\"caption\":\"magpio\"},\"url\":\"https:\\\/\\\/uniwersytetotwarty.us.edu.pl\\\/ko\\\/author\\\/mpiotrowska\\\/\"}]}<\/script>\n<!-- \/ Yoast SEO plugin. -->","yoast_head_json":{"title":"Marcin Kr\u0119giel - Kongres O\u015bwiaty","robots":{"index":"index","follow":"follow","max-snippet":"max-snippet:-1","max-image-preview":"max-image-preview:large","max-video-preview":"max-video-preview:-1"},"canonical":"https:\/\/uniwersytetotwarty.us.edu.pl\/ko\/marcin-kregiel\/","og_locale":"pl_PL","og_type":"article","og_title":"Marcin Kr\u0119giel - Kongres O\u015bwiaty","og_description":"Od 21 lat zwi\u0105zany z edukacj\u0105 pedagog szkolny i psycholog pracuj\u0105cy z m\u0142odzie\u017c\u0105, rodzicami oraz m\u0142odymi doros\u0142ymi. Jako nauczyciel specjalista zwi\u0105zany z dwiema publicznymi katowickim szko\u0142ami ponadpodstawowymi. Ekspert z obszaru zdrowia psychicznego nastolatk\u00f3w. Przy projektach i szkoleniach wsp\u00f3\u0142pracowa\u0142 z Uniwersytetem \u015al\u0105skim w Katowicach,\u00a0 Akademi\u0105 Humanitas w Sosnowcu oraz Instytutem Doskonalenia Nauczycieli Wiedza w Katowicach. Realizowa\u0142 [&hellip;]","og_url":"https:\/\/uniwersytetotwarty.us.edu.pl\/ko\/marcin-kregiel\/","og_site_name":"Kongres O\u015bwiaty","article_published_time":"2025-08-11T07:40:30+00:00","article_modified_time":"2025-09-03T07:48:44+00:00","og_image":[{"width":500,"height":500,"url":"https:\/\/uniwersytetotwarty.us.edu.pl\/ko\/wp-content\/uploads\/sites\/7\/2025\/08\/Marcin-Kregiel.png","type":"image\/png"}],"author":"magpio","twitter_card":"summary_large_image","twitter_misc":{"Napisane przez":"magpio","Szacowany czas czytania":"2 minuty"},"schema":{"@context":"https:\/\/schema.org","@graph":[{"@type":"Article","@id":"https:\/\/uniwersytetotwarty.us.edu.pl\/ko\/marcin-kregiel\/#article","isPartOf":{"@id":"https:\/\/uniwersytetotwarty.us.edu.pl\/ko\/marcin-kregiel\/"},"author":{"name":"magpio","@id":"https:\/\/uniwersytetotwarty.us.edu.pl\/ko\/#\/schema\/person\/52079e835af28b2986d28dcec18799c7"},"headline":"Marcin Kr\u0119giel","datePublished":"2025-08-11T07:40:30+00:00","dateModified":"2025-09-03T07:48:44+00:00","mainEntityOfPage":{"@id":"https:\/\/uniwersytetotwarty.us.edu.pl\/ko\/marcin-kregiel\/"},"wordCount":359,"publisher":{"@id":"https:\/\/uniwersytetotwarty.us.edu.pl\/ko\/#organization"},"image":{"@id":"https:\/\/uniwersytetotwarty.us.edu.pl\/ko\/marcin-kregiel\/#primaryimage"},"thumbnailUrl":"https:\/\/uniwersytetotwarty.us.edu.pl\/ko\/wp-content\/uploads\/sites\/7\/2025\/08\/Marcin-Kregiel.png","articleSection":["program2025"],"inLanguage":"pl-PL"},{"@type":"WebPage","@id":"https:\/\/uniwersytetotwarty.us.edu.pl\/ko\/marcin-kregiel\/","url":"https:\/\/uniwersytetotwarty.us.edu.pl\/ko\/marcin-kregiel\/","name":"Marcin Kr\u0119giel - Kongres O\u015bwiaty","isPartOf":{"@id":"https:\/\/uniwersytetotwarty.us.edu.pl\/ko\/#website"},"primaryImageOfPage":{"@id":"https:\/\/uniwersytetotwarty.us.edu.pl\/ko\/marcin-kregiel\/#primaryimage"},"image":{"@id":"https:\/\/uniwersytetotwarty.us.edu.pl\/ko\/marcin-kregiel\/#primaryimage"},"thumbnailUrl":"https:\/\/uniwersytetotwarty.us.edu.pl\/ko\/wp-content\/uploads\/sites\/7\/2025\/08\/Marcin-Kregiel.png","datePublished":"2025-08-11T07:40:30+00:00","dateModified":"2025-09-03T07:48:44+00:00","breadcrumb":{"@id":"https:\/\/uniwersytetotwarty.us.edu.pl\/ko\/marcin-kregiel\/#breadcrumb"},"inLanguage":"pl-PL","potentialAction":[{"@type":"ReadAction","target":["https:\/\/uniwersytetotwarty.us.edu.pl\/ko\/marcin-kregiel\/"]}]},{"@type":"ImageObject","inLanguage":"pl-PL","@id":"https:\/\/uniwersytetotwarty.us.edu.pl\/ko\/marcin-kregiel\/#primaryimage","url":"https:\/\/uniwersytetotwarty.us.edu.pl\/ko\/wp-content\/uploads\/sites\/7\/2025\/08\/Marcin-Kregiel.png","contentUrl":"https:\/\/uniwersytetotwarty.us.edu.pl\/ko\/wp-content\/uploads\/sites\/7\/2025\/08\/Marcin-Kregiel.png","width":500,"height":500},{"@type":"BreadcrumbList","@id":"https:\/\/uniwersytetotwarty.us.edu.pl\/ko\/marcin-kregiel\/#breadcrumb","itemListElement":[{"@type":"ListItem","position":1,"name":"Strona g\u0142\u00f3wna","item":"https:\/\/uniwersytetotwarty.us.edu.pl\/ko\/"},{"@type":"ListItem","position":2,"name":"Marcin Kr\u0119giel"}]},{"@type":"WebSite","@id":"https:\/\/uniwersytetotwarty.us.edu.pl\/ko\/#website","url":"https:\/\/uniwersytetotwarty.us.edu.pl\/ko\/","name":"Kongres O\u015bwiaty","description":"","publisher":{"@id":"https:\/\/uniwersytetotwarty.us.edu.pl\/ko\/#organization"},"potentialAction":[{"@type":"SearchAction","target":{"@type":"EntryPoint","urlTemplate":"https:\/\/uniwersytetotwarty.us.edu.pl\/ko\/?s={search_term_string}"},"query-input":{"@type":"PropertyValueSpecification","valueRequired":true,"valueName":"search_term_string"}}],"inLanguage":"pl-PL"},{"@type":"Organization","@id":"https:\/\/uniwersytetotwarty.us.edu.pl\/ko\/#organization","name":"Uniwersytet \u015al\u0105ski","url":"https:\/\/uniwersytetotwarty.us.edu.pl\/ko\/","logo":{"@type":"ImageObject","inLanguage":"pl-PL","@id":"https:\/\/uniwersytetotwarty.us.edu.pl\/ko\/#\/schema\/logo\/image\/","url":"https:\/\/uniwersytetotwarty.us.edu.pl\/ko\/wp-content\/uploads\/sites\/7\/2023\/08\/US_UO-biale.png","contentUrl":"https:\/\/uniwersytetotwarty.us.edu.pl\/ko\/wp-content\/uploads\/sites\/7\/2023\/08\/US_UO-biale.png","width":1923,"height":326,"caption":"Uniwersytet \u015al\u0105ski"},"image":{"@id":"https:\/\/uniwersytetotwarty.us.edu.pl\/ko\/#\/schema\/logo\/image\/"}},{"@type":"Person","@id":"https:\/\/uniwersytetotwarty.us.edu.pl\/ko\/#\/schema\/person\/52079e835af28b2986d28dcec18799c7","name":"magpio","image":{"@type":"ImageObject","inLanguage":"pl-PL","@id":"https:\/\/secure.gravatar.com\/avatar\/feb37e4a670dfb74c59ab9a778140dae3b46f74c8c374e2982c500e1cd2912e9?s=96&d=mm&r=g","url":"https:\/\/secure.gravatar.com\/avatar\/feb37e4a670dfb74c59ab9a778140dae3b46f74c8c374e2982c500e1cd2912e9?s=96&d=mm&r=g","contentUrl":"https:\/\/secure.gravatar.com\/avatar\/feb37e4a670dfb74c59ab9a778140dae3b46f74c8c374e2982c500e1cd2912e9?s=96&d=mm&r=g","caption":"magpio"},"url":"https:\/\/uniwersytetotwarty.us.edu.pl\/ko\/author\/mpiotrowska\/"}]}},"_links":{"self":[{"href":"https:\/\/uniwersytetotwarty.us.edu.pl\/ko\/wp-json\/wp\/v2\/posts\/1348","targetHints":{"allow":["GET"]}}],"collection":[{"href":"https:\/\/uniwersytetotwarty.us.edu.pl\/ko\/wp-json\/wp\/v2\/posts"}],"about":[{"href":"https:\/\/uniwersytetotwarty.us.edu.pl\/ko\/wp-json\/wp\/v2\/types\/post"}],"author":[{"embeddable":true,"href":"https:\/\/uniwersytetotwarty.us.edu.pl\/ko\/wp-json\/wp\/v2\/users\/2"}],"replies":[{"embeddable":true,"href":"https:\/\/uniwersytetotwarty.us.edu.pl\/ko\/wp-json\/wp\/v2\/comments?post=1348"}],"version-history":[{"count":11,"href":"https:\/\/uniwersytetotwarty.us.edu.pl\/ko\/wp-json\/wp\/v2\/posts\/1348\/revisions"}],"predecessor-version":[{"id":2041,"href":"https:\/\/uniwersytetotwarty.us.edu.pl\/ko\/wp-json\/wp\/v2\/posts\/1348\/revisions\/2041"}],"wp:featuredmedia":[{"embeddable":true,"href":"https:\/\/uniwersytetotwarty.us.edu.pl\/ko\/wp-json\/wp\/v2\/media\/1068"}],"wp:attachment":[{"href":"https:\/\/uniwersytetotwarty.us.edu.pl\/ko\/wp-json\/wp\/v2\/media?parent=1348"}],"wp:term":[{"taxonomy":"category","embeddable":true,"href":"https:\/\/uniwersytetotwarty.us.edu.pl\/ko\/wp-json\/wp\/v2\/categories?post=1348"},{"taxonomy":"post_tag","embeddable":true,"href":"https:\/\/uniwersytetotwarty.us.edu.pl\/ko\/wp-json\/wp\/v2\/tags?post=1348"}],"curies":[{"name":"wp","href":"https:\/\/api.w.org\/{rel}","templated":true}]}}