{"id":1301,"date":"2025-08-11T09:16:26","date_gmt":"2025-08-11T07:16:26","guid":{"rendered":"https:\/\/uniwersytetotwarty.us.edu.pl\/ko\/?p=1301"},"modified":"2025-08-11T09:16:46","modified_gmt":"2025-08-11T07:16:46","slug":"romana-musialik","status":"publish","type":"post","link":"https:\/\/uniwersytetotwarty.us.edu.pl\/ko\/romana-musialik\/","title":{"rendered":"Romana Musialik"},"content":{"rendered":"\t\t<div data-elementor-type=\"wp-post\" data-elementor-id=\"1301\" class=\"elementor elementor-1301\" data-elementor-post-type=\"post\">\n\t\t\t\t\t\t<section class=\"elementor-section elementor-top-section elementor-element elementor-element-56fde19 elementor-section-boxed elementor-section-height-default elementor-section-height-default\" data-id=\"56fde19\" data-element_type=\"section\" data-e-type=\"section\">\n\t\t\t\t\t\t<div class=\"elementor-container elementor-column-gap-default\">\n\t\t\t\t\t<div class=\"elementor-column elementor-col-100 elementor-top-column elementor-element elementor-element-36af650\" data-id=\"36af650\" data-element_type=\"column\" data-e-type=\"column\">\n\t\t\t<div class=\"elementor-widget-wrap elementor-element-populated\">\n\t\t\t\t\t\t<section class=\"elementor-section elementor-inner-section elementor-element elementor-element-b1d675d elementor-section-boxed elementor-section-height-default elementor-section-height-default\" data-id=\"b1d675d\" data-element_type=\"section\" data-e-type=\"section\">\n\t\t\t\t\t\t<div class=\"elementor-container elementor-column-gap-default\">\n\t\t\t\t\t<div class=\"elementor-column elementor-col-50 elementor-inner-column elementor-element elementor-element-9747156\" data-id=\"9747156\" data-element_type=\"column\" data-e-type=\"column\">\n\t\t\t<div class=\"elementor-widget-wrap elementor-element-populated\">\n\t\t\t\t\t\t<div class=\"elementor-element elementor-element-883bcb5 elementor-widget elementor-widget-image\" data-id=\"883bcb5\" data-element_type=\"widget\" data-e-type=\"widget\" data-widget_type=\"image.default\">\n\t\t\t\t<div class=\"elementor-widget-container\">\n\t\t\t\t\t\t\t\t\t\t\t\t\t\t\t<img fetchpriority=\"high\" decoding=\"async\" width=\"600\" height=\"568\" src=\"https:\/\/uniwersytetotwarty.us.edu.pl\/ko\/wp-content\/uploads\/sites\/7\/2024\/09\/computer-icons-person-anonymous.jpg\" class=\"attachment-large size-large wp-image-571\" alt=\"\" srcset=\"https:\/\/uniwersytetotwarty.us.edu.pl\/ko\/wp-content\/uploads\/sites\/7\/2024\/09\/computer-icons-person-anonymous.jpg 600w, https:\/\/uniwersytetotwarty.us.edu.pl\/ko\/wp-content\/uploads\/sites\/7\/2024\/09\/computer-icons-person-anonymous-300x284.jpg 300w\" sizes=\"(max-width: 600px) 100vw, 600px\" \/>\t\t\t\t\t\t\t\t\t\t\t\t\t\t\t<\/div>\n\t\t\t\t<\/div>\n\t\t\t\t\t<\/div>\n\t\t<\/div>\n\t\t\t\t<div class=\"elementor-column elementor-col-50 elementor-inner-column elementor-element elementor-element-ea7141e\" data-id=\"ea7141e\" data-element_type=\"column\" data-e-type=\"column\">\n\t\t\t<div class=\"elementor-widget-wrap elementor-element-populated\">\n\t\t\t\t\t\t<div class=\"elementor-element elementor-element-ded1517 elementor-widget elementor-widget-text-editor\" data-id=\"ded1517\" data-element_type=\"widget\" data-e-type=\"widget\" data-widget_type=\"text-editor.default\">\n\t\t\t\t<div class=\"elementor-widget-container\">\n\t\t\t\t\t\t\t\t\t<p>Dyrektor Zespo\u0142u Szk\u00f3\u0142 nr 7 w Katowicach, za wsp\u00f3\u0142prac\u0119 i dotychczasowe dzia\u0142ania na polu mobilno\u015bci zagranicznych, otrzyma\u0142a wyr\u00f3\u017cnienie w 2024 r.\u00a0 Inspiratora Kariery. Realizowa\u0142a innowacje pedagogiczn\u0105 <em>\u201eDualne kszta\u0142cenie zar\u00f3wno teoretyczne, jak i praktyczne u pracodawcy\u201d<\/em>. Dotyczy\u0142a\u00a0 realizacji kszta\u0142cenia w zawodzie technik automatyk sterowania ruchem kolejowym oraz technik transportu kolejowego we wsp\u00f3\u0142pracy z PKP PLK z siedzib\u0105 w Sosnowcu, z kt\u00f3rym podpisano List Intencyjny. podpisano umow\u0119 o wsp\u00f3\u0142pracy z firm\u0105 Alstom oraz ze sp\u00f3\u0142k\u0105 G&amp;K Consulting z siedzib\u0105 w Katowicach w zakresie wsparcia merytorycznego szko\u0142y, organizowania wydarze\u0144 podnosz\u0105cych presti\u017c zawod\u00f3w kolejowych. Ponadto szko\u0142a wsp\u00f3\u0142pracuje z firmami: BMW Bawaria Motors, Fiat Partner, Renault Pietrzak, VW Gazda Group, Japan Motors, Ford Multexim, Porsche Auto Poland, Miejskim Przedsi\u0119biorstwie Komunikacji w Katowicach, Miejskim Przedsi\u0119biorstwie Us\u0142ug Komunalnych w \u015awi\u0119toch\u0142owicach. Uczniowie odbywaj\u0105 sta\u017ce zagraniczne z ramach projektu Erasmus+\u00a0 m.in. \u201ePraktyka zagraniczna klucz do sukcesu na rynku pracy\u201d (Grecja wrzesie\u0144 \u2013 pa\u017adziernik 2021 r.). W poprzednich latach by\u0142y to wyjazdy do Niemiec i W\u0142och. Szko\u0142a uzyska\u0142a Akredytacj\u0119 Narodowej Agencji FRSE na lata 2021-2027. Pozyskuje nowoczesne wyposa\u017cenie pracowni samochodowych od firm Inter Cars, BMW, Magneti Marelli. Od roku szkolnego 2021\/2022 uczniowie na kierunku kierowca mechanik realizuj\u0105 kurs prawa jazdy finansowany przez szko\u0142\u0119.\u00a0<\/p>\t\t\t\t\t\t\t\t<\/div>\n\t\t\t\t<\/div>\n\t\t\t\t\t<\/div>\n\t\t<\/div>\n\t\t\t\t\t<\/div>\n\t\t<\/section>\n\t\t\t\t\t<\/div>\n\t\t<\/div>\n\t\t\t\t\t<\/div>\n\t\t<\/section>\n\t\t\t\t<\/div>\n\t\t","protected":false},"excerpt":{"rendered":"<p>Dyrektor Zespo\u0142u Szk\u00f3\u0142 nr 7 w Katowicach, za wsp\u00f3\u0142prac\u0119 i dotychczasowe dzia\u0142ania na polu mobilno\u015bci zagranicznych, otrzyma\u0142a wyr\u00f3\u017cnienie w 2024 r.\u00a0 Inspiratora Kariery. Realizowa\u0142a innowacje pedagogiczn\u0105 \u201eDualne kszta\u0142cenie zar\u00f3wno teoretyczne, jak i praktyczne u pracodawcy\u201d. Dotyczy\u0142a\u00a0 realizacji kszta\u0142cenia w zawodzie technik automatyk sterowania ruchem kolejowym oraz technik transportu kolejowego we wsp\u00f3\u0142pracy z PKP PLK z [&hellip;]<\/p>\n","protected":false},"author":2,"featured_media":571,"comment_status":"closed","ping_status":"closed","sticky":false,"template":"","format":"standard","meta":{"footnotes":""},"categories":[9],"tags":[],"class_list":["post-1301","post","type-post","status-publish","format-standard","has-post-thumbnail","hentry","category-program2025"],"yoast_head":"<!-- This site is optimized with the Yoast SEO plugin v27.5 - https:\/\/yoast.com\/product\/yoast-seo-wordpress\/ -->\n<title>Romana Musialik - Kongres O\u015bwiaty<\/title>\n<meta name=\"robots\" content=\"index, follow, max-snippet:-1, max-image-preview:large, max-video-preview:-1\" \/>\n<link rel=\"canonical\" href=\"https:\/\/uniwersytetotwarty.us.edu.pl\/ko\/romana-musialik\/\" \/>\n<meta property=\"og:locale\" content=\"pl_PL\" \/>\n<meta property=\"og:type\" content=\"article\" \/>\n<meta property=\"og:title\" content=\"Romana Musialik - Kongres O\u015bwiaty\" \/>\n<meta property=\"og:description\" content=\"Dyrektor Zespo\u0142u Szk\u00f3\u0142 nr 7 w Katowicach, za wsp\u00f3\u0142prac\u0119 i dotychczasowe dzia\u0142ania na polu mobilno\u015bci zagranicznych, otrzyma\u0142a wyr\u00f3\u017cnienie w 2024 r.\u00a0 Inspiratora Kariery. Realizowa\u0142a innowacje pedagogiczn\u0105 \u201eDualne kszta\u0142cenie zar\u00f3wno teoretyczne, jak i praktyczne u pracodawcy\u201d. Dotyczy\u0142a\u00a0 realizacji kszta\u0142cenia w zawodzie technik automatyk sterowania ruchem kolejowym oraz technik transportu kolejowego we wsp\u00f3\u0142pracy z PKP PLK z [&hellip;]\" \/>\n<meta property=\"og:url\" content=\"https:\/\/uniwersytetotwarty.us.edu.pl\/ko\/romana-musialik\/\" \/>\n<meta property=\"og:site_name\" content=\"Kongres O\u015bwiaty\" \/>\n<meta property=\"article:published_time\" content=\"2025-08-11T07:16:26+00:00\" \/>\n<meta property=\"article:modified_time\" content=\"2025-08-11T07:16:46+00:00\" \/>\n<meta property=\"og:image\" content=\"https:\/\/uniwersytetotwarty.us.edu.pl\/ko\/wp-content\/uploads\/sites\/7\/2024\/09\/computer-icons-person-anonymous.jpg\" \/>\n\t<meta property=\"og:image:width\" content=\"600\" \/>\n\t<meta property=\"og:image:height\" content=\"568\" \/>\n\t<meta property=\"og:image:type\" content=\"image\/jpeg\" \/>\n<meta name=\"author\" content=\"magpio\" \/>\n<meta name=\"twitter:card\" content=\"summary_large_image\" \/>\n<meta name=\"twitter:label1\" content=\"Napisane przez\" \/>\n\t<meta name=\"twitter:data1\" content=\"magpio\" \/>\n\t<meta name=\"twitter:label2\" content=\"Szacowany czas czytania\" \/>\n\t<meta name=\"twitter:data2\" content=\"2 minuty\" \/>\n<script type=\"application\/ld+json\" class=\"yoast-schema-graph\">{\"@context\":\"https:\\\/\\\/schema.org\",\"@graph\":[{\"@type\":\"Article\",\"@id\":\"https:\\\/\\\/uniwersytetotwarty.us.edu.pl\\\/ko\\\/romana-musialik\\\/#article\",\"isPartOf\":{\"@id\":\"https:\\\/\\\/uniwersytetotwarty.us.edu.pl\\\/ko\\\/romana-musialik\\\/\"},\"author\":{\"name\":\"magpio\",\"@id\":\"https:\\\/\\\/uniwersytetotwarty.us.edu.pl\\\/ko\\\/#\\\/schema\\\/person\\\/52079e835af28b2986d28dcec18799c7\"},\"headline\":\"Romana Musialik\",\"datePublished\":\"2025-08-11T07:16:26+00:00\",\"dateModified\":\"2025-08-11T07:16:46+00:00\",\"mainEntityOfPage\":{\"@id\":\"https:\\\/\\\/uniwersytetotwarty.us.edu.pl\\\/ko\\\/romana-musialik\\\/\"},\"wordCount\":225,\"publisher\":{\"@id\":\"https:\\\/\\\/uniwersytetotwarty.us.edu.pl\\\/ko\\\/#organization\"},\"image\":{\"@id\":\"https:\\\/\\\/uniwersytetotwarty.us.edu.pl\\\/ko\\\/romana-musialik\\\/#primaryimage\"},\"thumbnailUrl\":\"https:\\\/\\\/uniwersytetotwarty.us.edu.pl\\\/ko\\\/wp-content\\\/uploads\\\/sites\\\/7\\\/2024\\\/09\\\/computer-icons-person-anonymous.jpg\",\"articleSection\":[\"program2025\"],\"inLanguage\":\"pl-PL\"},{\"@type\":\"WebPage\",\"@id\":\"https:\\\/\\\/uniwersytetotwarty.us.edu.pl\\\/ko\\\/romana-musialik\\\/\",\"url\":\"https:\\\/\\\/uniwersytetotwarty.us.edu.pl\\\/ko\\\/romana-musialik\\\/\",\"name\":\"Romana Musialik - Kongres O\u015bwiaty\",\"isPartOf\":{\"@id\":\"https:\\\/\\\/uniwersytetotwarty.us.edu.pl\\\/ko\\\/#website\"},\"primaryImageOfPage\":{\"@id\":\"https:\\\/\\\/uniwersytetotwarty.us.edu.pl\\\/ko\\\/romana-musialik\\\/#primaryimage\"},\"image\":{\"@id\":\"https:\\\/\\\/uniwersytetotwarty.us.edu.pl\\\/ko\\\/romana-musialik\\\/#primaryimage\"},\"thumbnailUrl\":\"https:\\\/\\\/uniwersytetotwarty.us.edu.pl\\\/ko\\\/wp-content\\\/uploads\\\/sites\\\/7\\\/2024\\\/09\\\/computer-icons-person-anonymous.jpg\",\"datePublished\":\"2025-08-11T07:16:26+00:00\",\"dateModified\":\"2025-08-11T07:16:46+00:00\",\"breadcrumb\":{\"@id\":\"https:\\\/\\\/uniwersytetotwarty.us.edu.pl\\\/ko\\\/romana-musialik\\\/#breadcrumb\"},\"inLanguage\":\"pl-PL\",\"potentialAction\":[{\"@type\":\"ReadAction\",\"target\":[\"https:\\\/\\\/uniwersytetotwarty.us.edu.pl\\\/ko\\\/romana-musialik\\\/\"]}]},{\"@type\":\"ImageObject\",\"inLanguage\":\"pl-PL\",\"@id\":\"https:\\\/\\\/uniwersytetotwarty.us.edu.pl\\\/ko\\\/romana-musialik\\\/#primaryimage\",\"url\":\"https:\\\/\\\/uniwersytetotwarty.us.edu.pl\\\/ko\\\/wp-content\\\/uploads\\\/sites\\\/7\\\/2024\\\/09\\\/computer-icons-person-anonymous.jpg\",\"contentUrl\":\"https:\\\/\\\/uniwersytetotwarty.us.edu.pl\\\/ko\\\/wp-content\\\/uploads\\\/sites\\\/7\\\/2024\\\/09\\\/computer-icons-person-anonymous.jpg\",\"width\":600,\"height\":568},{\"@type\":\"BreadcrumbList\",\"@id\":\"https:\\\/\\\/uniwersytetotwarty.us.edu.pl\\\/ko\\\/romana-musialik\\\/#breadcrumb\",\"itemListElement\":[{\"@type\":\"ListItem\",\"position\":1,\"name\":\"Strona g\u0142\u00f3wna\",\"item\":\"https:\\\/\\\/uniwersytetotwarty.us.edu.pl\\\/ko\\\/\"},{\"@type\":\"ListItem\",\"position\":2,\"name\":\"Romana Musialik\"}]},{\"@type\":\"WebSite\",\"@id\":\"https:\\\/\\\/uniwersytetotwarty.us.edu.pl\\\/ko\\\/#website\",\"url\":\"https:\\\/\\\/uniwersytetotwarty.us.edu.pl\\\/ko\\\/\",\"name\":\"Kongres O\u015bwiaty\",\"description\":\"\",\"publisher\":{\"@id\":\"https:\\\/\\\/uniwersytetotwarty.us.edu.pl\\\/ko\\\/#organization\"},\"potentialAction\":[{\"@type\":\"SearchAction\",\"target\":{\"@type\":\"EntryPoint\",\"urlTemplate\":\"https:\\\/\\\/uniwersytetotwarty.us.edu.pl\\\/ko\\\/?s={search_term_string}\"},\"query-input\":{\"@type\":\"PropertyValueSpecification\",\"valueRequired\":true,\"valueName\":\"search_term_string\"}}],\"inLanguage\":\"pl-PL\"},{\"@type\":\"Organization\",\"@id\":\"https:\\\/\\\/uniwersytetotwarty.us.edu.pl\\\/ko\\\/#organization\",\"name\":\"Uniwersytet \u015al\u0105ski\",\"url\":\"https:\\\/\\\/uniwersytetotwarty.us.edu.pl\\\/ko\\\/\",\"logo\":{\"@type\":\"ImageObject\",\"inLanguage\":\"pl-PL\",\"@id\":\"https:\\\/\\\/uniwersytetotwarty.us.edu.pl\\\/ko\\\/#\\\/schema\\\/logo\\\/image\\\/\",\"url\":\"https:\\\/\\\/uniwersytetotwarty.us.edu.pl\\\/ko\\\/wp-content\\\/uploads\\\/sites\\\/7\\\/2023\\\/08\\\/US_UO-biale.png\",\"contentUrl\":\"https:\\\/\\\/uniwersytetotwarty.us.edu.pl\\\/ko\\\/wp-content\\\/uploads\\\/sites\\\/7\\\/2023\\\/08\\\/US_UO-biale.png\",\"width\":1923,\"height\":326,\"caption\":\"Uniwersytet \u015al\u0105ski\"},\"image\":{\"@id\":\"https:\\\/\\\/uniwersytetotwarty.us.edu.pl\\\/ko\\\/#\\\/schema\\\/logo\\\/image\\\/\"}},{\"@type\":\"Person\",\"@id\":\"https:\\\/\\\/uniwersytetotwarty.us.edu.pl\\\/ko\\\/#\\\/schema\\\/person\\\/52079e835af28b2986d28dcec18799c7\",\"name\":\"magpio\",\"image\":{\"@type\":\"ImageObject\",\"inLanguage\":\"pl-PL\",\"@id\":\"https:\\\/\\\/secure.gravatar.com\\\/avatar\\\/feb37e4a670dfb74c59ab9a778140dae3b46f74c8c374e2982c500e1cd2912e9?s=96&d=mm&r=g\",\"url\":\"https:\\\/\\\/secure.gravatar.com\\\/avatar\\\/feb37e4a670dfb74c59ab9a778140dae3b46f74c8c374e2982c500e1cd2912e9?s=96&d=mm&r=g\",\"contentUrl\":\"https:\\\/\\\/secure.gravatar.com\\\/avatar\\\/feb37e4a670dfb74c59ab9a778140dae3b46f74c8c374e2982c500e1cd2912e9?s=96&d=mm&r=g\",\"caption\":\"magpio\"},\"url\":\"https:\\\/\\\/uniwersytetotwarty.us.edu.pl\\\/ko\\\/author\\\/mpiotrowska\\\/\"}]}<\/script>\n<!-- \/ Yoast SEO plugin. -->","yoast_head_json":{"title":"Romana Musialik - Kongres O\u015bwiaty","robots":{"index":"index","follow":"follow","max-snippet":"max-snippet:-1","max-image-preview":"max-image-preview:large","max-video-preview":"max-video-preview:-1"},"canonical":"https:\/\/uniwersytetotwarty.us.edu.pl\/ko\/romana-musialik\/","og_locale":"pl_PL","og_type":"article","og_title":"Romana Musialik - Kongres O\u015bwiaty","og_description":"Dyrektor Zespo\u0142u Szk\u00f3\u0142 nr 7 w Katowicach, za wsp\u00f3\u0142prac\u0119 i dotychczasowe dzia\u0142ania na polu mobilno\u015bci zagranicznych, otrzyma\u0142a wyr\u00f3\u017cnienie w 2024 r.\u00a0 Inspiratora Kariery. Realizowa\u0142a innowacje pedagogiczn\u0105 \u201eDualne kszta\u0142cenie zar\u00f3wno teoretyczne, jak i praktyczne u pracodawcy\u201d. Dotyczy\u0142a\u00a0 realizacji kszta\u0142cenia w zawodzie technik automatyk sterowania ruchem kolejowym oraz technik transportu kolejowego we wsp\u00f3\u0142pracy z PKP PLK z [&hellip;]","og_url":"https:\/\/uniwersytetotwarty.us.edu.pl\/ko\/romana-musialik\/","og_site_name":"Kongres O\u015bwiaty","article_published_time":"2025-08-11T07:16:26+00:00","article_modified_time":"2025-08-11T07:16:46+00:00","og_image":[{"width":600,"height":568,"url":"https:\/\/uniwersytetotwarty.us.edu.pl\/ko\/wp-content\/uploads\/sites\/7\/2024\/09\/computer-icons-person-anonymous.jpg","type":"image\/jpeg"}],"author":"magpio","twitter_card":"summary_large_image","twitter_misc":{"Napisane przez":"magpio","Szacowany czas czytania":"2 minuty"},"schema":{"@context":"https:\/\/schema.org","@graph":[{"@type":"Article","@id":"https:\/\/uniwersytetotwarty.us.edu.pl\/ko\/romana-musialik\/#article","isPartOf":{"@id":"https:\/\/uniwersytetotwarty.us.edu.pl\/ko\/romana-musialik\/"},"author":{"name":"magpio","@id":"https:\/\/uniwersytetotwarty.us.edu.pl\/ko\/#\/schema\/person\/52079e835af28b2986d28dcec18799c7"},"headline":"Romana Musialik","datePublished":"2025-08-11T07:16:26+00:00","dateModified":"2025-08-11T07:16:46+00:00","mainEntityOfPage":{"@id":"https:\/\/uniwersytetotwarty.us.edu.pl\/ko\/romana-musialik\/"},"wordCount":225,"publisher":{"@id":"https:\/\/uniwersytetotwarty.us.edu.pl\/ko\/#organization"},"image":{"@id":"https:\/\/uniwersytetotwarty.us.edu.pl\/ko\/romana-musialik\/#primaryimage"},"thumbnailUrl":"https:\/\/uniwersytetotwarty.us.edu.pl\/ko\/wp-content\/uploads\/sites\/7\/2024\/09\/computer-icons-person-anonymous.jpg","articleSection":["program2025"],"inLanguage":"pl-PL"},{"@type":"WebPage","@id":"https:\/\/uniwersytetotwarty.us.edu.pl\/ko\/romana-musialik\/","url":"https:\/\/uniwersytetotwarty.us.edu.pl\/ko\/romana-musialik\/","name":"Romana Musialik - Kongres O\u015bwiaty","isPartOf":{"@id":"https:\/\/uniwersytetotwarty.us.edu.pl\/ko\/#website"},"primaryImageOfPage":{"@id":"https:\/\/uniwersytetotwarty.us.edu.pl\/ko\/romana-musialik\/#primaryimage"},"image":{"@id":"https:\/\/uniwersytetotwarty.us.edu.pl\/ko\/romana-musialik\/#primaryimage"},"thumbnailUrl":"https:\/\/uniwersytetotwarty.us.edu.pl\/ko\/wp-content\/uploads\/sites\/7\/2024\/09\/computer-icons-person-anonymous.jpg","datePublished":"2025-08-11T07:16:26+00:00","dateModified":"2025-08-11T07:16:46+00:00","breadcrumb":{"@id":"https:\/\/uniwersytetotwarty.us.edu.pl\/ko\/romana-musialik\/#breadcrumb"},"inLanguage":"pl-PL","potentialAction":[{"@type":"ReadAction","target":["https:\/\/uniwersytetotwarty.us.edu.pl\/ko\/romana-musialik\/"]}]},{"@type":"ImageObject","inLanguage":"pl-PL","@id":"https:\/\/uniwersytetotwarty.us.edu.pl\/ko\/romana-musialik\/#primaryimage","url":"https:\/\/uniwersytetotwarty.us.edu.pl\/ko\/wp-content\/uploads\/sites\/7\/2024\/09\/computer-icons-person-anonymous.jpg","contentUrl":"https:\/\/uniwersytetotwarty.us.edu.pl\/ko\/wp-content\/uploads\/sites\/7\/2024\/09\/computer-icons-person-anonymous.jpg","width":600,"height":568},{"@type":"BreadcrumbList","@id":"https:\/\/uniwersytetotwarty.us.edu.pl\/ko\/romana-musialik\/#breadcrumb","itemListElement":[{"@type":"ListItem","position":1,"name":"Strona g\u0142\u00f3wna","item":"https:\/\/uniwersytetotwarty.us.edu.pl\/ko\/"},{"@type":"ListItem","position":2,"name":"Romana Musialik"}]},{"@type":"WebSite","@id":"https:\/\/uniwersytetotwarty.us.edu.pl\/ko\/#website","url":"https:\/\/uniwersytetotwarty.us.edu.pl\/ko\/","name":"Kongres O\u015bwiaty","description":"","publisher":{"@id":"https:\/\/uniwersytetotwarty.us.edu.pl\/ko\/#organization"},"potentialAction":[{"@type":"SearchAction","target":{"@type":"EntryPoint","urlTemplate":"https:\/\/uniwersytetotwarty.us.edu.pl\/ko\/?s={search_term_string}"},"query-input":{"@type":"PropertyValueSpecification","valueRequired":true,"valueName":"search_term_string"}}],"inLanguage":"pl-PL"},{"@type":"Organization","@id":"https:\/\/uniwersytetotwarty.us.edu.pl\/ko\/#organization","name":"Uniwersytet \u015al\u0105ski","url":"https:\/\/uniwersytetotwarty.us.edu.pl\/ko\/","logo":{"@type":"ImageObject","inLanguage":"pl-PL","@id":"https:\/\/uniwersytetotwarty.us.edu.pl\/ko\/#\/schema\/logo\/image\/","url":"https:\/\/uniwersytetotwarty.us.edu.pl\/ko\/wp-content\/uploads\/sites\/7\/2023\/08\/US_UO-biale.png","contentUrl":"https:\/\/uniwersytetotwarty.us.edu.pl\/ko\/wp-content\/uploads\/sites\/7\/2023\/08\/US_UO-biale.png","width":1923,"height":326,"caption":"Uniwersytet \u015al\u0105ski"},"image":{"@id":"https:\/\/uniwersytetotwarty.us.edu.pl\/ko\/#\/schema\/logo\/image\/"}},{"@type":"Person","@id":"https:\/\/uniwersytetotwarty.us.edu.pl\/ko\/#\/schema\/person\/52079e835af28b2986d28dcec18799c7","name":"magpio","image":{"@type":"ImageObject","inLanguage":"pl-PL","@id":"https:\/\/secure.gravatar.com\/avatar\/feb37e4a670dfb74c59ab9a778140dae3b46f74c8c374e2982c500e1cd2912e9?s=96&d=mm&r=g","url":"https:\/\/secure.gravatar.com\/avatar\/feb37e4a670dfb74c59ab9a778140dae3b46f74c8c374e2982c500e1cd2912e9?s=96&d=mm&r=g","contentUrl":"https:\/\/secure.gravatar.com\/avatar\/feb37e4a670dfb74c59ab9a778140dae3b46f74c8c374e2982c500e1cd2912e9?s=96&d=mm&r=g","caption":"magpio"},"url":"https:\/\/uniwersytetotwarty.us.edu.pl\/ko\/author\/mpiotrowska\/"}]}},"_links":{"self":[{"href":"https:\/\/uniwersytetotwarty.us.edu.pl\/ko\/wp-json\/wp\/v2\/posts\/1301","targetHints":{"allow":["GET"]}}],"collection":[{"href":"https:\/\/uniwersytetotwarty.us.edu.pl\/ko\/wp-json\/wp\/v2\/posts"}],"about":[{"href":"https:\/\/uniwersytetotwarty.us.edu.pl\/ko\/wp-json\/wp\/v2\/types\/post"}],"author":[{"embeddable":true,"href":"https:\/\/uniwersytetotwarty.us.edu.pl\/ko\/wp-json\/wp\/v2\/users\/2"}],"replies":[{"embeddable":true,"href":"https:\/\/uniwersytetotwarty.us.edu.pl\/ko\/wp-json\/wp\/v2\/comments?post=1301"}],"version-history":[{"count":4,"href":"https:\/\/uniwersytetotwarty.us.edu.pl\/ko\/wp-json\/wp\/v2\/posts\/1301\/revisions"}],"predecessor-version":[{"id":1305,"href":"https:\/\/uniwersytetotwarty.us.edu.pl\/ko\/wp-json\/wp\/v2\/posts\/1301\/revisions\/1305"}],"wp:featuredmedia":[{"embeddable":true,"href":"https:\/\/uniwersytetotwarty.us.edu.pl\/ko\/wp-json\/wp\/v2\/media\/571"}],"wp:attachment":[{"href":"https:\/\/uniwersytetotwarty.us.edu.pl\/ko\/wp-json\/wp\/v2\/media?parent=1301"}],"wp:term":[{"taxonomy":"category","embeddable":true,"href":"https:\/\/uniwersytetotwarty.us.edu.pl\/ko\/wp-json\/wp\/v2\/categories?post=1301"},{"taxonomy":"post_tag","embeddable":true,"href":"https:\/\/uniwersytetotwarty.us.edu.pl\/ko\/wp-json\/wp\/v2\/tags?post=1301"}],"curies":[{"name":"wp","href":"https:\/\/api.w.org\/{rel}","templated":true}]}}