{"id":834,"date":"2024-04-23T13:25:43","date_gmt":"2024-04-23T11:25:43","guid":{"rendered":"https:\/\/uniwersytetotwarty.us.edu.pl\/centrum-dydaktyki\/?p=834"},"modified":"2024-04-23T14:36:53","modified_gmt":"2024-04-23T12:36:53","slug":"dr-maciej-bozek-prof-us","status":"publish","type":"post","link":"https:\/\/uniwersytetotwarty.us.edu.pl\/centrum-dydaktyki\/dr-maciej-bozek-prof-us\/","title":{"rendered":"dr Maciej Bo\u017cek, prof. U\u015a"},"content":{"rendered":"\t\t<div data-elementor-type=\"wp-post\" data-elementor-id=\"834\" class=\"elementor elementor-834\" data-elementor-post-type=\"post\">\n\t\t\t\t\t\t<section class=\"elementor-section elementor-top-section elementor-element elementor-element-841ea2b elementor-section-boxed elementor-section-height-default elementor-section-height-default\" data-id=\"841ea2b\" data-element_type=\"section\" data-e-type=\"section\">\n\t\t\t\t\t\t<div class=\"elementor-container elementor-column-gap-default\">\n\t\t\t\t\t<div class=\"elementor-column elementor-col-50 elementor-top-column elementor-element elementor-element-da599f8\" data-id=\"da599f8\" data-element_type=\"column\" data-e-type=\"column\">\n\t\t\t<div class=\"elementor-widget-wrap elementor-element-populated\">\n\t\t\t\t\t\t<div class=\"elementor-element elementor-element-863474a elementor-widget elementor-widget-image\" data-id=\"863474a\" data-element_type=\"widget\" data-e-type=\"widget\" data-widget_type=\"image.default\">\n\t\t\t\t<div class=\"elementor-widget-container\">\n\t\t\t\t\t\t\t\t\t\t\t\t\t\t\t<img fetchpriority=\"high\" decoding=\"async\" width=\"800\" height=\"756\" src=\"https:\/\/uniwersytetotwarty.us.edu.pl\/centrum-dydaktyki\/wp-content\/uploads\/sites\/9\/2024\/04\/man-303792_1280-1024x968.png\" class=\"attachment-large size-large wp-image-796\" alt=\"Osoba\" srcset=\"https:\/\/uniwersytetotwarty.us.edu.pl\/centrum-dydaktyki\/wp-content\/uploads\/sites\/9\/2024\/04\/man-303792_1280-1024x968.png 1024w, https:\/\/uniwersytetotwarty.us.edu.pl\/centrum-dydaktyki\/wp-content\/uploads\/sites\/9\/2024\/04\/man-303792_1280-300x284.png 300w, https:\/\/uniwersytetotwarty.us.edu.pl\/centrum-dydaktyki\/wp-content\/uploads\/sites\/9\/2024\/04\/man-303792_1280-768x726.png 768w, https:\/\/uniwersytetotwarty.us.edu.pl\/centrum-dydaktyki\/wp-content\/uploads\/sites\/9\/2024\/04\/man-303792_1280.png 1280w\" sizes=\"(max-width: 800px) 100vw, 800px\" \/>\t\t\t\t\t\t\t\t\t\t\t\t\t\t\t<\/div>\n\t\t\t\t<\/div>\n\t\t\t\t\t<\/div>\n\t\t<\/div>\n\t\t\t\t<div class=\"elementor-column elementor-col-50 elementor-top-column elementor-element elementor-element-5f64a3b\" data-id=\"5f64a3b\" data-element_type=\"column\" data-e-type=\"column\">\n\t\t\t<div class=\"elementor-widget-wrap elementor-element-populated\">\n\t\t\t\t\t\t<div class=\"elementor-element elementor-element-ff95845 elementor-widget elementor-widget-text-editor\" data-id=\"ff95845\" data-element_type=\"widget\" data-e-type=\"widget\" data-widget_type=\"text-editor.default\">\n\t\t\t\t<div class=\"elementor-widget-container\">\n\t\t\t\t\t\t\t\t\t<p>Od 15 lat prowadz\u0119 zaj\u0119cia na Uniwersytecie \u015al\u0105skim. Jestem zatrudniony na stanowisku prof. U\u015a. Z wykszta\u0142cenia jestem magistrem Socjologii i doktorem Psychologii. Zaj\u0119cia prowadzi\u0142em na wydzia\u0142ach: Nauk Spo\u0142ecznych, Humanistycznym, Prawa i Administracji, Szkole Filmowej i Szkole Doktorskiej. W orbicie moich zainteresowa\u0144 naukowych znajduje si\u0119 psychologia s\u0105dowa w zwi\u0105zku z kt\u00f3r\u0105 jestem bieg\u0142ym 3 kadencji przy S\u0105dzie Okr\u0119gowym w Katowicach, oraz psychologia eksperymentalna z uwagi na kt\u00f3r\u0105 jestem Koordynatorem Laboratorium Wydzia\u0142u Nauk Spo\u0142ecznych Uniwersytetu \u015al\u0105skiego. Prywatnie jestem mi\u0142o\u015bnikiem kot\u00f3w i gier &#8211; cyfrowych i analogowych.<\/p>\t\t\t\t\t\t\t\t<\/div>\n\t\t\t\t<\/div>\n\t\t\t\t\t<\/div>\n\t\t<\/div>\n\t\t\t\t\t<\/div>\n\t\t<\/section>\n\t\t\t\t<section class=\"elementor-section elementor-top-section elementor-element elementor-element-e138ca6 elementor-section-boxed elementor-section-height-default elementor-section-height-default\" data-id=\"e138ca6\" data-element_type=\"section\" data-e-type=\"section\">\n\t\t\t\t\t\t<div class=\"elementor-container elementor-column-gap-default\">\n\t\t\t\t\t<div class=\"elementor-column elementor-col-100 elementor-top-column elementor-element elementor-element-c310a09\" data-id=\"c310a09\" data-element_type=\"column\" data-e-type=\"column\">\n\t\t\t<div class=\"elementor-widget-wrap elementor-element-populated\">\n\t\t\t\t\t\t<div class=\"elementor-element elementor-element-0971ad7 elementor-widget elementor-widget-text-editor\" data-id=\"0971ad7\" data-element_type=\"widget\" data-e-type=\"widget\" data-widget_type=\"text-editor.default\">\n\t\t\t\t<div class=\"elementor-widget-container\">\n\t\t\t\t\t\t\t\t\t<p>Uko\u0144czone Szkolenia:\u00a0<\/p><p>Na U\u015a\u00a0<\/p><ul><li>Wprowadzenie do Tutoringu<\/li><li>Tutoring &#8211; Edukacja Spersonalizowana &#8211; Szkolenie podstawowe<\/li><li>Tutoring &#8211; Edukacja Spersonalizowana &#8211; Szkolenie zaawansowane<\/li><li>Indywidualny Trening Innowacyjnych Umiej\u0119tno\u015bci Dydaktycznych\u00a0\u00a0<\/li><\/ul><p>Na zewn\u0105trz\u00a0<\/p><ul><li>Collegium Wratislaviense<\/li><li>Akredytowany Praktyk Tutoringu &#8211; Akredytacja II stopnia<\/li><li>Uniwersytet w Gandawie<\/li><li>Master of Didactics<\/li><li>Uniwersytet w Groningen<\/li><li>Master of Didactics Advanced Programme: Advanced Teaching &amp; Tutoring<\/li><li>Harvard Business Publishing<\/li><li>Innovation in Teaching Programme<\/li><li>W ramach Tutoringu na U\u015a prowadzi\u0142em tutoring w ramach programu Uniwersytet Najlepszych, ISM, oraz 300 godzin indywidualnego tutoringu ze studentami.<\/li><\/ul><p>\u00a0<\/p>\t\t\t\t\t\t\t\t<\/div>\n\t\t\t\t<\/div>\n\t\t\t\t<section data-ra-url=\"https:\/\/uniwersytetotwarty.us.edu.pl\/centrum-dydaktyki\/wp-content\/uploads\/sites\/9\/2024\/04\/Wszystkie-certyfikaty.pdf\" data-ra-target=\"_self\" class=\"ra-clickable-wrapper elementor-section elementor-inner-section elementor-element elementor-element-58f943a elementor-section-boxed elementor-section-height-default elementor-section-height-default\" style=\"cursor:pointer;\" data-id=\"58f943a\" data-element_type=\"section\" data-e-type=\"section\">\n\t\t\t\t\t\t<div class=\"elementor-container elementor-column-gap-default\">\n\t\t\t\t\t<div class=\"elementor-column elementor-col-50 elementor-inner-column elementor-element elementor-element-a7a61b4\" data-id=\"a7a61b4\" data-element_type=\"column\" data-e-type=\"column\">\n\t\t\t<div class=\"elementor-widget-wrap elementor-element-populated\">\n\t\t\t\t\t\t<div class=\"elementor-element elementor-element-8bd4557 elementor-view-default elementor-widget elementor-widget-icon\" data-id=\"8bd4557\" data-element_type=\"widget\" data-e-type=\"widget\" data-widget_type=\"icon.default\">\n\t\t\t\t<div class=\"elementor-widget-container\">\n\t\t\t\t\t\t\t<div class=\"elementor-icon-wrapper\">\n\t\t\t<div class=\"elementor-icon\">\n\t\t\t<i aria-hidden=\"true\" class=\"far fa-file-pdf\"><\/i>\t\t\t<\/div>\n\t\t<\/div>\n\t\t\t\t\t\t<\/div>\n\t\t\t\t<\/div>\n\t\t\t\t\t<\/div>\n\t\t<\/div>\n\t\t\t\t<div class=\"elementor-column elementor-col-50 elementor-inner-column elementor-element elementor-element-4688b66\" data-id=\"4688b66\" data-element_type=\"column\" data-e-type=\"column\">\n\t\t\t<div class=\"elementor-widget-wrap elementor-element-populated\">\n\t\t\t\t\t\t<div class=\"elementor-element elementor-element-47a4044 elementor-widget elementor-widget-text-editor\" data-id=\"47a4044\" data-element_type=\"widget\" data-e-type=\"widget\" data-widget_type=\"text-editor.default\">\n\t\t\t\t<div class=\"elementor-widget-container\">\n\t\t\t\t\t\t\t\t\t<p>Za\u015bwiadczenia i certyfikaty<\/p>\t\t\t\t\t\t\t\t<\/div>\n\t\t\t\t<\/div>\n\t\t\t\t\t<\/div>\n\t\t<\/div>\n\t\t\t\t\t<\/div>\n\t\t<\/section>\n\t\t\t\t\t<\/div>\n\t\t<\/div>\n\t\t\t\t\t<\/div>\n\t\t<\/section>\n\t\t\t\t<\/div>\n\t\t","protected":false},"excerpt":{"rendered":"<p>Od 15 lat prowadz\u0119 zaj\u0119cia na Uniwersytecie \u015al\u0105skim. Jestem zatrudniony na stanowisku prof. U\u015a. Z wykszta\u0142cenia jestem magistrem Socjologii i doktorem Psychologii. Zaj\u0119cia prowadzi\u0142em na wydzia\u0142ach: Nauk Spo\u0142ecznych, Humanistycznym, Prawa i Administracji, Szkole Filmowej i Szkole Doktorskiej. W orbicie moich zainteresowa\u0144 naukowych znajduje si\u0119 psychologia s\u0105dowa w zwi\u0105zku z kt\u00f3r\u0105 jestem bieg\u0142ym 3 kadencji przy [&hellip;]<\/p>\n","protected":false},"author":2,"featured_media":796,"comment_status":"closed","ping_status":"open","sticky":false,"template":"","format":"standard","meta":{"footnotes":""},"categories":[44],"tags":[],"class_list":["post-834","post","type-post","status-publish","format-standard","has-post-thumbnail","hentry","category-tutorzy"],"yoast_head":"<!-- This site is optimized with the Yoast SEO plugin v27.5 - https:\/\/yoast.com\/product\/yoast-seo-wordpress\/ -->\n<title>dr Maciej Bo\u017cek, prof. U\u015a - Centrum Dydaktyki<\/title>\n<meta name=\"robots\" content=\"index, follow, max-snippet:-1, max-image-preview:large, max-video-preview:-1\" \/>\n<link rel=\"canonical\" href=\"https:\/\/uniwersytetotwarty.us.edu.pl\/centrum-dydaktyki\/dr-maciej-bozek-prof-us\/\" \/>\n<meta property=\"og:locale\" content=\"pl_PL\" \/>\n<meta property=\"og:type\" content=\"article\" \/>\n<meta property=\"og:title\" content=\"dr Maciej Bo\u017cek, prof. U\u015a - Centrum Dydaktyki\" \/>\n<meta property=\"og:description\" content=\"Od 15 lat prowadz\u0119 zaj\u0119cia na Uniwersytecie \u015al\u0105skim. Jestem zatrudniony na stanowisku prof. U\u015a. Z wykszta\u0142cenia jestem magistrem Socjologii i doktorem Psychologii. Zaj\u0119cia prowadzi\u0142em na wydzia\u0142ach: Nauk Spo\u0142ecznych, Humanistycznym, Prawa i Administracji, Szkole Filmowej i Szkole Doktorskiej. W orbicie moich zainteresowa\u0144 naukowych znajduje si\u0119 psychologia s\u0105dowa w zwi\u0105zku z kt\u00f3r\u0105 jestem bieg\u0142ym 3 kadencji przy [&hellip;]\" \/>\n<meta property=\"og:url\" content=\"https:\/\/uniwersytetotwarty.us.edu.pl\/centrum-dydaktyki\/dr-maciej-bozek-prof-us\/\" \/>\n<meta property=\"og:site_name\" content=\"Centrum Dydaktyki\" \/>\n<meta property=\"article:published_time\" content=\"2024-04-23T11:25:43+00:00\" \/>\n<meta property=\"article:modified_time\" content=\"2024-04-23T12:36:53+00:00\" \/>\n<meta property=\"og:image\" content=\"https:\/\/uniwersytetotwarty.us.edu.pl\/centrum-dydaktyki\/wp-content\/uploads\/sites\/9\/2024\/04\/man-303792_1280.png\" \/>\n\t<meta property=\"og:image:width\" content=\"1280\" \/>\n\t<meta property=\"og:image:height\" content=\"1210\" \/>\n\t<meta property=\"og:image:type\" content=\"image\/png\" \/>\n<meta name=\"author\" content=\"magpio\" \/>\n<meta name=\"twitter:card\" content=\"summary_large_image\" \/>\n<meta name=\"twitter:label1\" content=\"Napisane przez\" \/>\n\t<meta name=\"twitter:data1\" content=\"magpio\" \/>\n\t<meta name=\"twitter:label2\" content=\"Szacowany czas czytania\" \/>\n\t<meta name=\"twitter:data2\" content=\"2 minuty\" \/>\n<script type=\"application\/ld+json\" class=\"yoast-schema-graph\">{\"@context\":\"https:\\\/\\\/schema.org\",\"@graph\":[{\"@type\":\"Article\",\"@id\":\"https:\\\/\\\/uniwersytetotwarty.us.edu.pl\\\/centrum-dydaktyki\\\/dr-maciej-bozek-prof-us\\\/#article\",\"isPartOf\":{\"@id\":\"https:\\\/\\\/uniwersytetotwarty.us.edu.pl\\\/centrum-dydaktyki\\\/dr-maciej-bozek-prof-us\\\/\"},\"author\":{\"name\":\"magpio\",\"@id\":\"https:\\\/\\\/uniwersytetotwarty.us.edu.pl\\\/centrum-dydaktyki\\\/#\\\/schema\\\/person\\\/52079e835af28b2986d28dcec18799c7\"},\"headline\":\"dr Maciej Bo\u017cek, prof. U\u015a\",\"datePublished\":\"2024-04-23T11:25:43+00:00\",\"dateModified\":\"2024-04-23T12:36:53+00:00\",\"mainEntityOfPage\":{\"@id\":\"https:\\\/\\\/uniwersytetotwarty.us.edu.pl\\\/centrum-dydaktyki\\\/dr-maciej-bozek-prof-us\\\/\"},\"wordCount\":198,\"publisher\":{\"@id\":\"https:\\\/\\\/uniwersytetotwarty.us.edu.pl\\\/centrum-dydaktyki\\\/#organization\"},\"image\":{\"@id\":\"https:\\\/\\\/uniwersytetotwarty.us.edu.pl\\\/centrum-dydaktyki\\\/dr-maciej-bozek-prof-us\\\/#primaryimage\"},\"thumbnailUrl\":\"https:\\\/\\\/uniwersytetotwarty.us.edu.pl\\\/centrum-dydaktyki\\\/wp-content\\\/uploads\\\/sites\\\/9\\\/2024\\\/04\\\/man-303792_1280.png\",\"articleSection\":[\"tutorzy\"],\"inLanguage\":\"pl-PL\"},{\"@type\":\"WebPage\",\"@id\":\"https:\\\/\\\/uniwersytetotwarty.us.edu.pl\\\/centrum-dydaktyki\\\/dr-maciej-bozek-prof-us\\\/\",\"url\":\"https:\\\/\\\/uniwersytetotwarty.us.edu.pl\\\/centrum-dydaktyki\\\/dr-maciej-bozek-prof-us\\\/\",\"name\":\"dr Maciej Bo\u017cek, prof. U\u015a - Centrum Dydaktyki\",\"isPartOf\":{\"@id\":\"https:\\\/\\\/uniwersytetotwarty.us.edu.pl\\\/centrum-dydaktyki\\\/#website\"},\"primaryImageOfPage\":{\"@id\":\"https:\\\/\\\/uniwersytetotwarty.us.edu.pl\\\/centrum-dydaktyki\\\/dr-maciej-bozek-prof-us\\\/#primaryimage\"},\"image\":{\"@id\":\"https:\\\/\\\/uniwersytetotwarty.us.edu.pl\\\/centrum-dydaktyki\\\/dr-maciej-bozek-prof-us\\\/#primaryimage\"},\"thumbnailUrl\":\"https:\\\/\\\/uniwersytetotwarty.us.edu.pl\\\/centrum-dydaktyki\\\/wp-content\\\/uploads\\\/sites\\\/9\\\/2024\\\/04\\\/man-303792_1280.png\",\"datePublished\":\"2024-04-23T11:25:43+00:00\",\"dateModified\":\"2024-04-23T12:36:53+00:00\",\"breadcrumb\":{\"@id\":\"https:\\\/\\\/uniwersytetotwarty.us.edu.pl\\\/centrum-dydaktyki\\\/dr-maciej-bozek-prof-us\\\/#breadcrumb\"},\"inLanguage\":\"pl-PL\",\"potentialAction\":[{\"@type\":\"ReadAction\",\"target\":[\"https:\\\/\\\/uniwersytetotwarty.us.edu.pl\\\/centrum-dydaktyki\\\/dr-maciej-bozek-prof-us\\\/\"]}]},{\"@type\":\"ImageObject\",\"inLanguage\":\"pl-PL\",\"@id\":\"https:\\\/\\\/uniwersytetotwarty.us.edu.pl\\\/centrum-dydaktyki\\\/dr-maciej-bozek-prof-us\\\/#primaryimage\",\"url\":\"https:\\\/\\\/uniwersytetotwarty.us.edu.pl\\\/centrum-dydaktyki\\\/wp-content\\\/uploads\\\/sites\\\/9\\\/2024\\\/04\\\/man-303792_1280.png\",\"contentUrl\":\"https:\\\/\\\/uniwersytetotwarty.us.edu.pl\\\/centrum-dydaktyki\\\/wp-content\\\/uploads\\\/sites\\\/9\\\/2024\\\/04\\\/man-303792_1280.png\",\"width\":1280,\"height\":1210,\"caption\":\"Osoba\"},{\"@type\":\"BreadcrumbList\",\"@id\":\"https:\\\/\\\/uniwersytetotwarty.us.edu.pl\\\/centrum-dydaktyki\\\/dr-maciej-bozek-prof-us\\\/#breadcrumb\",\"itemListElement\":[{\"@type\":\"ListItem\",\"position\":1,\"name\":\"Centrum Dydaktyki\",\"item\":\"https:\\\/\\\/uniwersytetotwarty.us.edu.pl\\\/centrum-dydaktyki\\\/\"},{\"@type\":\"ListItem\",\"position\":2,\"name\":\"dr Maciej Bo\u017cek, prof. U\u015a\"}]},{\"@type\":\"WebSite\",\"@id\":\"https:\\\/\\\/uniwersytetotwarty.us.edu.pl\\\/centrum-dydaktyki\\\/#website\",\"url\":\"https:\\\/\\\/uniwersytetotwarty.us.edu.pl\\\/centrum-dydaktyki\\\/\",\"name\":\"Centrum Dydaktyki\",\"description\":\"\",\"publisher\":{\"@id\":\"https:\\\/\\\/uniwersytetotwarty.us.edu.pl\\\/centrum-dydaktyki\\\/#organization\"},\"potentialAction\":[{\"@type\":\"SearchAction\",\"target\":{\"@type\":\"EntryPoint\",\"urlTemplate\":\"https:\\\/\\\/uniwersytetotwarty.us.edu.pl\\\/centrum-dydaktyki\\\/?s={search_term_string}\"},\"query-input\":{\"@type\":\"PropertyValueSpecification\",\"valueRequired\":true,\"valueName\":\"search_term_string\"}}],\"inLanguage\":\"pl-PL\"},{\"@type\":\"Organization\",\"@id\":\"https:\\\/\\\/uniwersytetotwarty.us.edu.pl\\\/centrum-dydaktyki\\\/#organization\",\"name\":\"Uniwersytet \u015al\u0105ski\",\"url\":\"https:\\\/\\\/uniwersytetotwarty.us.edu.pl\\\/centrum-dydaktyki\\\/\",\"logo\":{\"@type\":\"ImageObject\",\"inLanguage\":\"pl-PL\",\"@id\":\"https:\\\/\\\/uniwersytetotwarty.us.edu.pl\\\/centrum-dydaktyki\\\/#\\\/schema\\\/logo\\\/image\\\/\",\"url\":\"https:\\\/\\\/uniwersytetotwarty.us.edu.pl\\\/centrum-dydaktyki\\\/wp-content\\\/uploads\\\/sites\\\/9\\\/2023\\\/10\\\/logo-1.svg\",\"contentUrl\":\"https:\\\/\\\/uniwersytetotwarty.us.edu.pl\\\/centrum-dydaktyki\\\/wp-content\\\/uploads\\\/sites\\\/9\\\/2023\\\/10\\\/logo-1.svg\",\"width\":414,\"height\":71,\"caption\":\"Uniwersytet \u015al\u0105ski\"},\"image\":{\"@id\":\"https:\\\/\\\/uniwersytetotwarty.us.edu.pl\\\/centrum-dydaktyki\\\/#\\\/schema\\\/logo\\\/image\\\/\"}},{\"@type\":\"Person\",\"@id\":\"https:\\\/\\\/uniwersytetotwarty.us.edu.pl\\\/centrum-dydaktyki\\\/#\\\/schema\\\/person\\\/52079e835af28b2986d28dcec18799c7\",\"name\":\"magpio\",\"image\":{\"@type\":\"ImageObject\",\"inLanguage\":\"pl-PL\",\"@id\":\"https:\\\/\\\/secure.gravatar.com\\\/avatar\\\/feb37e4a670dfb74c59ab9a778140dae3b46f74c8c374e2982c500e1cd2912e9?s=96&d=mm&r=g\",\"url\":\"https:\\\/\\\/secure.gravatar.com\\\/avatar\\\/feb37e4a670dfb74c59ab9a778140dae3b46f74c8c374e2982c500e1cd2912e9?s=96&d=mm&r=g\",\"contentUrl\":\"https:\\\/\\\/secure.gravatar.com\\\/avatar\\\/feb37e4a670dfb74c59ab9a778140dae3b46f74c8c374e2982c500e1cd2912e9?s=96&d=mm&r=g\",\"caption\":\"magpio\"},\"url\":\"https:\\\/\\\/uniwersytetotwarty.us.edu.pl\\\/centrum-dydaktyki\\\/author\\\/mpiotrowska\\\/\"}]}<\/script>\n<!-- \/ Yoast SEO plugin. -->","yoast_head_json":{"title":"dr Maciej Bo\u017cek, prof. U\u015a - Centrum Dydaktyki","robots":{"index":"index","follow":"follow","max-snippet":"max-snippet:-1","max-image-preview":"max-image-preview:large","max-video-preview":"max-video-preview:-1"},"canonical":"https:\/\/uniwersytetotwarty.us.edu.pl\/centrum-dydaktyki\/dr-maciej-bozek-prof-us\/","og_locale":"pl_PL","og_type":"article","og_title":"dr Maciej Bo\u017cek, prof. U\u015a - Centrum Dydaktyki","og_description":"Od 15 lat prowadz\u0119 zaj\u0119cia na Uniwersytecie \u015al\u0105skim. Jestem zatrudniony na stanowisku prof. U\u015a. Z wykszta\u0142cenia jestem magistrem Socjologii i doktorem Psychologii. Zaj\u0119cia prowadzi\u0142em na wydzia\u0142ach: Nauk Spo\u0142ecznych, Humanistycznym, Prawa i Administracji, Szkole Filmowej i Szkole Doktorskiej. W orbicie moich zainteresowa\u0144 naukowych znajduje si\u0119 psychologia s\u0105dowa w zwi\u0105zku z kt\u00f3r\u0105 jestem bieg\u0142ym 3 kadencji przy [&hellip;]","og_url":"https:\/\/uniwersytetotwarty.us.edu.pl\/centrum-dydaktyki\/dr-maciej-bozek-prof-us\/","og_site_name":"Centrum Dydaktyki","article_published_time":"2024-04-23T11:25:43+00:00","article_modified_time":"2024-04-23T12:36:53+00:00","og_image":[{"width":1280,"height":1210,"url":"https:\/\/uniwersytetotwarty.us.edu.pl\/centrum-dydaktyki\/wp-content\/uploads\/sites\/9\/2024\/04\/man-303792_1280.png","type":"image\/png"}],"author":"magpio","twitter_card":"summary_large_image","twitter_misc":{"Napisane przez":"magpio","Szacowany czas czytania":"2 minuty"},"schema":{"@context":"https:\/\/schema.org","@graph":[{"@type":"Article","@id":"https:\/\/uniwersytetotwarty.us.edu.pl\/centrum-dydaktyki\/dr-maciej-bozek-prof-us\/#article","isPartOf":{"@id":"https:\/\/uniwersytetotwarty.us.edu.pl\/centrum-dydaktyki\/dr-maciej-bozek-prof-us\/"},"author":{"name":"magpio","@id":"https:\/\/uniwersytetotwarty.us.edu.pl\/centrum-dydaktyki\/#\/schema\/person\/52079e835af28b2986d28dcec18799c7"},"headline":"dr Maciej Bo\u017cek, prof. U\u015a","datePublished":"2024-04-23T11:25:43+00:00","dateModified":"2024-04-23T12:36:53+00:00","mainEntityOfPage":{"@id":"https:\/\/uniwersytetotwarty.us.edu.pl\/centrum-dydaktyki\/dr-maciej-bozek-prof-us\/"},"wordCount":198,"publisher":{"@id":"https:\/\/uniwersytetotwarty.us.edu.pl\/centrum-dydaktyki\/#organization"},"image":{"@id":"https:\/\/uniwersytetotwarty.us.edu.pl\/centrum-dydaktyki\/dr-maciej-bozek-prof-us\/#primaryimage"},"thumbnailUrl":"https:\/\/uniwersytetotwarty.us.edu.pl\/centrum-dydaktyki\/wp-content\/uploads\/sites\/9\/2024\/04\/man-303792_1280.png","articleSection":["tutorzy"],"inLanguage":"pl-PL"},{"@type":"WebPage","@id":"https:\/\/uniwersytetotwarty.us.edu.pl\/centrum-dydaktyki\/dr-maciej-bozek-prof-us\/","url":"https:\/\/uniwersytetotwarty.us.edu.pl\/centrum-dydaktyki\/dr-maciej-bozek-prof-us\/","name":"dr Maciej Bo\u017cek, prof. U\u015a - Centrum Dydaktyki","isPartOf":{"@id":"https:\/\/uniwersytetotwarty.us.edu.pl\/centrum-dydaktyki\/#website"},"primaryImageOfPage":{"@id":"https:\/\/uniwersytetotwarty.us.edu.pl\/centrum-dydaktyki\/dr-maciej-bozek-prof-us\/#primaryimage"},"image":{"@id":"https:\/\/uniwersytetotwarty.us.edu.pl\/centrum-dydaktyki\/dr-maciej-bozek-prof-us\/#primaryimage"},"thumbnailUrl":"https:\/\/uniwersytetotwarty.us.edu.pl\/centrum-dydaktyki\/wp-content\/uploads\/sites\/9\/2024\/04\/man-303792_1280.png","datePublished":"2024-04-23T11:25:43+00:00","dateModified":"2024-04-23T12:36:53+00:00","breadcrumb":{"@id":"https:\/\/uniwersytetotwarty.us.edu.pl\/centrum-dydaktyki\/dr-maciej-bozek-prof-us\/#breadcrumb"},"inLanguage":"pl-PL","potentialAction":[{"@type":"ReadAction","target":["https:\/\/uniwersytetotwarty.us.edu.pl\/centrum-dydaktyki\/dr-maciej-bozek-prof-us\/"]}]},{"@type":"ImageObject","inLanguage":"pl-PL","@id":"https:\/\/uniwersytetotwarty.us.edu.pl\/centrum-dydaktyki\/dr-maciej-bozek-prof-us\/#primaryimage","url":"https:\/\/uniwersytetotwarty.us.edu.pl\/centrum-dydaktyki\/wp-content\/uploads\/sites\/9\/2024\/04\/man-303792_1280.png","contentUrl":"https:\/\/uniwersytetotwarty.us.edu.pl\/centrum-dydaktyki\/wp-content\/uploads\/sites\/9\/2024\/04\/man-303792_1280.png","width":1280,"height":1210,"caption":"Osoba"},{"@type":"BreadcrumbList","@id":"https:\/\/uniwersytetotwarty.us.edu.pl\/centrum-dydaktyki\/dr-maciej-bozek-prof-us\/#breadcrumb","itemListElement":[{"@type":"ListItem","position":1,"name":"Centrum Dydaktyki","item":"https:\/\/uniwersytetotwarty.us.edu.pl\/centrum-dydaktyki\/"},{"@type":"ListItem","position":2,"name":"dr Maciej Bo\u017cek, prof. U\u015a"}]},{"@type":"WebSite","@id":"https:\/\/uniwersytetotwarty.us.edu.pl\/centrum-dydaktyki\/#website","url":"https:\/\/uniwersytetotwarty.us.edu.pl\/centrum-dydaktyki\/","name":"Centrum Dydaktyki","description":"","publisher":{"@id":"https:\/\/uniwersytetotwarty.us.edu.pl\/centrum-dydaktyki\/#organization"},"potentialAction":[{"@type":"SearchAction","target":{"@type":"EntryPoint","urlTemplate":"https:\/\/uniwersytetotwarty.us.edu.pl\/centrum-dydaktyki\/?s={search_term_string}"},"query-input":{"@type":"PropertyValueSpecification","valueRequired":true,"valueName":"search_term_string"}}],"inLanguage":"pl-PL"},{"@type":"Organization","@id":"https:\/\/uniwersytetotwarty.us.edu.pl\/centrum-dydaktyki\/#organization","name":"Uniwersytet \u015al\u0105ski","url":"https:\/\/uniwersytetotwarty.us.edu.pl\/centrum-dydaktyki\/","logo":{"@type":"ImageObject","inLanguage":"pl-PL","@id":"https:\/\/uniwersytetotwarty.us.edu.pl\/centrum-dydaktyki\/#\/schema\/logo\/image\/","url":"https:\/\/uniwersytetotwarty.us.edu.pl\/centrum-dydaktyki\/wp-content\/uploads\/sites\/9\/2023\/10\/logo-1.svg","contentUrl":"https:\/\/uniwersytetotwarty.us.edu.pl\/centrum-dydaktyki\/wp-content\/uploads\/sites\/9\/2023\/10\/logo-1.svg","width":414,"height":71,"caption":"Uniwersytet \u015al\u0105ski"},"image":{"@id":"https:\/\/uniwersytetotwarty.us.edu.pl\/centrum-dydaktyki\/#\/schema\/logo\/image\/"}},{"@type":"Person","@id":"https:\/\/uniwersytetotwarty.us.edu.pl\/centrum-dydaktyki\/#\/schema\/person\/52079e835af28b2986d28dcec18799c7","name":"magpio","image":{"@type":"ImageObject","inLanguage":"pl-PL","@id":"https:\/\/secure.gravatar.com\/avatar\/feb37e4a670dfb74c59ab9a778140dae3b46f74c8c374e2982c500e1cd2912e9?s=96&d=mm&r=g","url":"https:\/\/secure.gravatar.com\/avatar\/feb37e4a670dfb74c59ab9a778140dae3b46f74c8c374e2982c500e1cd2912e9?s=96&d=mm&r=g","contentUrl":"https:\/\/secure.gravatar.com\/avatar\/feb37e4a670dfb74c59ab9a778140dae3b46f74c8c374e2982c500e1cd2912e9?s=96&d=mm&r=g","caption":"magpio"},"url":"https:\/\/uniwersytetotwarty.us.edu.pl\/centrum-dydaktyki\/author\/mpiotrowska\/"}]}},"_links":{"self":[{"href":"https:\/\/uniwersytetotwarty.us.edu.pl\/centrum-dydaktyki\/wp-json\/wp\/v2\/posts\/834","targetHints":{"allow":["GET"]}}],"collection":[{"href":"https:\/\/uniwersytetotwarty.us.edu.pl\/centrum-dydaktyki\/wp-json\/wp\/v2\/posts"}],"about":[{"href":"https:\/\/uniwersytetotwarty.us.edu.pl\/centrum-dydaktyki\/wp-json\/wp\/v2\/types\/post"}],"author":[{"embeddable":true,"href":"https:\/\/uniwersytetotwarty.us.edu.pl\/centrum-dydaktyki\/wp-json\/wp\/v2\/users\/2"}],"replies":[{"embeddable":true,"href":"https:\/\/uniwersytetotwarty.us.edu.pl\/centrum-dydaktyki\/wp-json\/wp\/v2\/comments?post=834"}],"version-history":[{"count":10,"href":"https:\/\/uniwersytetotwarty.us.edu.pl\/centrum-dydaktyki\/wp-json\/wp\/v2\/posts\/834\/revisions"}],"predecessor-version":[{"id":944,"href":"https:\/\/uniwersytetotwarty.us.edu.pl\/centrum-dydaktyki\/wp-json\/wp\/v2\/posts\/834\/revisions\/944"}],"wp:featuredmedia":[{"embeddable":true,"href":"https:\/\/uniwersytetotwarty.us.edu.pl\/centrum-dydaktyki\/wp-json\/wp\/v2\/media\/796"}],"wp:attachment":[{"href":"https:\/\/uniwersytetotwarty.us.edu.pl\/centrum-dydaktyki\/wp-json\/wp\/v2\/media?parent=834"}],"wp:term":[{"taxonomy":"category","embeddable":true,"href":"https:\/\/uniwersytetotwarty.us.edu.pl\/centrum-dydaktyki\/wp-json\/wp\/v2\/categories?post=834"},{"taxonomy":"post_tag","embeddable":true,"href":"https:\/\/uniwersytetotwarty.us.edu.pl\/centrum-dydaktyki\/wp-json\/wp\/v2\/tags?post=834"}],"curies":[{"name":"wp","href":"https:\/\/api.w.org\/{rel}","templated":true}]}}