{"id":372,"date":"2023-11-20T10:16:34","date_gmt":"2023-11-20T09:16:34","guid":{"rendered":"https:\/\/uniwersytetotwarty.us.edu.pl\/centrum-dydaktyki\/?p=372"},"modified":"2023-11-22T08:08:39","modified_gmt":"2023-11-22T07:08:39","slug":"dr-monika-sulik","status":"publish","type":"post","link":"https:\/\/uniwersytetotwarty.us.edu.pl\/centrum-dydaktyki\/dr-monika-sulik\/","title":{"rendered":"dr Monika Sulik"},"content":{"rendered":"\t\t<div data-elementor-type=\"wp-post\" data-elementor-id=\"372\" class=\"elementor elementor-372\" data-elementor-post-type=\"post\">\n\t\t\t\t\t\t<section class=\"elementor-section elementor-top-section elementor-element elementor-element-98c6609 elementor-section-boxed elementor-section-height-default elementor-section-height-default\" data-id=\"98c6609\" data-element_type=\"section\" data-e-type=\"section\">\n\t\t\t\t\t\t<div class=\"elementor-container elementor-column-gap-default\">\n\t\t\t\t\t<div class=\"elementor-column elementor-col-50 elementor-top-column elementor-element elementor-element-0330f1a\" data-id=\"0330f1a\" data-element_type=\"column\" data-e-type=\"column\">\n\t\t\t<div class=\"elementor-widget-wrap elementor-element-populated\">\n\t\t\t\t\t\t<div class=\"elementor-element elementor-element-1451d46 elementor-widget elementor-widget-image\" data-id=\"1451d46\" data-element_type=\"widget\" data-e-type=\"widget\" data-widget_type=\"image.default\">\n\t\t\t\t<div class=\"elementor-widget-container\">\n\t\t\t\t\t\t\t\t\t\t\t\t\t\t\t<img fetchpriority=\"high\" decoding=\"async\" width=\"300\" height=\"300\" src=\"https:\/\/uniwersytetotwarty.us.edu.pl\/centrum-dydaktyki\/wp-content\/uploads\/sites\/9\/2023\/11\/M.Sulik_.fota_-300x300.jpg\" class=\"attachment-medium size-medium wp-image-426\" alt=\"zdj\u0119cie dr Moniki Sulik\" srcset=\"https:\/\/uniwersytetotwarty.us.edu.pl\/centrum-dydaktyki\/wp-content\/uploads\/sites\/9\/2023\/11\/M.Sulik_.fota_-300x300.jpg 300w, https:\/\/uniwersytetotwarty.us.edu.pl\/centrum-dydaktyki\/wp-content\/uploads\/sites\/9\/2023\/11\/M.Sulik_.fota_-150x150.jpg 150w, https:\/\/uniwersytetotwarty.us.edu.pl\/centrum-dydaktyki\/wp-content\/uploads\/sites\/9\/2023\/11\/M.Sulik_.fota_-768x768.jpg 768w, https:\/\/uniwersytetotwarty.us.edu.pl\/centrum-dydaktyki\/wp-content\/uploads\/sites\/9\/2023\/11\/M.Sulik_.fota_.jpg 960w\" sizes=\"(max-width: 300px) 100vw, 300px\" \/>\t\t\t\t\t\t\t\t\t\t\t\t\t\t\t<\/div>\n\t\t\t\t<\/div>\n\t\t\t\t\t<\/div>\n\t\t<\/div>\n\t\t\t\t<div class=\"elementor-column elementor-col-50 elementor-top-column elementor-element elementor-element-25c39d2\" data-id=\"25c39d2\" data-element_type=\"column\" data-e-type=\"column\">\n\t\t\t<div class=\"elementor-widget-wrap elementor-element-populated\">\n\t\t\t\t\t\t<div class=\"elementor-element elementor-element-b4a6a93 elementor-widget elementor-widget-text-editor\" data-id=\"b4a6a93\" data-element_type=\"widget\" data-e-type=\"widget\" data-widget_type=\"text-editor.default\">\n\t\t\t\t<div class=\"elementor-widget-container\">\n\t\t\t\t\t\t\t\t\t<p>Dr Monika Sulik \u2013 Adiunkt, od 2002 roku wyk\u0142adowczyni akademicka na Wydziale Nauk Spo\u0142ecznych w Uniwersytecie \u015al\u0105skim w Katowicach. Koordynatorka Uniwersytetu Trzeciego Wieku w Uniwersytecie Otwartym w Uniwersytecie \u015al\u0105skim. Certyfikowana trenerka i mentorka akademicka. Jest andrago\u017ck\u0105, kt\u00f3rej zainteresowania naukowe i badawcze zwi\u0105zane s\u0105 z ca\u0142o\u017cyciowym rozwojem cz\u0142owieka doros\u0142ego w uj\u0119ciu interdyscyplinarnym. W spos\u00f3b szczeg\u00f3lny zajmuj\u0105 j\u0105 od 20 lat \u00a0kwestie zwi\u0105zane \u00a0poszukiwaniem \u00a0katalizatora wspomnie\u0144 czego pok\u0142osiem jest ok 60 artyku\u0142\u00f3w naukowych, \u00a0ale te\u017c narz\u0119dzie daj\u0105ce szans\u0119 wgl\u0105du w mechanizmy rz\u0105dz\u0105ce \u017cyciorysami, kt\u00f3rym jest Biograficzna Mapa \u017bycia. Jedn\u0105 z jej najwi\u0119kszych inspiracji dydaktycznych sta\u0142y si\u0119 \u00a0figury niemo\u017cliwe, kt\u00f3rych pr\u00f3ba implementacji w obszar humanistyki zaowocowa\u0142a stworzeniem autorskiego narz\u0119dzia pracy dydaktycznej jak\u0105 jest biograficzny sze\u015bcian. Jest entuzjastk\u0105 bada\u0144 biograficznych, gdzie szczeg\u00f3lnie warto\u015bciowe dla badaczki sta\u0142o si\u0119 \u201espotkanie\u201d z Kitau z plemienia Kikujus\u00f3w Podczas prowadzonych zaj\u0119\u0107 dydaktycznych g\u0142\u00f3wnie z zakresu andragogiki, edukacji cz\u0142owieka doros\u0142ego, poradnictwa rodzinnego oraz biografii w edukacji, bardzo cz\u0119sto podejmuje pr\u00f3b\u0119 otwarcia puszki Pandory co okazuje si\u0119 by\u0107 dla niej niewyczerpalnym \u017ar\u00f3d\u0142em inspiracji dydaktycznych.<\/p><p>Jest cz\u0142onkini\u0105 Akademickiego Towarzystwa Andragogicznego, (gdzie pe\u0142ni funkcj\u0119 przewodnicz\u0105cej s\u0105du kole\u017ce\u0144skiego) oraz Stowarzyszenia Gerontolog\u00f3w Spo\u0142ecznych, a\u00a0 od 2018 roku pe\u0142ni\u0119 funkcj\u0119 redaktorki czasopisma naukowego \u201eEdukacja Doros\u0142ych\u201d. Jest entuzjastk\u0105 inicjatyw oraz przedsi\u0119wzi\u0119\u0107 skierowanych dla os\u00f3b doros\u0142ych, zar\u00f3wno dla silvers\u00f3w jak i millenials\u00f3w czego wyrazem s\u0105 podejmowane przez ni\u0105 projekty dydaktyczne, organizacyjne jak i naukowe. Prywatnie uwielbia literatur\u0119 biograficzn\u0105 oraz wykorzystuje ka\u017cd\u0105 mo\u017cliw\u0105 okazj\u0119 do podr\u00f3\u017cy oraz kontaktu z natur\u0105. Jest ksi\u0105\u017cko\u017cerczyni\u0105 i kolekcjonerk\u0105 wspomnie\u0144.<\/p>\t\t\t\t\t\t\t\t<\/div>\n\t\t\t\t<\/div>\n\t\t\t\t\t<\/div>\n\t\t<\/div>\n\t\t\t\t\t<\/div>\n\t\t<\/section>\n\t\t\t\t<\/div>\n\t\t","protected":false},"excerpt":{"rendered":"<p>Dr Monika Sulik \u2013 Adiunkt, od 2002 roku wyk\u0142adowczyni akademicka na Wydziale Nauk Spo\u0142ecznych w Uniwersytecie \u015al\u0105skim w Katowicach. Koordynatorka Uniwersytetu Trzeciego Wieku w Uniwersytecie Otwartym w Uniwersytecie \u015al\u0105skim. Certyfikowana trenerka i mentorka akademicka. Jest andrago\u017ck\u0105, kt\u00f3rej zainteresowania naukowe i badawcze zwi\u0105zane s\u0105 z ca\u0142o\u017cyciowym rozwojem cz\u0142owieka doros\u0142ego w uj\u0119ciu interdyscyplinarnym. W spos\u00f3b szczeg\u00f3lny zajmuj\u0105 [&hellip;]<\/p>\n","protected":false},"author":2,"featured_media":426,"comment_status":"closed","ping_status":"open","sticky":false,"template":"","format":"standard","meta":{"footnotes":""},"categories":[30],"tags":[],"class_list":["post-372","post","type-post","status-publish","format-standard","has-post-thumbnail","hentry","category-zespol"],"yoast_head":"<!-- This site is optimized with the Yoast SEO plugin v27.5 - https:\/\/yoast.com\/product\/yoast-seo-wordpress\/ -->\n<title>dr Monika Sulik - Centrum Dydaktyki<\/title>\n<meta name=\"robots\" content=\"index, follow, max-snippet:-1, max-image-preview:large, max-video-preview:-1\" \/>\n<link rel=\"canonical\" href=\"https:\/\/uniwersytetotwarty.us.edu.pl\/centrum-dydaktyki\/dr-monika-sulik\/\" \/>\n<meta property=\"og:locale\" content=\"pl_PL\" \/>\n<meta property=\"og:type\" content=\"article\" \/>\n<meta property=\"og:title\" content=\"dr Monika Sulik - Centrum Dydaktyki\" \/>\n<meta property=\"og:description\" content=\"Dr Monika Sulik \u2013 Adiunkt, od 2002 roku wyk\u0142adowczyni akademicka na Wydziale Nauk Spo\u0142ecznych w Uniwersytecie \u015al\u0105skim w Katowicach. Koordynatorka Uniwersytetu Trzeciego Wieku w Uniwersytecie Otwartym w Uniwersytecie \u015al\u0105skim. Certyfikowana trenerka i mentorka akademicka. Jest andrago\u017ck\u0105, kt\u00f3rej zainteresowania naukowe i badawcze zwi\u0105zane s\u0105 z ca\u0142o\u017cyciowym rozwojem cz\u0142owieka doros\u0142ego w uj\u0119ciu interdyscyplinarnym. W spos\u00f3b szczeg\u00f3lny zajmuj\u0105 [&hellip;]\" \/>\n<meta property=\"og:url\" content=\"https:\/\/uniwersytetotwarty.us.edu.pl\/centrum-dydaktyki\/dr-monika-sulik\/\" \/>\n<meta property=\"og:site_name\" content=\"Centrum Dydaktyki\" \/>\n<meta property=\"article:published_time\" content=\"2023-11-20T09:16:34+00:00\" \/>\n<meta property=\"article:modified_time\" content=\"2023-11-22T07:08:39+00:00\" \/>\n<meta property=\"og:image\" content=\"https:\/\/uniwersytetotwarty.us.edu.pl\/centrum-dydaktyki\/wp-content\/uploads\/sites\/9\/2023\/11\/M.Sulik_.fota_.jpg\" \/>\n\t<meta property=\"og:image:width\" content=\"960\" \/>\n\t<meta property=\"og:image:height\" content=\"960\" \/>\n\t<meta property=\"og:image:type\" content=\"image\/jpeg\" \/>\n<meta name=\"author\" content=\"magpio\" \/>\n<meta name=\"twitter:card\" content=\"summary_large_image\" \/>\n<meta name=\"twitter:label1\" content=\"Napisane przez\" \/>\n\t<meta name=\"twitter:data1\" content=\"magpio\" \/>\n\t<meta name=\"twitter:label2\" content=\"Szacowany czas czytania\" \/>\n\t<meta name=\"twitter:data2\" content=\"2 minuty\" \/>\n<script type=\"application\/ld+json\" class=\"yoast-schema-graph\">{\"@context\":\"https:\\\/\\\/schema.org\",\"@graph\":[{\"@type\":\"Article\",\"@id\":\"https:\\\/\\\/uniwersytetotwarty.us.edu.pl\\\/centrum-dydaktyki\\\/dr-monika-sulik\\\/#article\",\"isPartOf\":{\"@id\":\"https:\\\/\\\/uniwersytetotwarty.us.edu.pl\\\/centrum-dydaktyki\\\/dr-monika-sulik\\\/\"},\"author\":{\"name\":\"magpio\",\"@id\":\"https:\\\/\\\/uniwersytetotwarty.us.edu.pl\\\/centrum-dydaktyki\\\/#\\\/schema\\\/person\\\/52079e835af28b2986d28dcec18799c7\"},\"headline\":\"dr Monika Sulik\",\"datePublished\":\"2023-11-20T09:16:34+00:00\",\"dateModified\":\"2023-11-22T07:08:39+00:00\",\"mainEntityOfPage\":{\"@id\":\"https:\\\/\\\/uniwersytetotwarty.us.edu.pl\\\/centrum-dydaktyki\\\/dr-monika-sulik\\\/\"},\"wordCount\":297,\"publisher\":{\"@id\":\"https:\\\/\\\/uniwersytetotwarty.us.edu.pl\\\/centrum-dydaktyki\\\/#organization\"},\"image\":{\"@id\":\"https:\\\/\\\/uniwersytetotwarty.us.edu.pl\\\/centrum-dydaktyki\\\/dr-monika-sulik\\\/#primaryimage\"},\"thumbnailUrl\":\"https:\\\/\\\/uniwersytetotwarty.us.edu.pl\\\/centrum-dydaktyki\\\/wp-content\\\/uploads\\\/sites\\\/9\\\/2023\\\/11\\\/M.Sulik_.fota_.jpg\",\"articleSection\":[\"zespol\"],\"inLanguage\":\"pl-PL\"},{\"@type\":\"WebPage\",\"@id\":\"https:\\\/\\\/uniwersytetotwarty.us.edu.pl\\\/centrum-dydaktyki\\\/dr-monika-sulik\\\/\",\"url\":\"https:\\\/\\\/uniwersytetotwarty.us.edu.pl\\\/centrum-dydaktyki\\\/dr-monika-sulik\\\/\",\"name\":\"dr Monika Sulik - Centrum Dydaktyki\",\"isPartOf\":{\"@id\":\"https:\\\/\\\/uniwersytetotwarty.us.edu.pl\\\/centrum-dydaktyki\\\/#website\"},\"primaryImageOfPage\":{\"@id\":\"https:\\\/\\\/uniwersytetotwarty.us.edu.pl\\\/centrum-dydaktyki\\\/dr-monika-sulik\\\/#primaryimage\"},\"image\":{\"@id\":\"https:\\\/\\\/uniwersytetotwarty.us.edu.pl\\\/centrum-dydaktyki\\\/dr-monika-sulik\\\/#primaryimage\"},\"thumbnailUrl\":\"https:\\\/\\\/uniwersytetotwarty.us.edu.pl\\\/centrum-dydaktyki\\\/wp-content\\\/uploads\\\/sites\\\/9\\\/2023\\\/11\\\/M.Sulik_.fota_.jpg\",\"datePublished\":\"2023-11-20T09:16:34+00:00\",\"dateModified\":\"2023-11-22T07:08:39+00:00\",\"breadcrumb\":{\"@id\":\"https:\\\/\\\/uniwersytetotwarty.us.edu.pl\\\/centrum-dydaktyki\\\/dr-monika-sulik\\\/#breadcrumb\"},\"inLanguage\":\"pl-PL\",\"potentialAction\":[{\"@type\":\"ReadAction\",\"target\":[\"https:\\\/\\\/uniwersytetotwarty.us.edu.pl\\\/centrum-dydaktyki\\\/dr-monika-sulik\\\/\"]}]},{\"@type\":\"ImageObject\",\"inLanguage\":\"pl-PL\",\"@id\":\"https:\\\/\\\/uniwersytetotwarty.us.edu.pl\\\/centrum-dydaktyki\\\/dr-monika-sulik\\\/#primaryimage\",\"url\":\"https:\\\/\\\/uniwersytetotwarty.us.edu.pl\\\/centrum-dydaktyki\\\/wp-content\\\/uploads\\\/sites\\\/9\\\/2023\\\/11\\\/M.Sulik_.fota_.jpg\",\"contentUrl\":\"https:\\\/\\\/uniwersytetotwarty.us.edu.pl\\\/centrum-dydaktyki\\\/wp-content\\\/uploads\\\/sites\\\/9\\\/2023\\\/11\\\/M.Sulik_.fota_.jpg\",\"width\":960,\"height\":960,\"caption\":\"zdj\u0119cie dr Moniki Sulik\"},{\"@type\":\"BreadcrumbList\",\"@id\":\"https:\\\/\\\/uniwersytetotwarty.us.edu.pl\\\/centrum-dydaktyki\\\/dr-monika-sulik\\\/#breadcrumb\",\"itemListElement\":[{\"@type\":\"ListItem\",\"position\":1,\"name\":\"Centrum Dydaktyki\",\"item\":\"https:\\\/\\\/uniwersytetotwarty.us.edu.pl\\\/centrum-dydaktyki\\\/\"},{\"@type\":\"ListItem\",\"position\":2,\"name\":\"dr Monika Sulik\"}]},{\"@type\":\"WebSite\",\"@id\":\"https:\\\/\\\/uniwersytetotwarty.us.edu.pl\\\/centrum-dydaktyki\\\/#website\",\"url\":\"https:\\\/\\\/uniwersytetotwarty.us.edu.pl\\\/centrum-dydaktyki\\\/\",\"name\":\"Centrum Dydaktyki\",\"description\":\"\",\"publisher\":{\"@id\":\"https:\\\/\\\/uniwersytetotwarty.us.edu.pl\\\/centrum-dydaktyki\\\/#organization\"},\"potentialAction\":[{\"@type\":\"SearchAction\",\"target\":{\"@type\":\"EntryPoint\",\"urlTemplate\":\"https:\\\/\\\/uniwersytetotwarty.us.edu.pl\\\/centrum-dydaktyki\\\/?s={search_term_string}\"},\"query-input\":{\"@type\":\"PropertyValueSpecification\",\"valueRequired\":true,\"valueName\":\"search_term_string\"}}],\"inLanguage\":\"pl-PL\"},{\"@type\":\"Organization\",\"@id\":\"https:\\\/\\\/uniwersytetotwarty.us.edu.pl\\\/centrum-dydaktyki\\\/#organization\",\"name\":\"Uniwersytet \u015al\u0105ski\",\"url\":\"https:\\\/\\\/uniwersytetotwarty.us.edu.pl\\\/centrum-dydaktyki\\\/\",\"logo\":{\"@type\":\"ImageObject\",\"inLanguage\":\"pl-PL\",\"@id\":\"https:\\\/\\\/uniwersytetotwarty.us.edu.pl\\\/centrum-dydaktyki\\\/#\\\/schema\\\/logo\\\/image\\\/\",\"url\":\"https:\\\/\\\/uniwersytetotwarty.us.edu.pl\\\/centrum-dydaktyki\\\/wp-content\\\/uploads\\\/sites\\\/9\\\/2023\\\/10\\\/logo-1.svg\",\"contentUrl\":\"https:\\\/\\\/uniwersytetotwarty.us.edu.pl\\\/centrum-dydaktyki\\\/wp-content\\\/uploads\\\/sites\\\/9\\\/2023\\\/10\\\/logo-1.svg\",\"width\":414,\"height\":71,\"caption\":\"Uniwersytet \u015al\u0105ski\"},\"image\":{\"@id\":\"https:\\\/\\\/uniwersytetotwarty.us.edu.pl\\\/centrum-dydaktyki\\\/#\\\/schema\\\/logo\\\/image\\\/\"}},{\"@type\":\"Person\",\"@id\":\"https:\\\/\\\/uniwersytetotwarty.us.edu.pl\\\/centrum-dydaktyki\\\/#\\\/schema\\\/person\\\/52079e835af28b2986d28dcec18799c7\",\"name\":\"magpio\",\"image\":{\"@type\":\"ImageObject\",\"inLanguage\":\"pl-PL\",\"@id\":\"https:\\\/\\\/secure.gravatar.com\\\/avatar\\\/feb37e4a670dfb74c59ab9a778140dae3b46f74c8c374e2982c500e1cd2912e9?s=96&d=mm&r=g\",\"url\":\"https:\\\/\\\/secure.gravatar.com\\\/avatar\\\/feb37e4a670dfb74c59ab9a778140dae3b46f74c8c374e2982c500e1cd2912e9?s=96&d=mm&r=g\",\"contentUrl\":\"https:\\\/\\\/secure.gravatar.com\\\/avatar\\\/feb37e4a670dfb74c59ab9a778140dae3b46f74c8c374e2982c500e1cd2912e9?s=96&d=mm&r=g\",\"caption\":\"magpio\"},\"url\":\"https:\\\/\\\/uniwersytetotwarty.us.edu.pl\\\/centrum-dydaktyki\\\/author\\\/mpiotrowska\\\/\"}]}<\/script>\n<!-- \/ Yoast SEO plugin. -->","yoast_head_json":{"title":"dr Monika Sulik - Centrum Dydaktyki","robots":{"index":"index","follow":"follow","max-snippet":"max-snippet:-1","max-image-preview":"max-image-preview:large","max-video-preview":"max-video-preview:-1"},"canonical":"https:\/\/uniwersytetotwarty.us.edu.pl\/centrum-dydaktyki\/dr-monika-sulik\/","og_locale":"pl_PL","og_type":"article","og_title":"dr Monika Sulik - Centrum Dydaktyki","og_description":"Dr Monika Sulik \u2013 Adiunkt, od 2002 roku wyk\u0142adowczyni akademicka na Wydziale Nauk Spo\u0142ecznych w Uniwersytecie \u015al\u0105skim w Katowicach. Koordynatorka Uniwersytetu Trzeciego Wieku w Uniwersytecie Otwartym w Uniwersytecie \u015al\u0105skim. Certyfikowana trenerka i mentorka akademicka. Jest andrago\u017ck\u0105, kt\u00f3rej zainteresowania naukowe i badawcze zwi\u0105zane s\u0105 z ca\u0142o\u017cyciowym rozwojem cz\u0142owieka doros\u0142ego w uj\u0119ciu interdyscyplinarnym. W spos\u00f3b szczeg\u00f3lny zajmuj\u0105 [&hellip;]","og_url":"https:\/\/uniwersytetotwarty.us.edu.pl\/centrum-dydaktyki\/dr-monika-sulik\/","og_site_name":"Centrum Dydaktyki","article_published_time":"2023-11-20T09:16:34+00:00","article_modified_time":"2023-11-22T07:08:39+00:00","og_image":[{"width":960,"height":960,"url":"https:\/\/uniwersytetotwarty.us.edu.pl\/centrum-dydaktyki\/wp-content\/uploads\/sites\/9\/2023\/11\/M.Sulik_.fota_.jpg","type":"image\/jpeg"}],"author":"magpio","twitter_card":"summary_large_image","twitter_misc":{"Napisane przez":"magpio","Szacowany czas czytania":"2 minuty"},"schema":{"@context":"https:\/\/schema.org","@graph":[{"@type":"Article","@id":"https:\/\/uniwersytetotwarty.us.edu.pl\/centrum-dydaktyki\/dr-monika-sulik\/#article","isPartOf":{"@id":"https:\/\/uniwersytetotwarty.us.edu.pl\/centrum-dydaktyki\/dr-monika-sulik\/"},"author":{"name":"magpio","@id":"https:\/\/uniwersytetotwarty.us.edu.pl\/centrum-dydaktyki\/#\/schema\/person\/52079e835af28b2986d28dcec18799c7"},"headline":"dr Monika Sulik","datePublished":"2023-11-20T09:16:34+00:00","dateModified":"2023-11-22T07:08:39+00:00","mainEntityOfPage":{"@id":"https:\/\/uniwersytetotwarty.us.edu.pl\/centrum-dydaktyki\/dr-monika-sulik\/"},"wordCount":297,"publisher":{"@id":"https:\/\/uniwersytetotwarty.us.edu.pl\/centrum-dydaktyki\/#organization"},"image":{"@id":"https:\/\/uniwersytetotwarty.us.edu.pl\/centrum-dydaktyki\/dr-monika-sulik\/#primaryimage"},"thumbnailUrl":"https:\/\/uniwersytetotwarty.us.edu.pl\/centrum-dydaktyki\/wp-content\/uploads\/sites\/9\/2023\/11\/M.Sulik_.fota_.jpg","articleSection":["zespol"],"inLanguage":"pl-PL"},{"@type":"WebPage","@id":"https:\/\/uniwersytetotwarty.us.edu.pl\/centrum-dydaktyki\/dr-monika-sulik\/","url":"https:\/\/uniwersytetotwarty.us.edu.pl\/centrum-dydaktyki\/dr-monika-sulik\/","name":"dr Monika Sulik - Centrum Dydaktyki","isPartOf":{"@id":"https:\/\/uniwersytetotwarty.us.edu.pl\/centrum-dydaktyki\/#website"},"primaryImageOfPage":{"@id":"https:\/\/uniwersytetotwarty.us.edu.pl\/centrum-dydaktyki\/dr-monika-sulik\/#primaryimage"},"image":{"@id":"https:\/\/uniwersytetotwarty.us.edu.pl\/centrum-dydaktyki\/dr-monika-sulik\/#primaryimage"},"thumbnailUrl":"https:\/\/uniwersytetotwarty.us.edu.pl\/centrum-dydaktyki\/wp-content\/uploads\/sites\/9\/2023\/11\/M.Sulik_.fota_.jpg","datePublished":"2023-11-20T09:16:34+00:00","dateModified":"2023-11-22T07:08:39+00:00","breadcrumb":{"@id":"https:\/\/uniwersytetotwarty.us.edu.pl\/centrum-dydaktyki\/dr-monika-sulik\/#breadcrumb"},"inLanguage":"pl-PL","potentialAction":[{"@type":"ReadAction","target":["https:\/\/uniwersytetotwarty.us.edu.pl\/centrum-dydaktyki\/dr-monika-sulik\/"]}]},{"@type":"ImageObject","inLanguage":"pl-PL","@id":"https:\/\/uniwersytetotwarty.us.edu.pl\/centrum-dydaktyki\/dr-monika-sulik\/#primaryimage","url":"https:\/\/uniwersytetotwarty.us.edu.pl\/centrum-dydaktyki\/wp-content\/uploads\/sites\/9\/2023\/11\/M.Sulik_.fota_.jpg","contentUrl":"https:\/\/uniwersytetotwarty.us.edu.pl\/centrum-dydaktyki\/wp-content\/uploads\/sites\/9\/2023\/11\/M.Sulik_.fota_.jpg","width":960,"height":960,"caption":"zdj\u0119cie dr Moniki Sulik"},{"@type":"BreadcrumbList","@id":"https:\/\/uniwersytetotwarty.us.edu.pl\/centrum-dydaktyki\/dr-monika-sulik\/#breadcrumb","itemListElement":[{"@type":"ListItem","position":1,"name":"Centrum Dydaktyki","item":"https:\/\/uniwersytetotwarty.us.edu.pl\/centrum-dydaktyki\/"},{"@type":"ListItem","position":2,"name":"dr Monika Sulik"}]},{"@type":"WebSite","@id":"https:\/\/uniwersytetotwarty.us.edu.pl\/centrum-dydaktyki\/#website","url":"https:\/\/uniwersytetotwarty.us.edu.pl\/centrum-dydaktyki\/","name":"Centrum Dydaktyki","description":"","publisher":{"@id":"https:\/\/uniwersytetotwarty.us.edu.pl\/centrum-dydaktyki\/#organization"},"potentialAction":[{"@type":"SearchAction","target":{"@type":"EntryPoint","urlTemplate":"https:\/\/uniwersytetotwarty.us.edu.pl\/centrum-dydaktyki\/?s={search_term_string}"},"query-input":{"@type":"PropertyValueSpecification","valueRequired":true,"valueName":"search_term_string"}}],"inLanguage":"pl-PL"},{"@type":"Organization","@id":"https:\/\/uniwersytetotwarty.us.edu.pl\/centrum-dydaktyki\/#organization","name":"Uniwersytet \u015al\u0105ski","url":"https:\/\/uniwersytetotwarty.us.edu.pl\/centrum-dydaktyki\/","logo":{"@type":"ImageObject","inLanguage":"pl-PL","@id":"https:\/\/uniwersytetotwarty.us.edu.pl\/centrum-dydaktyki\/#\/schema\/logo\/image\/","url":"https:\/\/uniwersytetotwarty.us.edu.pl\/centrum-dydaktyki\/wp-content\/uploads\/sites\/9\/2023\/10\/logo-1.svg","contentUrl":"https:\/\/uniwersytetotwarty.us.edu.pl\/centrum-dydaktyki\/wp-content\/uploads\/sites\/9\/2023\/10\/logo-1.svg","width":414,"height":71,"caption":"Uniwersytet \u015al\u0105ski"},"image":{"@id":"https:\/\/uniwersytetotwarty.us.edu.pl\/centrum-dydaktyki\/#\/schema\/logo\/image\/"}},{"@type":"Person","@id":"https:\/\/uniwersytetotwarty.us.edu.pl\/centrum-dydaktyki\/#\/schema\/person\/52079e835af28b2986d28dcec18799c7","name":"magpio","image":{"@type":"ImageObject","inLanguage":"pl-PL","@id":"https:\/\/secure.gravatar.com\/avatar\/feb37e4a670dfb74c59ab9a778140dae3b46f74c8c374e2982c500e1cd2912e9?s=96&d=mm&r=g","url":"https:\/\/secure.gravatar.com\/avatar\/feb37e4a670dfb74c59ab9a778140dae3b46f74c8c374e2982c500e1cd2912e9?s=96&d=mm&r=g","contentUrl":"https:\/\/secure.gravatar.com\/avatar\/feb37e4a670dfb74c59ab9a778140dae3b46f74c8c374e2982c500e1cd2912e9?s=96&d=mm&r=g","caption":"magpio"},"url":"https:\/\/uniwersytetotwarty.us.edu.pl\/centrum-dydaktyki\/author\/mpiotrowska\/"}]}},"_links":{"self":[{"href":"https:\/\/uniwersytetotwarty.us.edu.pl\/centrum-dydaktyki\/wp-json\/wp\/v2\/posts\/372","targetHints":{"allow":["GET"]}}],"collection":[{"href":"https:\/\/uniwersytetotwarty.us.edu.pl\/centrum-dydaktyki\/wp-json\/wp\/v2\/posts"}],"about":[{"href":"https:\/\/uniwersytetotwarty.us.edu.pl\/centrum-dydaktyki\/wp-json\/wp\/v2\/types\/post"}],"author":[{"embeddable":true,"href":"https:\/\/uniwersytetotwarty.us.edu.pl\/centrum-dydaktyki\/wp-json\/wp\/v2\/users\/2"}],"replies":[{"embeddable":true,"href":"https:\/\/uniwersytetotwarty.us.edu.pl\/centrum-dydaktyki\/wp-json\/wp\/v2\/comments?post=372"}],"version-history":[{"count":10,"href":"https:\/\/uniwersytetotwarty.us.edu.pl\/centrum-dydaktyki\/wp-json\/wp\/v2\/posts\/372\/revisions"}],"predecessor-version":[{"id":430,"href":"https:\/\/uniwersytetotwarty.us.edu.pl\/centrum-dydaktyki\/wp-json\/wp\/v2\/posts\/372\/revisions\/430"}],"wp:featuredmedia":[{"embeddable":true,"href":"https:\/\/uniwersytetotwarty.us.edu.pl\/centrum-dydaktyki\/wp-json\/wp\/v2\/media\/426"}],"wp:attachment":[{"href":"https:\/\/uniwersytetotwarty.us.edu.pl\/centrum-dydaktyki\/wp-json\/wp\/v2\/media?parent=372"}],"wp:term":[{"taxonomy":"category","embeddable":true,"href":"https:\/\/uniwersytetotwarty.us.edu.pl\/centrum-dydaktyki\/wp-json\/wp\/v2\/categories?post=372"},{"taxonomy":"post_tag","embeddable":true,"href":"https:\/\/uniwersytetotwarty.us.edu.pl\/centrum-dydaktyki\/wp-json\/wp\/v2\/tags?post=372"}],"curies":[{"name":"wp","href":"https:\/\/api.w.org\/{rel}","templated":true}]}}