{"id":265,"date":"2023-10-30T12:57:01","date_gmt":"2023-10-30T11:57:01","guid":{"rendered":"https:\/\/uniwersytetotwarty.us.edu.pl\/centrum-dydaktyki\/?p=265"},"modified":"2023-11-20T09:44:41","modified_gmt":"2023-11-20T08:44:41","slug":"dr-dariusz-olesinski","status":"publish","type":"post","link":"https:\/\/uniwersytetotwarty.us.edu.pl\/centrum-dydaktyki\/dr-dariusz-olesinski\/","title":{"rendered":"dr Dariusz Olesi\u0144ski"},"content":{"rendered":"\t\t<div data-elementor-type=\"wp-post\" data-elementor-id=\"265\" class=\"elementor elementor-265\" data-elementor-post-type=\"post\">\n\t\t\t\t\t\t<section class=\"elementor-section elementor-top-section elementor-element elementor-element-bf045ae elementor-section-boxed elementor-section-height-default elementor-section-height-default\" data-id=\"bf045ae\" data-element_type=\"section\" data-e-type=\"section\">\n\t\t\t\t\t\t<div class=\"elementor-container elementor-column-gap-default\">\n\t\t\t\t\t<div class=\"elementor-column elementor-col-50 elementor-top-column elementor-element elementor-element-999ac4d\" data-id=\"999ac4d\" data-element_type=\"column\" data-e-type=\"column\">\n\t\t\t<div class=\"elementor-widget-wrap elementor-element-populated\">\n\t\t\t\t\t\t<div class=\"elementor-element elementor-element-035e737 elementor-widget elementor-widget-image\" data-id=\"035e737\" data-element_type=\"widget\" data-e-type=\"widget\" data-widget_type=\"image.default\">\n\t\t\t\t<div class=\"elementor-widget-container\">\n\t\t\t\t\t\t\t\t\t\t\t\t\t\t\t<img fetchpriority=\"high\" decoding=\"async\" width=\"300\" height=\"298\" src=\"https:\/\/uniwersytetotwarty.us.edu.pl\/centrum-dydaktyki\/wp-content\/uploads\/sites\/9\/2023\/10\/Dariusz-Olesinski-002-300x298.jpg\" class=\"attachment-medium size-medium wp-image-266\" alt=\"zdj\u0119cie dariusza Olesi\u0144skiego\" srcset=\"https:\/\/uniwersytetotwarty.us.edu.pl\/centrum-dydaktyki\/wp-content\/uploads\/sites\/9\/2023\/10\/Dariusz-Olesinski-002-300x298.jpg 300w, https:\/\/uniwersytetotwarty.us.edu.pl\/centrum-dydaktyki\/wp-content\/uploads\/sites\/9\/2023\/10\/Dariusz-Olesinski-002-1024x1018.jpg 1024w, https:\/\/uniwersytetotwarty.us.edu.pl\/centrum-dydaktyki\/wp-content\/uploads\/sites\/9\/2023\/10\/Dariusz-Olesinski-002-150x150.jpg 150w, https:\/\/uniwersytetotwarty.us.edu.pl\/centrum-dydaktyki\/wp-content\/uploads\/sites\/9\/2023\/10\/Dariusz-Olesinski-002-768x763.jpg 768w, https:\/\/uniwersytetotwarty.us.edu.pl\/centrum-dydaktyki\/wp-content\/uploads\/sites\/9\/2023\/10\/Dariusz-Olesinski-002-1536x1527.jpg 1536w, https:\/\/uniwersytetotwarty.us.edu.pl\/centrum-dydaktyki\/wp-content\/uploads\/sites\/9\/2023\/10\/Dariusz-Olesinski-002-2048x2036.jpg 2048w\" sizes=\"(max-width: 300px) 100vw, 300px\" \/>\t\t\t\t\t\t\t\t\t\t\t\t\t\t\t<\/div>\n\t\t\t\t<\/div>\n\t\t\t\t\t<\/div>\n\t\t<\/div>\n\t\t\t\t<div class=\"elementor-column elementor-col-50 elementor-top-column elementor-element elementor-element-6171030\" data-id=\"6171030\" data-element_type=\"column\" data-e-type=\"column\">\n\t\t\t<div class=\"elementor-widget-wrap elementor-element-populated\">\n\t\t\t\t\t\t<div class=\"elementor-element elementor-element-9d876c5 elementor-widget elementor-widget-text-editor\" data-id=\"9d876c5\" data-element_type=\"widget\" data-e-type=\"widget\" data-widget_type=\"text-editor.default\">\n\t\t\t\t<div class=\"elementor-widget-container\">\n\t\t\t\t\t\t\t\t\t<p>Adiunkt w Instytucie Filozofii na Wydziale Humanistycznym Uniwersytetu \u015al\u0105skiego w Katowicach; absolwent Szko\u0142y Tutor\u00f3w Akademickich organizowanej przez Collegium Wratislaviense \u2013 akredytowany praktyk tutoringu, tutor w ramach Indywidualnych Studi\u00f3w Mi\u0119dzyobszarowych Uniwersytetu \u015al\u0105skiego w Katowicach. Wsp\u00f3\u0142prowadz\u0105cy szkolenia\u00a0 dla kadry akademickiej U\u015a\u00a0 dotycz\u0105ce edukacji spersonalizowanej i tutoringu.<\/p>\t\t\t\t\t\t\t\t<\/div>\n\t\t\t\t<\/div>\n\t\t\t\t\t<\/div>\n\t\t<\/div>\n\t\t\t\t\t<\/div>\n\t\t<\/section>\n\t\t\t\t<\/div>\n\t\t","protected":false},"excerpt":{"rendered":"<p>Adiunkt w Instytucie Filozofii na Wydziale Humanistycznym Uniwersytetu \u015al\u0105skiego w Katowicach; absolwent Szko\u0142y Tutor\u00f3w Akademickich organizowanej przez Collegium Wratislaviense \u2013 akredytowany praktyk tutoringu, tutor w ramach Indywidualnych Studi\u00f3w Mi\u0119dzyobszarowych Uniwersytetu \u015al\u0105skiego w Katowicach. Wsp\u00f3\u0142prowadz\u0105cy szkolenia\u00a0 dla kadry akademickiej U\u015a\u00a0 dotycz\u0105ce edukacji spersonalizowanej i tutoringu.<\/p>\n","protected":false},"author":5,"featured_media":266,"comment_status":"closed","ping_status":"open","sticky":false,"template":"","format":"standard","meta":{"footnotes":""},"categories":[30],"tags":[],"class_list":["post-265","post","type-post","status-publish","format-standard","has-post-thumbnail","hentry","category-zespol"],"yoast_head":"<!-- This site is optimized with the Yoast SEO plugin v27.4 - https:\/\/yoast.com\/product\/yoast-seo-wordpress\/ -->\n<title>dr Dariusz Olesi\u0144ski - Centrum Dydaktyki<\/title>\n<meta name=\"robots\" content=\"index, follow, max-snippet:-1, max-image-preview:large, max-video-preview:-1\" \/>\n<link rel=\"canonical\" href=\"https:\/\/uniwersytetotwarty.us.edu.pl\/centrum-dydaktyki\/dr-dariusz-olesinski\/\" \/>\n<meta property=\"og:locale\" content=\"pl_PL\" \/>\n<meta property=\"og:type\" content=\"article\" \/>\n<meta property=\"og:title\" content=\"dr Dariusz Olesi\u0144ski - Centrum Dydaktyki\" \/>\n<meta property=\"og:description\" content=\"Adiunkt w Instytucie Filozofii na Wydziale Humanistycznym Uniwersytetu \u015al\u0105skiego w Katowicach; absolwent Szko\u0142y Tutor\u00f3w Akademickich organizowanej przez Collegium Wratislaviense \u2013 akredytowany praktyk tutoringu, tutor w ramach Indywidualnych Studi\u00f3w Mi\u0119dzyobszarowych Uniwersytetu \u015al\u0105skiego w Katowicach. Wsp\u00f3\u0142prowadz\u0105cy szkolenia\u00a0 dla kadry akademickiej U\u015a\u00a0 dotycz\u0105ce edukacji spersonalizowanej i tutoringu.\" \/>\n<meta property=\"og:url\" content=\"https:\/\/uniwersytetotwarty.us.edu.pl\/centrum-dydaktyki\/dr-dariusz-olesinski\/\" \/>\n<meta property=\"og:site_name\" content=\"Centrum Dydaktyki\" \/>\n<meta property=\"article:published_time\" content=\"2023-10-30T11:57:01+00:00\" \/>\n<meta property=\"article:modified_time\" content=\"2023-11-20T08:44:41+00:00\" \/>\n<meta property=\"og:image\" content=\"https:\/\/uniwersytetotwarty.us.edu.pl\/centrum-dydaktyki\/wp-content\/uploads\/sites\/9\/2023\/10\/Dariusz-Olesinski-002.jpg\" \/>\n\t<meta property=\"og:image:width\" content=\"2531\" \/>\n\t<meta property=\"og:image:height\" content=\"2516\" \/>\n\t<meta property=\"og:image:type\" content=\"image\/jpeg\" \/>\n<meta name=\"author\" content=\"istaszewska\" \/>\n<meta name=\"twitter:card\" content=\"summary_large_image\" \/>\n<meta name=\"twitter:label1\" content=\"Napisane przez\" \/>\n\t<meta name=\"twitter:data1\" content=\"istaszewska\" \/>\n\t<meta name=\"twitter:label2\" content=\"Szacowany czas czytania\" \/>\n\t<meta name=\"twitter:data2\" content=\"1 minuta\" \/>\n<script type=\"application\/ld+json\" class=\"yoast-schema-graph\">{\"@context\":\"https:\\\/\\\/schema.org\",\"@graph\":[{\"@type\":\"Article\",\"@id\":\"https:\\\/\\\/uniwersytetotwarty.us.edu.pl\\\/centrum-dydaktyki\\\/dr-dariusz-olesinski\\\/#article\",\"isPartOf\":{\"@id\":\"https:\\\/\\\/uniwersytetotwarty.us.edu.pl\\\/centrum-dydaktyki\\\/dr-dariusz-olesinski\\\/\"},\"author\":{\"name\":\"istaszewska\",\"@id\":\"https:\\\/\\\/uniwersytetotwarty.us.edu.pl\\\/centrum-dydaktyki\\\/#\\\/schema\\\/person\\\/c5e7946e4a8419229b7a1e69461cafeb\"},\"headline\":\"dr Dariusz Olesi\u0144ski\",\"datePublished\":\"2023-10-30T11:57:01+00:00\",\"dateModified\":\"2023-11-20T08:44:41+00:00\",\"mainEntityOfPage\":{\"@id\":\"https:\\\/\\\/uniwersytetotwarty.us.edu.pl\\\/centrum-dydaktyki\\\/dr-dariusz-olesinski\\\/\"},\"wordCount\":56,\"publisher\":{\"@id\":\"https:\\\/\\\/uniwersytetotwarty.us.edu.pl\\\/centrum-dydaktyki\\\/#organization\"},\"image\":{\"@id\":\"https:\\\/\\\/uniwersytetotwarty.us.edu.pl\\\/centrum-dydaktyki\\\/dr-dariusz-olesinski\\\/#primaryimage\"},\"thumbnailUrl\":\"https:\\\/\\\/uniwersytetotwarty.us.edu.pl\\\/centrum-dydaktyki\\\/wp-content\\\/uploads\\\/sites\\\/9\\\/2023\\\/10\\\/Dariusz-Olesinski-002.jpg\",\"articleSection\":[\"zespol\"],\"inLanguage\":\"pl-PL\"},{\"@type\":\"WebPage\",\"@id\":\"https:\\\/\\\/uniwersytetotwarty.us.edu.pl\\\/centrum-dydaktyki\\\/dr-dariusz-olesinski\\\/\",\"url\":\"https:\\\/\\\/uniwersytetotwarty.us.edu.pl\\\/centrum-dydaktyki\\\/dr-dariusz-olesinski\\\/\",\"name\":\"dr Dariusz Olesi\u0144ski - Centrum Dydaktyki\",\"isPartOf\":{\"@id\":\"https:\\\/\\\/uniwersytetotwarty.us.edu.pl\\\/centrum-dydaktyki\\\/#website\"},\"primaryImageOfPage\":{\"@id\":\"https:\\\/\\\/uniwersytetotwarty.us.edu.pl\\\/centrum-dydaktyki\\\/dr-dariusz-olesinski\\\/#primaryimage\"},\"image\":{\"@id\":\"https:\\\/\\\/uniwersytetotwarty.us.edu.pl\\\/centrum-dydaktyki\\\/dr-dariusz-olesinski\\\/#primaryimage\"},\"thumbnailUrl\":\"https:\\\/\\\/uniwersytetotwarty.us.edu.pl\\\/centrum-dydaktyki\\\/wp-content\\\/uploads\\\/sites\\\/9\\\/2023\\\/10\\\/Dariusz-Olesinski-002.jpg\",\"datePublished\":\"2023-10-30T11:57:01+00:00\",\"dateModified\":\"2023-11-20T08:44:41+00:00\",\"breadcrumb\":{\"@id\":\"https:\\\/\\\/uniwersytetotwarty.us.edu.pl\\\/centrum-dydaktyki\\\/dr-dariusz-olesinski\\\/#breadcrumb\"},\"inLanguage\":\"pl-PL\",\"potentialAction\":[{\"@type\":\"ReadAction\",\"target\":[\"https:\\\/\\\/uniwersytetotwarty.us.edu.pl\\\/centrum-dydaktyki\\\/dr-dariusz-olesinski\\\/\"]}]},{\"@type\":\"ImageObject\",\"inLanguage\":\"pl-PL\",\"@id\":\"https:\\\/\\\/uniwersytetotwarty.us.edu.pl\\\/centrum-dydaktyki\\\/dr-dariusz-olesinski\\\/#primaryimage\",\"url\":\"https:\\\/\\\/uniwersytetotwarty.us.edu.pl\\\/centrum-dydaktyki\\\/wp-content\\\/uploads\\\/sites\\\/9\\\/2023\\\/10\\\/Dariusz-Olesinski-002.jpg\",\"contentUrl\":\"https:\\\/\\\/uniwersytetotwarty.us.edu.pl\\\/centrum-dydaktyki\\\/wp-content\\\/uploads\\\/sites\\\/9\\\/2023\\\/10\\\/Dariusz-Olesinski-002.jpg\",\"width\":2531,\"height\":2516,\"caption\":\"dr Dariusz Olesi\u0144ski\"},{\"@type\":\"BreadcrumbList\",\"@id\":\"https:\\\/\\\/uniwersytetotwarty.us.edu.pl\\\/centrum-dydaktyki\\\/dr-dariusz-olesinski\\\/#breadcrumb\",\"itemListElement\":[{\"@type\":\"ListItem\",\"position\":1,\"name\":\"Centrum Dydaktyki\",\"item\":\"https:\\\/\\\/uniwersytetotwarty.us.edu.pl\\\/centrum-dydaktyki\\\/\"},{\"@type\":\"ListItem\",\"position\":2,\"name\":\"dr Dariusz Olesi\u0144ski\"}]},{\"@type\":\"WebSite\",\"@id\":\"https:\\\/\\\/uniwersytetotwarty.us.edu.pl\\\/centrum-dydaktyki\\\/#website\",\"url\":\"https:\\\/\\\/uniwersytetotwarty.us.edu.pl\\\/centrum-dydaktyki\\\/\",\"name\":\"Centrum Dydaktyki\",\"description\":\"\",\"publisher\":{\"@id\":\"https:\\\/\\\/uniwersytetotwarty.us.edu.pl\\\/centrum-dydaktyki\\\/#organization\"},\"potentialAction\":[{\"@type\":\"SearchAction\",\"target\":{\"@type\":\"EntryPoint\",\"urlTemplate\":\"https:\\\/\\\/uniwersytetotwarty.us.edu.pl\\\/centrum-dydaktyki\\\/?s={search_term_string}\"},\"query-input\":{\"@type\":\"PropertyValueSpecification\",\"valueRequired\":true,\"valueName\":\"search_term_string\"}}],\"inLanguage\":\"pl-PL\"},{\"@type\":\"Organization\",\"@id\":\"https:\\\/\\\/uniwersytetotwarty.us.edu.pl\\\/centrum-dydaktyki\\\/#organization\",\"name\":\"Uniwersytet \u015al\u0105ski\",\"url\":\"https:\\\/\\\/uniwersytetotwarty.us.edu.pl\\\/centrum-dydaktyki\\\/\",\"logo\":{\"@type\":\"ImageObject\",\"inLanguage\":\"pl-PL\",\"@id\":\"https:\\\/\\\/uniwersytetotwarty.us.edu.pl\\\/centrum-dydaktyki\\\/#\\\/schema\\\/logo\\\/image\\\/\",\"url\":\"https:\\\/\\\/uniwersytetotwarty.us.edu.pl\\\/centrum-dydaktyki\\\/wp-content\\\/uploads\\\/sites\\\/9\\\/2023\\\/10\\\/logo-1.svg\",\"contentUrl\":\"https:\\\/\\\/uniwersytetotwarty.us.edu.pl\\\/centrum-dydaktyki\\\/wp-content\\\/uploads\\\/sites\\\/9\\\/2023\\\/10\\\/logo-1.svg\",\"width\":414,\"height\":71,\"caption\":\"Uniwersytet \u015al\u0105ski\"},\"image\":{\"@id\":\"https:\\\/\\\/uniwersytetotwarty.us.edu.pl\\\/centrum-dydaktyki\\\/#\\\/schema\\\/logo\\\/image\\\/\"}},{\"@type\":\"Person\",\"@id\":\"https:\\\/\\\/uniwersytetotwarty.us.edu.pl\\\/centrum-dydaktyki\\\/#\\\/schema\\\/person\\\/c5e7946e4a8419229b7a1e69461cafeb\",\"name\":\"istaszewska\",\"image\":{\"@type\":\"ImageObject\",\"inLanguage\":\"pl-PL\",\"@id\":\"https:\\\/\\\/secure.gravatar.com\\\/avatar\\\/0712e25cd3a7928a09f649a8de394693c402992b797c5082946ae4d96cf08771?s=96&d=mm&r=g\",\"url\":\"https:\\\/\\\/secure.gravatar.com\\\/avatar\\\/0712e25cd3a7928a09f649a8de394693c402992b797c5082946ae4d96cf08771?s=96&d=mm&r=g\",\"contentUrl\":\"https:\\\/\\\/secure.gravatar.com\\\/avatar\\\/0712e25cd3a7928a09f649a8de394693c402992b797c5082946ae4d96cf08771?s=96&d=mm&r=g\",\"caption\":\"istaszewska\"},\"url\":\"https:\\\/\\\/uniwersytetotwarty.us.edu.pl\\\/centrum-dydaktyki\\\/author\\\/istaszewska\\\/\"}]}<\/script>\n<!-- \/ Yoast SEO plugin. -->","yoast_head_json":{"title":"dr Dariusz Olesi\u0144ski - Centrum Dydaktyki","robots":{"index":"index","follow":"follow","max-snippet":"max-snippet:-1","max-image-preview":"max-image-preview:large","max-video-preview":"max-video-preview:-1"},"canonical":"https:\/\/uniwersytetotwarty.us.edu.pl\/centrum-dydaktyki\/dr-dariusz-olesinski\/","og_locale":"pl_PL","og_type":"article","og_title":"dr Dariusz Olesi\u0144ski - Centrum Dydaktyki","og_description":"Adiunkt w Instytucie Filozofii na Wydziale Humanistycznym Uniwersytetu \u015al\u0105skiego w Katowicach; absolwent Szko\u0142y Tutor\u00f3w Akademickich organizowanej przez Collegium Wratislaviense \u2013 akredytowany praktyk tutoringu, tutor w ramach Indywidualnych Studi\u00f3w Mi\u0119dzyobszarowych Uniwersytetu \u015al\u0105skiego w Katowicach. Wsp\u00f3\u0142prowadz\u0105cy szkolenia\u00a0 dla kadry akademickiej U\u015a\u00a0 dotycz\u0105ce edukacji spersonalizowanej i tutoringu.","og_url":"https:\/\/uniwersytetotwarty.us.edu.pl\/centrum-dydaktyki\/dr-dariusz-olesinski\/","og_site_name":"Centrum Dydaktyki","article_published_time":"2023-10-30T11:57:01+00:00","article_modified_time":"2023-11-20T08:44:41+00:00","og_image":[{"width":2531,"height":2516,"url":"https:\/\/uniwersytetotwarty.us.edu.pl\/centrum-dydaktyki\/wp-content\/uploads\/sites\/9\/2023\/10\/Dariusz-Olesinski-002.jpg","type":"image\/jpeg"}],"author":"istaszewska","twitter_card":"summary_large_image","twitter_misc":{"Napisane przez":"istaszewska","Szacowany czas czytania":"1 minuta"},"schema":{"@context":"https:\/\/schema.org","@graph":[{"@type":"Article","@id":"https:\/\/uniwersytetotwarty.us.edu.pl\/centrum-dydaktyki\/dr-dariusz-olesinski\/#article","isPartOf":{"@id":"https:\/\/uniwersytetotwarty.us.edu.pl\/centrum-dydaktyki\/dr-dariusz-olesinski\/"},"author":{"name":"istaszewska","@id":"https:\/\/uniwersytetotwarty.us.edu.pl\/centrum-dydaktyki\/#\/schema\/person\/c5e7946e4a8419229b7a1e69461cafeb"},"headline":"dr Dariusz Olesi\u0144ski","datePublished":"2023-10-30T11:57:01+00:00","dateModified":"2023-11-20T08:44:41+00:00","mainEntityOfPage":{"@id":"https:\/\/uniwersytetotwarty.us.edu.pl\/centrum-dydaktyki\/dr-dariusz-olesinski\/"},"wordCount":56,"publisher":{"@id":"https:\/\/uniwersytetotwarty.us.edu.pl\/centrum-dydaktyki\/#organization"},"image":{"@id":"https:\/\/uniwersytetotwarty.us.edu.pl\/centrum-dydaktyki\/dr-dariusz-olesinski\/#primaryimage"},"thumbnailUrl":"https:\/\/uniwersytetotwarty.us.edu.pl\/centrum-dydaktyki\/wp-content\/uploads\/sites\/9\/2023\/10\/Dariusz-Olesinski-002.jpg","articleSection":["zespol"],"inLanguage":"pl-PL"},{"@type":"WebPage","@id":"https:\/\/uniwersytetotwarty.us.edu.pl\/centrum-dydaktyki\/dr-dariusz-olesinski\/","url":"https:\/\/uniwersytetotwarty.us.edu.pl\/centrum-dydaktyki\/dr-dariusz-olesinski\/","name":"dr Dariusz Olesi\u0144ski - Centrum Dydaktyki","isPartOf":{"@id":"https:\/\/uniwersytetotwarty.us.edu.pl\/centrum-dydaktyki\/#website"},"primaryImageOfPage":{"@id":"https:\/\/uniwersytetotwarty.us.edu.pl\/centrum-dydaktyki\/dr-dariusz-olesinski\/#primaryimage"},"image":{"@id":"https:\/\/uniwersytetotwarty.us.edu.pl\/centrum-dydaktyki\/dr-dariusz-olesinski\/#primaryimage"},"thumbnailUrl":"https:\/\/uniwersytetotwarty.us.edu.pl\/centrum-dydaktyki\/wp-content\/uploads\/sites\/9\/2023\/10\/Dariusz-Olesinski-002.jpg","datePublished":"2023-10-30T11:57:01+00:00","dateModified":"2023-11-20T08:44:41+00:00","breadcrumb":{"@id":"https:\/\/uniwersytetotwarty.us.edu.pl\/centrum-dydaktyki\/dr-dariusz-olesinski\/#breadcrumb"},"inLanguage":"pl-PL","potentialAction":[{"@type":"ReadAction","target":["https:\/\/uniwersytetotwarty.us.edu.pl\/centrum-dydaktyki\/dr-dariusz-olesinski\/"]}]},{"@type":"ImageObject","inLanguage":"pl-PL","@id":"https:\/\/uniwersytetotwarty.us.edu.pl\/centrum-dydaktyki\/dr-dariusz-olesinski\/#primaryimage","url":"https:\/\/uniwersytetotwarty.us.edu.pl\/centrum-dydaktyki\/wp-content\/uploads\/sites\/9\/2023\/10\/Dariusz-Olesinski-002.jpg","contentUrl":"https:\/\/uniwersytetotwarty.us.edu.pl\/centrum-dydaktyki\/wp-content\/uploads\/sites\/9\/2023\/10\/Dariusz-Olesinski-002.jpg","width":2531,"height":2516,"caption":"dr Dariusz Olesi\u0144ski"},{"@type":"BreadcrumbList","@id":"https:\/\/uniwersytetotwarty.us.edu.pl\/centrum-dydaktyki\/dr-dariusz-olesinski\/#breadcrumb","itemListElement":[{"@type":"ListItem","position":1,"name":"Centrum Dydaktyki","item":"https:\/\/uniwersytetotwarty.us.edu.pl\/centrum-dydaktyki\/"},{"@type":"ListItem","position":2,"name":"dr Dariusz Olesi\u0144ski"}]},{"@type":"WebSite","@id":"https:\/\/uniwersytetotwarty.us.edu.pl\/centrum-dydaktyki\/#website","url":"https:\/\/uniwersytetotwarty.us.edu.pl\/centrum-dydaktyki\/","name":"Centrum Dydaktyki","description":"","publisher":{"@id":"https:\/\/uniwersytetotwarty.us.edu.pl\/centrum-dydaktyki\/#organization"},"potentialAction":[{"@type":"SearchAction","target":{"@type":"EntryPoint","urlTemplate":"https:\/\/uniwersytetotwarty.us.edu.pl\/centrum-dydaktyki\/?s={search_term_string}"},"query-input":{"@type":"PropertyValueSpecification","valueRequired":true,"valueName":"search_term_string"}}],"inLanguage":"pl-PL"},{"@type":"Organization","@id":"https:\/\/uniwersytetotwarty.us.edu.pl\/centrum-dydaktyki\/#organization","name":"Uniwersytet \u015al\u0105ski","url":"https:\/\/uniwersytetotwarty.us.edu.pl\/centrum-dydaktyki\/","logo":{"@type":"ImageObject","inLanguage":"pl-PL","@id":"https:\/\/uniwersytetotwarty.us.edu.pl\/centrum-dydaktyki\/#\/schema\/logo\/image\/","url":"https:\/\/uniwersytetotwarty.us.edu.pl\/centrum-dydaktyki\/wp-content\/uploads\/sites\/9\/2023\/10\/logo-1.svg","contentUrl":"https:\/\/uniwersytetotwarty.us.edu.pl\/centrum-dydaktyki\/wp-content\/uploads\/sites\/9\/2023\/10\/logo-1.svg","width":414,"height":71,"caption":"Uniwersytet \u015al\u0105ski"},"image":{"@id":"https:\/\/uniwersytetotwarty.us.edu.pl\/centrum-dydaktyki\/#\/schema\/logo\/image\/"}},{"@type":"Person","@id":"https:\/\/uniwersytetotwarty.us.edu.pl\/centrum-dydaktyki\/#\/schema\/person\/c5e7946e4a8419229b7a1e69461cafeb","name":"istaszewska","image":{"@type":"ImageObject","inLanguage":"pl-PL","@id":"https:\/\/secure.gravatar.com\/avatar\/0712e25cd3a7928a09f649a8de394693c402992b797c5082946ae4d96cf08771?s=96&d=mm&r=g","url":"https:\/\/secure.gravatar.com\/avatar\/0712e25cd3a7928a09f649a8de394693c402992b797c5082946ae4d96cf08771?s=96&d=mm&r=g","contentUrl":"https:\/\/secure.gravatar.com\/avatar\/0712e25cd3a7928a09f649a8de394693c402992b797c5082946ae4d96cf08771?s=96&d=mm&r=g","caption":"istaszewska"},"url":"https:\/\/uniwersytetotwarty.us.edu.pl\/centrum-dydaktyki\/author\/istaszewska\/"}]}},"_links":{"self":[{"href":"https:\/\/uniwersytetotwarty.us.edu.pl\/centrum-dydaktyki\/wp-json\/wp\/v2\/posts\/265","targetHints":{"allow":["GET"]}}],"collection":[{"href":"https:\/\/uniwersytetotwarty.us.edu.pl\/centrum-dydaktyki\/wp-json\/wp\/v2\/posts"}],"about":[{"href":"https:\/\/uniwersytetotwarty.us.edu.pl\/centrum-dydaktyki\/wp-json\/wp\/v2\/types\/post"}],"author":[{"embeddable":true,"href":"https:\/\/uniwersytetotwarty.us.edu.pl\/centrum-dydaktyki\/wp-json\/wp\/v2\/users\/5"}],"replies":[{"embeddable":true,"href":"https:\/\/uniwersytetotwarty.us.edu.pl\/centrum-dydaktyki\/wp-json\/wp\/v2\/comments?post=265"}],"version-history":[{"count":4,"href":"https:\/\/uniwersytetotwarty.us.edu.pl\/centrum-dydaktyki\/wp-json\/wp\/v2\/posts\/265\/revisions"}],"predecessor-version":[{"id":348,"href":"https:\/\/uniwersytetotwarty.us.edu.pl\/centrum-dydaktyki\/wp-json\/wp\/v2\/posts\/265\/revisions\/348"}],"wp:featuredmedia":[{"embeddable":true,"href":"https:\/\/uniwersytetotwarty.us.edu.pl\/centrum-dydaktyki\/wp-json\/wp\/v2\/media\/266"}],"wp:attachment":[{"href":"https:\/\/uniwersytetotwarty.us.edu.pl\/centrum-dydaktyki\/wp-json\/wp\/v2\/media?parent=265"}],"wp:term":[{"taxonomy":"category","embeddable":true,"href":"https:\/\/uniwersytetotwarty.us.edu.pl\/centrum-dydaktyki\/wp-json\/wp\/v2\/categories?post=265"},{"taxonomy":"post_tag","embeddable":true,"href":"https:\/\/uniwersytetotwarty.us.edu.pl\/centrum-dydaktyki\/wp-json\/wp\/v2\/tags?post=265"}],"curies":[{"name":"wp","href":"https:\/\/api.w.org\/{rel}","templated":true}]}}