{"id":252,"date":"2023-10-30T12:49:27","date_gmt":"2023-10-30T11:49:27","guid":{"rendered":"https:\/\/uniwersytetotwarty.us.edu.pl\/centrum-dydaktyki\/?p=252"},"modified":"2023-11-20T10:06:14","modified_gmt":"2023-11-20T09:06:14","slug":"dr-hab-tomasz-kubalica-prof-us","status":"publish","type":"post","link":"https:\/\/uniwersytetotwarty.us.edu.pl\/centrum-dydaktyki\/dr-hab-tomasz-kubalica-prof-us\/","title":{"rendered":"dr hab. Tomasz Kubalica, prof. U\u015a"},"content":{"rendered":"\t\t<div data-elementor-type=\"wp-post\" data-elementor-id=\"252\" class=\"elementor elementor-252\" data-elementor-post-type=\"post\">\n\t\t\t\t\t\t<section class=\"elementor-section elementor-top-section elementor-element elementor-element-43d801f elementor-section-boxed elementor-section-height-default elementor-section-height-default\" data-id=\"43d801f\" data-element_type=\"section\" data-e-type=\"section\">\n\t\t\t\t\t\t<div class=\"elementor-container elementor-column-gap-default\">\n\t\t\t\t\t<div class=\"elementor-column elementor-col-50 elementor-top-column elementor-element elementor-element-d5d6dee\" data-id=\"d5d6dee\" data-element_type=\"column\" data-e-type=\"column\">\n\t\t\t<div class=\"elementor-widget-wrap elementor-element-populated\">\n\t\t\t\t\t\t<div class=\"elementor-element elementor-element-9ceb64c elementor-widget elementor-widget-image\" data-id=\"9ceb64c\" data-element_type=\"widget\" data-e-type=\"widget\" data-widget_type=\"image.default\">\n\t\t\t\t<div class=\"elementor-widget-container\">\n\t\t\t\t\t\t\t\t\t\t\t\t\t\t\t<img decoding=\"async\" width=\"217\" height=\"217\" src=\"https:\/\/uniwersytetotwarty.us.edu.pl\/centrum-dydaktyki\/wp-content\/uploads\/sites\/9\/2023\/10\/Tomasz-Kubalica-002.jpg\" class=\"attachment-medium size-medium wp-image-253\" alt=\"zdj\u0119cie Tomasza Kubalicy\" srcset=\"https:\/\/uniwersytetotwarty.us.edu.pl\/centrum-dydaktyki\/wp-content\/uploads\/sites\/9\/2023\/10\/Tomasz-Kubalica-002.jpg 217w, https:\/\/uniwersytetotwarty.us.edu.pl\/centrum-dydaktyki\/wp-content\/uploads\/sites\/9\/2023\/10\/Tomasz-Kubalica-002-150x150.jpg 150w\" sizes=\"(max-width: 217px) 100vw, 217px\" \/>\t\t\t\t\t\t\t\t\t\t\t\t\t\t\t<\/div>\n\t\t\t\t<\/div>\n\t\t\t\t\t<\/div>\n\t\t<\/div>\n\t\t\t\t<div class=\"elementor-column elementor-col-50 elementor-top-column elementor-element elementor-element-7b019b6\" data-id=\"7b019b6\" data-element_type=\"column\" data-e-type=\"column\">\n\t\t\t<div class=\"elementor-widget-wrap elementor-element-populated\">\n\t\t\t\t\t\t<div class=\"elementor-element elementor-element-88a27b7 elementor-widget elementor-widget-text-editor\" data-id=\"88a27b7\" data-element_type=\"widget\" data-e-type=\"widget\" data-widget_type=\"text-editor.default\">\n\t\t\t\t<div class=\"elementor-widget-container\">\n\t\t\t\t\t\t\t\t\t<p>Filozof, tutor i trener tutoringu. Jego prace naukowe i zaj\u0119cia dydaktyczne koncentruj\u0105 si\u0119 na badaniu i rozumieniu warto\u015bci. Jako tutor i trener tutoringu, pomaga rozwija\u0107 umiej\u0119tno\u015bci oraz zdolno\u015bci student\u00f3w i nauczycieli. Pe\u0142ni funkcj\u0119 lidera zespo\u0142u badawczego oraz zast\u0119pcy dyrektora Instytutu Filozofii U\u015a. Prywatnie mi\u0142o\u015bnik ta\u0144ca.<\/p><p>Wi\u0119cej informacji: <a href=\"http:\/\/kubalica.edu.pl\/\">kubalica.edu.pl<\/a><\/p>\t\t\t\t\t\t\t\t<\/div>\n\t\t\t\t<\/div>\n\t\t\t\t\t<\/div>\n\t\t<\/div>\n\t\t\t\t\t<\/div>\n\t\t<\/section>\n\t\t\t\t<\/div>\n\t\t","protected":false},"excerpt":{"rendered":"<p>Filozof, tutor i trener tutoringu. Jego prace naukowe i zaj\u0119cia dydaktyczne koncentruj\u0105 si\u0119 na badaniu i rozumieniu warto\u015bci. Jako tutor i trener tutoringu, pomaga rozwija\u0107 umiej\u0119tno\u015bci oraz zdolno\u015bci student\u00f3w i nauczycieli. Pe\u0142ni funkcj\u0119 lidera zespo\u0142u badawczego oraz zast\u0119pcy dyrektora Instytutu Filozofii U\u015a. Prywatnie mi\u0142o\u015bnik ta\u0144ca. Wi\u0119cej informacji: kubalica.edu.pl<\/p>\n","protected":false},"author":5,"featured_media":253,"comment_status":"closed","ping_status":"open","sticky":false,"template":"","format":"standard","meta":{"footnotes":""},"categories":[30],"tags":[],"class_list":["post-252","post","type-post","status-publish","format-standard","has-post-thumbnail","hentry","category-zespol"],"yoast_head":"<!-- This site is optimized with the Yoast SEO plugin v27.5 - https:\/\/yoast.com\/product\/yoast-seo-wordpress\/ -->\n<title>dr hab. Tomasz Kubalica, prof. U\u015a - Centrum Dydaktyki<\/title>\n<meta name=\"robots\" content=\"index, follow, max-snippet:-1, max-image-preview:large, max-video-preview:-1\" \/>\n<link rel=\"canonical\" href=\"https:\/\/uniwersytetotwarty.us.edu.pl\/centrum-dydaktyki\/dr-hab-tomasz-kubalica-prof-us\/\" \/>\n<meta property=\"og:locale\" content=\"pl_PL\" \/>\n<meta property=\"og:type\" content=\"article\" \/>\n<meta property=\"og:title\" content=\"dr hab. Tomasz Kubalica, prof. U\u015a - Centrum Dydaktyki\" \/>\n<meta property=\"og:description\" content=\"Filozof, tutor i trener tutoringu. Jego prace naukowe i zaj\u0119cia dydaktyczne koncentruj\u0105 si\u0119 na badaniu i rozumieniu warto\u015bci. Jako tutor i trener tutoringu, pomaga rozwija\u0107 umiej\u0119tno\u015bci oraz zdolno\u015bci student\u00f3w i nauczycieli. Pe\u0142ni funkcj\u0119 lidera zespo\u0142u badawczego oraz zast\u0119pcy dyrektora Instytutu Filozofii U\u015a. Prywatnie mi\u0142o\u015bnik ta\u0144ca. Wi\u0119cej informacji: kubalica.edu.pl\" \/>\n<meta property=\"og:url\" content=\"https:\/\/uniwersytetotwarty.us.edu.pl\/centrum-dydaktyki\/dr-hab-tomasz-kubalica-prof-us\/\" \/>\n<meta property=\"og:site_name\" content=\"Centrum Dydaktyki\" \/>\n<meta property=\"article:published_time\" content=\"2023-10-30T11:49:27+00:00\" \/>\n<meta property=\"article:modified_time\" content=\"2023-11-20T09:06:14+00:00\" \/>\n<meta property=\"og:image\" content=\"https:\/\/uniwersytetotwarty.us.edu.pl\/centrum-dydaktyki\/wp-content\/uploads\/sites\/9\/2023\/10\/Tomasz-Kubalica-002.jpg\" \/>\n\t<meta property=\"og:image:width\" content=\"217\" \/>\n\t<meta property=\"og:image:height\" content=\"217\" \/>\n\t<meta property=\"og:image:type\" content=\"image\/jpeg\" \/>\n<meta name=\"author\" content=\"istaszewska\" \/>\n<meta name=\"twitter:card\" content=\"summary_large_image\" \/>\n<meta name=\"twitter:label1\" content=\"Napisane przez\" \/>\n\t<meta name=\"twitter:data1\" content=\"istaszewska\" \/>\n\t<meta name=\"twitter:label2\" content=\"Szacowany czas czytania\" \/>\n\t<meta name=\"twitter:data2\" content=\"1 minuta\" \/>\n<script type=\"application\/ld+json\" class=\"yoast-schema-graph\">{\"@context\":\"https:\\\/\\\/schema.org\",\"@graph\":[{\"@type\":\"Article\",\"@id\":\"https:\\\/\\\/uniwersytetotwarty.us.edu.pl\\\/centrum-dydaktyki\\\/dr-hab-tomasz-kubalica-prof-us\\\/#article\",\"isPartOf\":{\"@id\":\"https:\\\/\\\/uniwersytetotwarty.us.edu.pl\\\/centrum-dydaktyki\\\/dr-hab-tomasz-kubalica-prof-us\\\/\"},\"author\":{\"name\":\"istaszewska\",\"@id\":\"https:\\\/\\\/uniwersytetotwarty.us.edu.pl\\\/centrum-dydaktyki\\\/#\\\/schema\\\/person\\\/c5e7946e4a8419229b7a1e69461cafeb\"},\"headline\":\"dr hab. Tomasz Kubalica, prof. U\u015a\",\"datePublished\":\"2023-10-30T11:49:27+00:00\",\"dateModified\":\"2023-11-20T09:06:14+00:00\",\"mainEntityOfPage\":{\"@id\":\"https:\\\/\\\/uniwersytetotwarty.us.edu.pl\\\/centrum-dydaktyki\\\/dr-hab-tomasz-kubalica-prof-us\\\/\"},\"wordCount\":69,\"publisher\":{\"@id\":\"https:\\\/\\\/uniwersytetotwarty.us.edu.pl\\\/centrum-dydaktyki\\\/#organization\"},\"image\":{\"@id\":\"https:\\\/\\\/uniwersytetotwarty.us.edu.pl\\\/centrum-dydaktyki\\\/dr-hab-tomasz-kubalica-prof-us\\\/#primaryimage\"},\"thumbnailUrl\":\"https:\\\/\\\/uniwersytetotwarty.us.edu.pl\\\/centrum-dydaktyki\\\/wp-content\\\/uploads\\\/sites\\\/9\\\/2023\\\/10\\\/Tomasz-Kubalica-002.jpg\",\"articleSection\":[\"zespol\"],\"inLanguage\":\"pl-PL\"},{\"@type\":\"WebPage\",\"@id\":\"https:\\\/\\\/uniwersytetotwarty.us.edu.pl\\\/centrum-dydaktyki\\\/dr-hab-tomasz-kubalica-prof-us\\\/\",\"url\":\"https:\\\/\\\/uniwersytetotwarty.us.edu.pl\\\/centrum-dydaktyki\\\/dr-hab-tomasz-kubalica-prof-us\\\/\",\"name\":\"dr hab. Tomasz Kubalica, prof. U\u015a - Centrum Dydaktyki\",\"isPartOf\":{\"@id\":\"https:\\\/\\\/uniwersytetotwarty.us.edu.pl\\\/centrum-dydaktyki\\\/#website\"},\"primaryImageOfPage\":{\"@id\":\"https:\\\/\\\/uniwersytetotwarty.us.edu.pl\\\/centrum-dydaktyki\\\/dr-hab-tomasz-kubalica-prof-us\\\/#primaryimage\"},\"image\":{\"@id\":\"https:\\\/\\\/uniwersytetotwarty.us.edu.pl\\\/centrum-dydaktyki\\\/dr-hab-tomasz-kubalica-prof-us\\\/#primaryimage\"},\"thumbnailUrl\":\"https:\\\/\\\/uniwersytetotwarty.us.edu.pl\\\/centrum-dydaktyki\\\/wp-content\\\/uploads\\\/sites\\\/9\\\/2023\\\/10\\\/Tomasz-Kubalica-002.jpg\",\"datePublished\":\"2023-10-30T11:49:27+00:00\",\"dateModified\":\"2023-11-20T09:06:14+00:00\",\"breadcrumb\":{\"@id\":\"https:\\\/\\\/uniwersytetotwarty.us.edu.pl\\\/centrum-dydaktyki\\\/dr-hab-tomasz-kubalica-prof-us\\\/#breadcrumb\"},\"inLanguage\":\"pl-PL\",\"potentialAction\":[{\"@type\":\"ReadAction\",\"target\":[\"https:\\\/\\\/uniwersytetotwarty.us.edu.pl\\\/centrum-dydaktyki\\\/dr-hab-tomasz-kubalica-prof-us\\\/\"]}]},{\"@type\":\"ImageObject\",\"inLanguage\":\"pl-PL\",\"@id\":\"https:\\\/\\\/uniwersytetotwarty.us.edu.pl\\\/centrum-dydaktyki\\\/dr-hab-tomasz-kubalica-prof-us\\\/#primaryimage\",\"url\":\"https:\\\/\\\/uniwersytetotwarty.us.edu.pl\\\/centrum-dydaktyki\\\/wp-content\\\/uploads\\\/sites\\\/9\\\/2023\\\/10\\\/Tomasz-Kubalica-002.jpg\",\"contentUrl\":\"https:\\\/\\\/uniwersytetotwarty.us.edu.pl\\\/centrum-dydaktyki\\\/wp-content\\\/uploads\\\/sites\\\/9\\\/2023\\\/10\\\/Tomasz-Kubalica-002.jpg\",\"width\":217,\"height\":217,\"caption\":\"dr hab. Tomasz Kubalica, prof. U\u015a\"},{\"@type\":\"BreadcrumbList\",\"@id\":\"https:\\\/\\\/uniwersytetotwarty.us.edu.pl\\\/centrum-dydaktyki\\\/dr-hab-tomasz-kubalica-prof-us\\\/#breadcrumb\",\"itemListElement\":[{\"@type\":\"ListItem\",\"position\":1,\"name\":\"Centrum Dydaktyki\",\"item\":\"https:\\\/\\\/uniwersytetotwarty.us.edu.pl\\\/centrum-dydaktyki\\\/\"},{\"@type\":\"ListItem\",\"position\":2,\"name\":\"dr hab. Tomasz Kubalica, prof. U\u015a\"}]},{\"@type\":\"WebSite\",\"@id\":\"https:\\\/\\\/uniwersytetotwarty.us.edu.pl\\\/centrum-dydaktyki\\\/#website\",\"url\":\"https:\\\/\\\/uniwersytetotwarty.us.edu.pl\\\/centrum-dydaktyki\\\/\",\"name\":\"Centrum Dydaktyki\",\"description\":\"\",\"publisher\":{\"@id\":\"https:\\\/\\\/uniwersytetotwarty.us.edu.pl\\\/centrum-dydaktyki\\\/#organization\"},\"potentialAction\":[{\"@type\":\"SearchAction\",\"target\":{\"@type\":\"EntryPoint\",\"urlTemplate\":\"https:\\\/\\\/uniwersytetotwarty.us.edu.pl\\\/centrum-dydaktyki\\\/?s={search_term_string}\"},\"query-input\":{\"@type\":\"PropertyValueSpecification\",\"valueRequired\":true,\"valueName\":\"search_term_string\"}}],\"inLanguage\":\"pl-PL\"},{\"@type\":\"Organization\",\"@id\":\"https:\\\/\\\/uniwersytetotwarty.us.edu.pl\\\/centrum-dydaktyki\\\/#organization\",\"name\":\"Uniwersytet \u015al\u0105ski\",\"url\":\"https:\\\/\\\/uniwersytetotwarty.us.edu.pl\\\/centrum-dydaktyki\\\/\",\"logo\":{\"@type\":\"ImageObject\",\"inLanguage\":\"pl-PL\",\"@id\":\"https:\\\/\\\/uniwersytetotwarty.us.edu.pl\\\/centrum-dydaktyki\\\/#\\\/schema\\\/logo\\\/image\\\/\",\"url\":\"https:\\\/\\\/uniwersytetotwarty.us.edu.pl\\\/centrum-dydaktyki\\\/wp-content\\\/uploads\\\/sites\\\/9\\\/2023\\\/10\\\/logo-1.svg\",\"contentUrl\":\"https:\\\/\\\/uniwersytetotwarty.us.edu.pl\\\/centrum-dydaktyki\\\/wp-content\\\/uploads\\\/sites\\\/9\\\/2023\\\/10\\\/logo-1.svg\",\"width\":414,\"height\":71,\"caption\":\"Uniwersytet \u015al\u0105ski\"},\"image\":{\"@id\":\"https:\\\/\\\/uniwersytetotwarty.us.edu.pl\\\/centrum-dydaktyki\\\/#\\\/schema\\\/logo\\\/image\\\/\"}},{\"@type\":\"Person\",\"@id\":\"https:\\\/\\\/uniwersytetotwarty.us.edu.pl\\\/centrum-dydaktyki\\\/#\\\/schema\\\/person\\\/c5e7946e4a8419229b7a1e69461cafeb\",\"name\":\"istaszewska\",\"image\":{\"@type\":\"ImageObject\",\"inLanguage\":\"pl-PL\",\"@id\":\"https:\\\/\\\/secure.gravatar.com\\\/avatar\\\/0712e25cd3a7928a09f649a8de394693c402992b797c5082946ae4d96cf08771?s=96&d=mm&r=g\",\"url\":\"https:\\\/\\\/secure.gravatar.com\\\/avatar\\\/0712e25cd3a7928a09f649a8de394693c402992b797c5082946ae4d96cf08771?s=96&d=mm&r=g\",\"contentUrl\":\"https:\\\/\\\/secure.gravatar.com\\\/avatar\\\/0712e25cd3a7928a09f649a8de394693c402992b797c5082946ae4d96cf08771?s=96&d=mm&r=g\",\"caption\":\"istaszewska\"},\"url\":\"https:\\\/\\\/uniwersytetotwarty.us.edu.pl\\\/centrum-dydaktyki\\\/author\\\/istaszewska\\\/\"}]}<\/script>\n<!-- \/ Yoast SEO plugin. -->","yoast_head_json":{"title":"dr hab. Tomasz Kubalica, prof. U\u015a - Centrum Dydaktyki","robots":{"index":"index","follow":"follow","max-snippet":"max-snippet:-1","max-image-preview":"max-image-preview:large","max-video-preview":"max-video-preview:-1"},"canonical":"https:\/\/uniwersytetotwarty.us.edu.pl\/centrum-dydaktyki\/dr-hab-tomasz-kubalica-prof-us\/","og_locale":"pl_PL","og_type":"article","og_title":"dr hab. Tomasz Kubalica, prof. U\u015a - Centrum Dydaktyki","og_description":"Filozof, tutor i trener tutoringu. Jego prace naukowe i zaj\u0119cia dydaktyczne koncentruj\u0105 si\u0119 na badaniu i rozumieniu warto\u015bci. Jako tutor i trener tutoringu, pomaga rozwija\u0107 umiej\u0119tno\u015bci oraz zdolno\u015bci student\u00f3w i nauczycieli. Pe\u0142ni funkcj\u0119 lidera zespo\u0142u badawczego oraz zast\u0119pcy dyrektora Instytutu Filozofii U\u015a. Prywatnie mi\u0142o\u015bnik ta\u0144ca. Wi\u0119cej informacji: kubalica.edu.pl","og_url":"https:\/\/uniwersytetotwarty.us.edu.pl\/centrum-dydaktyki\/dr-hab-tomasz-kubalica-prof-us\/","og_site_name":"Centrum Dydaktyki","article_published_time":"2023-10-30T11:49:27+00:00","article_modified_time":"2023-11-20T09:06:14+00:00","og_image":[{"width":217,"height":217,"url":"https:\/\/uniwersytetotwarty.us.edu.pl\/centrum-dydaktyki\/wp-content\/uploads\/sites\/9\/2023\/10\/Tomasz-Kubalica-002.jpg","type":"image\/jpeg"}],"author":"istaszewska","twitter_card":"summary_large_image","twitter_misc":{"Napisane przez":"istaszewska","Szacowany czas czytania":"1 minuta"},"schema":{"@context":"https:\/\/schema.org","@graph":[{"@type":"Article","@id":"https:\/\/uniwersytetotwarty.us.edu.pl\/centrum-dydaktyki\/dr-hab-tomasz-kubalica-prof-us\/#article","isPartOf":{"@id":"https:\/\/uniwersytetotwarty.us.edu.pl\/centrum-dydaktyki\/dr-hab-tomasz-kubalica-prof-us\/"},"author":{"name":"istaszewska","@id":"https:\/\/uniwersytetotwarty.us.edu.pl\/centrum-dydaktyki\/#\/schema\/person\/c5e7946e4a8419229b7a1e69461cafeb"},"headline":"dr hab. Tomasz Kubalica, prof. U\u015a","datePublished":"2023-10-30T11:49:27+00:00","dateModified":"2023-11-20T09:06:14+00:00","mainEntityOfPage":{"@id":"https:\/\/uniwersytetotwarty.us.edu.pl\/centrum-dydaktyki\/dr-hab-tomasz-kubalica-prof-us\/"},"wordCount":69,"publisher":{"@id":"https:\/\/uniwersytetotwarty.us.edu.pl\/centrum-dydaktyki\/#organization"},"image":{"@id":"https:\/\/uniwersytetotwarty.us.edu.pl\/centrum-dydaktyki\/dr-hab-tomasz-kubalica-prof-us\/#primaryimage"},"thumbnailUrl":"https:\/\/uniwersytetotwarty.us.edu.pl\/centrum-dydaktyki\/wp-content\/uploads\/sites\/9\/2023\/10\/Tomasz-Kubalica-002.jpg","articleSection":["zespol"],"inLanguage":"pl-PL"},{"@type":"WebPage","@id":"https:\/\/uniwersytetotwarty.us.edu.pl\/centrum-dydaktyki\/dr-hab-tomasz-kubalica-prof-us\/","url":"https:\/\/uniwersytetotwarty.us.edu.pl\/centrum-dydaktyki\/dr-hab-tomasz-kubalica-prof-us\/","name":"dr hab. Tomasz Kubalica, prof. U\u015a - Centrum Dydaktyki","isPartOf":{"@id":"https:\/\/uniwersytetotwarty.us.edu.pl\/centrum-dydaktyki\/#website"},"primaryImageOfPage":{"@id":"https:\/\/uniwersytetotwarty.us.edu.pl\/centrum-dydaktyki\/dr-hab-tomasz-kubalica-prof-us\/#primaryimage"},"image":{"@id":"https:\/\/uniwersytetotwarty.us.edu.pl\/centrum-dydaktyki\/dr-hab-tomasz-kubalica-prof-us\/#primaryimage"},"thumbnailUrl":"https:\/\/uniwersytetotwarty.us.edu.pl\/centrum-dydaktyki\/wp-content\/uploads\/sites\/9\/2023\/10\/Tomasz-Kubalica-002.jpg","datePublished":"2023-10-30T11:49:27+00:00","dateModified":"2023-11-20T09:06:14+00:00","breadcrumb":{"@id":"https:\/\/uniwersytetotwarty.us.edu.pl\/centrum-dydaktyki\/dr-hab-tomasz-kubalica-prof-us\/#breadcrumb"},"inLanguage":"pl-PL","potentialAction":[{"@type":"ReadAction","target":["https:\/\/uniwersytetotwarty.us.edu.pl\/centrum-dydaktyki\/dr-hab-tomasz-kubalica-prof-us\/"]}]},{"@type":"ImageObject","inLanguage":"pl-PL","@id":"https:\/\/uniwersytetotwarty.us.edu.pl\/centrum-dydaktyki\/dr-hab-tomasz-kubalica-prof-us\/#primaryimage","url":"https:\/\/uniwersytetotwarty.us.edu.pl\/centrum-dydaktyki\/wp-content\/uploads\/sites\/9\/2023\/10\/Tomasz-Kubalica-002.jpg","contentUrl":"https:\/\/uniwersytetotwarty.us.edu.pl\/centrum-dydaktyki\/wp-content\/uploads\/sites\/9\/2023\/10\/Tomasz-Kubalica-002.jpg","width":217,"height":217,"caption":"dr hab. Tomasz Kubalica, prof. U\u015a"},{"@type":"BreadcrumbList","@id":"https:\/\/uniwersytetotwarty.us.edu.pl\/centrum-dydaktyki\/dr-hab-tomasz-kubalica-prof-us\/#breadcrumb","itemListElement":[{"@type":"ListItem","position":1,"name":"Centrum Dydaktyki","item":"https:\/\/uniwersytetotwarty.us.edu.pl\/centrum-dydaktyki\/"},{"@type":"ListItem","position":2,"name":"dr hab. Tomasz Kubalica, prof. U\u015a"}]},{"@type":"WebSite","@id":"https:\/\/uniwersytetotwarty.us.edu.pl\/centrum-dydaktyki\/#website","url":"https:\/\/uniwersytetotwarty.us.edu.pl\/centrum-dydaktyki\/","name":"Centrum Dydaktyki","description":"","publisher":{"@id":"https:\/\/uniwersytetotwarty.us.edu.pl\/centrum-dydaktyki\/#organization"},"potentialAction":[{"@type":"SearchAction","target":{"@type":"EntryPoint","urlTemplate":"https:\/\/uniwersytetotwarty.us.edu.pl\/centrum-dydaktyki\/?s={search_term_string}"},"query-input":{"@type":"PropertyValueSpecification","valueRequired":true,"valueName":"search_term_string"}}],"inLanguage":"pl-PL"},{"@type":"Organization","@id":"https:\/\/uniwersytetotwarty.us.edu.pl\/centrum-dydaktyki\/#organization","name":"Uniwersytet \u015al\u0105ski","url":"https:\/\/uniwersytetotwarty.us.edu.pl\/centrum-dydaktyki\/","logo":{"@type":"ImageObject","inLanguage":"pl-PL","@id":"https:\/\/uniwersytetotwarty.us.edu.pl\/centrum-dydaktyki\/#\/schema\/logo\/image\/","url":"https:\/\/uniwersytetotwarty.us.edu.pl\/centrum-dydaktyki\/wp-content\/uploads\/sites\/9\/2023\/10\/logo-1.svg","contentUrl":"https:\/\/uniwersytetotwarty.us.edu.pl\/centrum-dydaktyki\/wp-content\/uploads\/sites\/9\/2023\/10\/logo-1.svg","width":414,"height":71,"caption":"Uniwersytet \u015al\u0105ski"},"image":{"@id":"https:\/\/uniwersytetotwarty.us.edu.pl\/centrum-dydaktyki\/#\/schema\/logo\/image\/"}},{"@type":"Person","@id":"https:\/\/uniwersytetotwarty.us.edu.pl\/centrum-dydaktyki\/#\/schema\/person\/c5e7946e4a8419229b7a1e69461cafeb","name":"istaszewska","image":{"@type":"ImageObject","inLanguage":"pl-PL","@id":"https:\/\/secure.gravatar.com\/avatar\/0712e25cd3a7928a09f649a8de394693c402992b797c5082946ae4d96cf08771?s=96&d=mm&r=g","url":"https:\/\/secure.gravatar.com\/avatar\/0712e25cd3a7928a09f649a8de394693c402992b797c5082946ae4d96cf08771?s=96&d=mm&r=g","contentUrl":"https:\/\/secure.gravatar.com\/avatar\/0712e25cd3a7928a09f649a8de394693c402992b797c5082946ae4d96cf08771?s=96&d=mm&r=g","caption":"istaszewska"},"url":"https:\/\/uniwersytetotwarty.us.edu.pl\/centrum-dydaktyki\/author\/istaszewska\/"}]}},"_links":{"self":[{"href":"https:\/\/uniwersytetotwarty.us.edu.pl\/centrum-dydaktyki\/wp-json\/wp\/v2\/posts\/252","targetHints":{"allow":["GET"]}}],"collection":[{"href":"https:\/\/uniwersytetotwarty.us.edu.pl\/centrum-dydaktyki\/wp-json\/wp\/v2\/posts"}],"about":[{"href":"https:\/\/uniwersytetotwarty.us.edu.pl\/centrum-dydaktyki\/wp-json\/wp\/v2\/types\/post"}],"author":[{"embeddable":true,"href":"https:\/\/uniwersytetotwarty.us.edu.pl\/centrum-dydaktyki\/wp-json\/wp\/v2\/users\/5"}],"replies":[{"embeddable":true,"href":"https:\/\/uniwersytetotwarty.us.edu.pl\/centrum-dydaktyki\/wp-json\/wp\/v2\/comments?post=252"}],"version-history":[{"count":4,"href":"https:\/\/uniwersytetotwarty.us.edu.pl\/centrum-dydaktyki\/wp-json\/wp\/v2\/posts\/252\/revisions"}],"predecessor-version":[{"id":365,"href":"https:\/\/uniwersytetotwarty.us.edu.pl\/centrum-dydaktyki\/wp-json\/wp\/v2\/posts\/252\/revisions\/365"}],"wp:featuredmedia":[{"embeddable":true,"href":"https:\/\/uniwersytetotwarty.us.edu.pl\/centrum-dydaktyki\/wp-json\/wp\/v2\/media\/253"}],"wp:attachment":[{"href":"https:\/\/uniwersytetotwarty.us.edu.pl\/centrum-dydaktyki\/wp-json\/wp\/v2\/media?parent=252"}],"wp:term":[{"taxonomy":"category","embeddable":true,"href":"https:\/\/uniwersytetotwarty.us.edu.pl\/centrum-dydaktyki\/wp-json\/wp\/v2\/categories?post=252"},{"taxonomy":"post_tag","embeddable":true,"href":"https:\/\/uniwersytetotwarty.us.edu.pl\/centrum-dydaktyki\/wp-json\/wp\/v2\/tags?post=252"}],"curies":[{"name":"wp","href":"https:\/\/api.w.org\/{rel}","templated":true}]}}